{"id":9744,"date":"2022-06-20T16:49:35","date_gmt":"2022-06-20T14:49:35","guid":{"rendered":"https:\/\/svetkamene.eu\/?p=9744"},"modified":"2022-06-24T22:51:07","modified_gmt":"2022-06-24T20:51:07","slug":"antonio-corradini-mistrz-zawoalowanych-postaci-2","status":"publish","type":"post","link":"https:\/\/svetkamene.eu\/index.php\/pl\/2022\/06\/20\/antonio-corradini-mistrz-zawoalowanych-postaci-2\/","title":{"rendered":"ANTONIO CORRADINI \u2013 MISTRZ ZAWOALOWANYCH POSTACI"},"content":{"rendered":"<p><strong>Kontynuuj\u0105c, zacz\u0119ty w poprzednim Kurierze Kamieniarskim w\u0105tek \u201eZnalezione w sieci\u201d, dzi\u015b przedstawiamy tw\u00f3rc\u0119, kt\u00f3ry nie pozwala przej\u015b\u0107 oboj\u0119tnie obok swoich dzie\u0142. Oto wyniki naszego b\u0142\u0105dzenia po&nbsp;niezg\u0142\u0119bionych zasobach Internetu.<\/strong><\/p>\n<p>&nbsp;<\/p>\n<p>Niedawno natrafili\u015bmy na zdj\u0119cie marmurowego popiersia zawoalowanej kobiety. Delikatno\u015b\u0107 i&nbsp;nieprawdopodobny realizm oddania przezroczystej tkaniny zakrywaj\u0105cej twarz by\u0142y poruszaj\u0105ce.<br \/>\nAutorem rze\u017aby zatytu\u0142owanej \u201ePopiersie zakrytej kobiety\u201d (Puritas) jest Antonio Corradini \u2013 wenecki rze\u017abiarz rokoko urodzony w 1668 roku we w\u0142oskim Ester. Tw\u00f3rczo\u015b\u0107 rozpocz\u0105\u0142 ju\u017c w wieku 14 -15 lat. Du\u017co podr\u00f3\u017cowa\u0142. Pocz\u0105tkowo sporo czasu sp\u0119dzi\u0142 w Rosji rze\u017abi\u0105c osiemna\u015bcie popiersi i&nbsp;dwie statuetki w letnim ogrodzie cara Piotra Wielkiego w St. Petersburgu. Potem pracowa\u0142 w Niemczech. W po\u0142owie1720 roku powr\u00f3ci\u0142 do rodzinnych W\u0142och. Jednak kolejne zlecenia przysz\u0142y z&nbsp;Cesarstwa Austriackiego, wi\u0119c zamieszka\u0142 w Wiedniu. Po&nbsp;\u015bmierci cesarza Karola VI w 1740 roku utraci\u0142 zlecenia w Austrii i&nbsp;zamieszka\u0142 ponownie we W\u0142oszech (Rzym i&nbsp;Wenecja). Ostatnia przeprowadzka artysty zaprowadzi\u0142a go do Neapolu. Tam pracowa\u0142 nad rze\u017ab\u0105 w kaplicy Sansevero (Capella Sansevero de &#8218;Sangri lub Pietatella ) w centrum Neapolu, na zlecenie Raimondo di Sangro. Niestety tutaj te\u017c zmar\u0142 w 1752 roku przed uko\u0144czeniem dzie\u0142a swojego \u017cycia.<\/p>\n<p>Ciekawy by\u0142 dalszy los tego zlecenia. Corradini zostawi\u0142 wykonane szkice i&nbsp;model rze\u017aby \u201eChrystus jeme\u0144ski pod ca\u0142unem&#8220;. Realizacj\u0119 rze\u017aby powierzono po&nbsp;\u015bmierci Corradiniego innemu w\u0142oskiemu rze\u017abiarzowi \u2013 Giuseppe Sanmartino. W ko\u0144cowej realizacji zinterpretowa\u0142 materia\u0142y Corradiniego po&nbsp;swojemu. Pewnie dlatego to on jest podpisany jako autor dzie\u0142a. Ale nawet obecnie, patrz\u0105c na inne prace Corradiniego, trudno nie zauwa\u017cy\u0107 powa\u017cnego wp\u0142ywu artysty na ko\u0144cow\u0105 realizacj\u0119.<\/p>\n<p>W Neapolu poza prac\u0105 nad \u201eChrystusem jeme\u0144skim pod ca\u0142unem\u201d stworzy\u0142 \u201eZawoalowan\u0105 prawd\u0119\u201d (zwan\u0105 tak\u017ce Skromno\u015b\u0107 lub Chastity) \u2013 niezwyk\u0142y gr\u00f3b-pomnik po\u015bwi\u0119cony Cecilii Gaetani dell&#8217;Aquila d&#8217;Aragona, matce Raimondo de Sangro. Jak napisa\u0142 Bruce Voucher \u2013 krytyk sztuki: \u201eNie jest to praca inspirowana ch\u0119ci\u0105 prezentacji genialnej techniki rze\u017abienia. Twarz os\u0142oni\u0119ta przez najcie\u0144sze welony tworzy intryguj\u0105ce, ale ironiczne napi\u0119cie, by\u0107 mo\u017ce troch\u0119 nie pasuj\u0105ce do pomnika w kaplicy grobowej, ale takie, kt\u00f3re ma zmusi\u0107 umys\u0142 do g\u0142\u0119bszych przemy\u015ble\u0144 i&nbsp;wspomnie\u0144.\u201d Zreszt\u0105 oce\u0144cie sami. Wi\u0119cej prac Corradiniego zaprezentujemy na naszym fanpage\u2019u:\u00a0<a href=\"http:\/\/www.facebook.com\/KurierKamieniarski\">www.facebook.com\/KurierKamieniarski<\/a>.<\/p>\n<p>&nbsp;<\/p>\n<p><img loading=\"lazy\" class=\"aligncenter wp-image-9522 size-full\" src=\"https:\/\/svetkamene.eu\/wp-content\/uploads\/2022\/06\/corr2-1.jpg\" alt=\"\" width=\"640\" height=\"827\" srcset=\"https:\/\/svetkamene.eu\/wp-content\/uploads\/2022\/06\/corr2-1.jpg 640w, https:\/\/svetkamene.eu\/wp-content\/uploads\/2022\/06\/corr2-1-232x300.jpg 232w\" sizes=\"(max-width: 640px) 100vw, 640px\" \/><\/p>\n<p>&nbsp;<\/p>\n<p>&nbsp;<\/p>\n<p>&nbsp;<\/p>\n<p>\u0179r\u00f3d\u0142o: <a href=\"https:\/\/www.kurierkamieniarski.pl\/artykuly\/ludzie-i-miejsca\/429-antonio-corradini.html\">Kurier kamieniarski<\/a><\/p>\n<p><span class=\"auth_inf\">Autor: Kurier Kamieniarski <\/span>\u00a0\u00a0|\u00a0\u00a0\u00a0<span class=\"dat_cont\">Data: czwartek, 05 marca 2015<\/span><\/p>\n<p>&nbsp;<\/p>\n","protected":false},"excerpt":{"rendered":"<p>Kontynuuj\u0105c, zacz\u0119ty w poprzednim Kurierze Kamieniarskim w\u0105tek \u201eZnalezione w sieci\u201d, dzi\u015b przedstawiamy tw\u00f3rc\u0119, kt\u00f3ry nie&#8230;<\/p>\n","protected":false},"author":38,"featured_media":8828,"comment_status":"closed","ping_status":"closed","sticky":false,"template":"","format":"standard","meta":{"ngg_post_thumbnail":0},"categories":[382],"tags":[],"yoast_head":"<!-- This site is optimized with the Yoast SEO plugin v19.1 - https:\/\/yoast.com\/wordpress\/plugins\/seo\/ -->\n<title>ANTONIO CORRADINI \u2013 MISTRZ ZAWOALOWANYCH POSTACI - Sv\u011bt Kamene<\/title>\n<meta name=\"description\" content=\"Pokra\u010dujeme v t\u00e9matu \u201eNa\u0161li jsme na internetu\u201c, kter\u00e9 jsme zah\u00e1jili v p\u0159edchoz\u00edm vyd\u00e1n\u00ed \u010dasopisu Kurier kamieniarski, a dnes v\u00e1m p\u0159edstav\u00edme.\" \/>\n<meta name=\"robots\" content=\"index, follow, max-snippet:-1, max-image-preview:large, max-video-preview:-1\" \/>\n<link rel=\"canonical\" href=\"https:\/\/svetkamene.eu\/index.php\/pl\/2022\/06\/20\/antonio-corradini-mistrz-zawoalowanych-postaci-2\/\" \/>\n<meta property=\"og:locale\" content=\"cs_CZ\" \/>\n<meta property=\"og:type\" content=\"article\" \/>\n<meta property=\"og:title\" content=\"ANTONIO CORRADINI \u2013 MISTRZ ZAWOALOWANYCH POSTACI - Sv\u011bt Kamene\" \/>\n<meta property=\"og:description\" content=\"Pokra\u010dujeme v t\u00e9matu \u201eNa\u0161li jsme na internetu\u201c, kter\u00e9 jsme zah\u00e1jili v p\u0159edchoz\u00edm vyd\u00e1n\u00ed \u010dasopisu Kurier kamieniarski, a dnes v\u00e1m p\u0159edstav\u00edme.\" \/>\n<meta property=\"og:url\" content=\"https:\/\/svetkamene.eu\/index.php\/pl\/2022\/06\/20\/antonio-corradini-mistrz-zawoalowanych-postaci-2\/\" \/>\n<meta property=\"og:site_name\" content=\"Sv\u011bt Kamene\" \/>\n<meta property=\"article:published_time\" content=\"2022-06-20T14:49:35+00:00\" \/>\n<meta property=\"article:modified_time\" content=\"2022-06-24T20:51:07+00:00\" \/>\n<meta property=\"og:image\" content=\"https:\/\/svetkamene.eu\/wp-content\/uploads\/2022\/06\/corr1.jpg\" \/>\n\t<meta property=\"og:image:width\" content=\"640\" \/>\n\t<meta property=\"og:image:height\" content=\"868\" \/>\n\t<meta property=\"og:image:type\" content=\"image\/jpeg\" \/>\n<meta name=\"twitter:card\" content=\"summary_large_image\" \/>\n<meta name=\"twitter:label1\" content=\"Napsal(a)\" \/>\n\t<meta name=\"twitter:data1\" content=\"Angelina Onishchuk\" \/>\n\t<meta name=\"twitter:label2\" content=\"Odhadovan\u00e1 doba \u010dten\u00ed\" \/>\n\t<meta name=\"twitter:data2\" content=\"2 minuty\" \/>\n<script type=\"application\/ld+json\" class=\"yoast-schema-graph\">{\"@context\":\"https:\/\/schema.org\",\"@graph\":[{\"@type\":\"WebSite\",\"@id\":\"https:\/\/svetkamene.eu\/#website\",\"url\":\"https:\/\/svetkamene.eu\/\",\"name\":\"Sv\u011bt Kamene\",\"description\":\"Port\u00e1l informuj\u00edc\u00ed o v\u0161em co souvis\u00ed s kamenem\",\"potentialAction\":[{\"@type\":\"SearchAction\",\"target\":{\"@type\":\"EntryPoint\",\"urlTemplate\":\"https:\/\/svetkamene.eu\/?s={search_term_string}\"},\"query-input\":\"required name=search_term_string\"}],\"inLanguage\":\"cs\"},{\"@type\":\"ImageObject\",\"inLanguage\":\"cs\",\"@id\":\"https:\/\/svetkamene.eu\/index.php\/pl\/2022\/06\/20\/antonio-corradini-mistrz-zawoalowanych-postaci-2\/#primaryimage\",\"url\":\"https:\/\/svetkamene.eu\/wp-content\/uploads\/2022\/06\/corr1.jpg\",\"contentUrl\":\"https:\/\/svetkamene.eu\/wp-content\/uploads\/2022\/06\/corr1.jpg\",\"width\":640,\"height\":868,\"caption\":\"socha z kamene\"},{\"@type\":\"WebPage\",\"@id\":\"https:\/\/svetkamene.eu\/index.php\/pl\/2022\/06\/20\/antonio-corradini-mistrz-zawoalowanych-postaci-2\/#webpage\",\"url\":\"https:\/\/svetkamene.eu\/index.php\/pl\/2022\/06\/20\/antonio-corradini-mistrz-zawoalowanych-postaci-2\/\",\"name\":\"ANTONIO CORRADINI \u2013 MISTRZ ZAWOALOWANYCH POSTACI - Sv\u011bt Kamene\",\"isPartOf\":{\"@id\":\"https:\/\/svetkamene.eu\/#website\"},\"primaryImageOfPage\":{\"@id\":\"https:\/\/svetkamene.eu\/index.php\/pl\/2022\/06\/20\/antonio-corradini-mistrz-zawoalowanych-postaci-2\/#primaryimage\"},\"datePublished\":\"2022-06-20T14:49:35+00:00\",\"dateModified\":\"2022-06-24T20:51:07+00:00\",\"author\":{\"@id\":\"https:\/\/svetkamene.eu\/#\/schema\/person\/463c656516d9b11741af0dbd52ecc969\"},\"description\":\"Pokra\u010dujeme v t\u00e9matu \u201eNa\u0161li jsme na internetu\u201c, kter\u00e9 jsme zah\u00e1jili v p\u0159edchoz\u00edm vyd\u00e1n\u00ed \u010dasopisu Kurier kamieniarski, a dnes v\u00e1m p\u0159edstav\u00edme.\",\"breadcrumb\":{\"@id\":\"https:\/\/svetkamene.eu\/index.php\/pl\/2022\/06\/20\/antonio-corradini-mistrz-zawoalowanych-postaci-2\/#breadcrumb\"},\"inLanguage\":\"cs\",\"potentialAction\":[{\"@type\":\"ReadAction\",\"target\":[\"https:\/\/svetkamene.eu\/index.php\/pl\/2022\/06\/20\/antonio-corradini-mistrz-zawoalowanych-postaci-2\/\"]}]},{\"@type\":\"BreadcrumbList\",\"@id\":\"https:\/\/svetkamene.eu\/index.php\/pl\/2022\/06\/20\/antonio-corradini-mistrz-zawoalowanych-postaci-2\/#breadcrumb\",\"itemListElement\":[{\"@type\":\"ListItem\",\"position\":1,\"name\":\"Dom\u016f\",\"item\":\"https:\/\/svetkamene.eu\/\"},{\"@type\":\"ListItem\",\"position\":2,\"name\":\"ANTONIO CORRADINI \u2013 MISTRZ ZAWOALOWANYCH POSTACI\"}]},{\"@type\":\"Person\",\"@id\":\"https:\/\/svetkamene.eu\/#\/schema\/person\/463c656516d9b11741af0dbd52ecc969\",\"name\":\"Angelina Onishchuk\",\"image\":{\"@type\":\"ImageObject\",\"inLanguage\":\"cs\",\"@id\":\"https:\/\/svetkamene.eu\/#\/schema\/person\/image\/\",\"url\":\"https:\/\/secure.gravatar.com\/avatar\/3db6b23aabcbb0a0874dca9d74266a9f?s=96&d=mm&r=g\",\"contentUrl\":\"https:\/\/secure.gravatar.com\/avatar\/3db6b23aabcbb0a0874dca9d74266a9f?s=96&d=mm&r=g\",\"caption\":\"Angelina Onishchuk\"},\"url\":\"https:\/\/svetkamene.eu\/index.php\/author\/angelina-onishchuk27gmail-com\/\"}]}<\/script>\n<!-- \/ Yoast SEO plugin. -->","yoast_head_json":{"title":"ANTONIO CORRADINI \u2013 MISTRZ ZAWOALOWANYCH POSTACI - Sv\u011bt Kamene","description":"Pokra\u010dujeme v t\u00e9matu \u201eNa\u0161li jsme na internetu\u201c, kter\u00e9 jsme zah\u00e1jili v p\u0159edchoz\u00edm vyd\u00e1n\u00ed \u010dasopisu Kurier kamieniarski, a dnes v\u00e1m p\u0159edstav\u00edme.","robots":{"index":"index","follow":"follow","max-snippet":"max-snippet:-1","max-image-preview":"max-image-preview:large","max-video-preview":"max-video-preview:-1"},"canonical":"https:\/\/svetkamene.eu\/index.php\/pl\/2022\/06\/20\/antonio-corradini-mistrz-zawoalowanych-postaci-2\/","og_locale":"cs_CZ","og_type":"article","og_title":"ANTONIO CORRADINI \u2013 MISTRZ ZAWOALOWANYCH POSTACI - Sv\u011bt Kamene","og_description":"Pokra\u010dujeme v t\u00e9matu \u201eNa\u0161li jsme na internetu\u201c, kter\u00e9 jsme zah\u00e1jili v p\u0159edchoz\u00edm vyd\u00e1n\u00ed \u010dasopisu Kurier kamieniarski, a dnes v\u00e1m p\u0159edstav\u00edme.","og_url":"https:\/\/svetkamene.eu\/index.php\/pl\/2022\/06\/20\/antonio-corradini-mistrz-zawoalowanych-postaci-2\/","og_site_name":"Sv\u011bt Kamene","article_published_time":"2022-06-20T14:49:35+00:00","article_modified_time":"2022-06-24T20:51:07+00:00","og_image":[{"width":640,"height":868,"url":"https:\/\/svetkamene.eu\/wp-content\/uploads\/2022\/06\/corr1.jpg","type":"image\/jpeg"}],"twitter_card":"summary_large_image","twitter_misc":{"Napsal(a)":"Angelina Onishchuk","Odhadovan\u00e1 doba \u010dten\u00ed":"2 minuty"},"schema":{"@context":"https:\/\/schema.org","@graph":[{"@type":"WebSite","@id":"https:\/\/svetkamene.eu\/#website","url":"https:\/\/svetkamene.eu\/","name":"Sv\u011bt Kamene","description":"Port\u00e1l informuj\u00edc\u00ed o v\u0161em co souvis\u00ed s kamenem","potentialAction":[{"@type":"SearchAction","target":{"@type":"EntryPoint","urlTemplate":"https:\/\/svetkamene.eu\/?s={search_term_string}"},"query-input":"required name=search_term_string"}],"inLanguage":"cs"},{"@type":"ImageObject","inLanguage":"cs","@id":"https:\/\/svetkamene.eu\/index.php\/pl\/2022\/06\/20\/antonio-corradini-mistrz-zawoalowanych-postaci-2\/#primaryimage","url":"https:\/\/svetkamene.eu\/wp-content\/uploads\/2022\/06\/corr1.jpg","contentUrl":"https:\/\/svetkamene.eu\/wp-content\/uploads\/2022\/06\/corr1.jpg","width":640,"height":868,"caption":"socha z kamene"},{"@type":"WebPage","@id":"https:\/\/svetkamene.eu\/index.php\/pl\/2022\/06\/20\/antonio-corradini-mistrz-zawoalowanych-postaci-2\/#webpage","url":"https:\/\/svetkamene.eu\/index.php\/pl\/2022\/06\/20\/antonio-corradini-mistrz-zawoalowanych-postaci-2\/","name":"ANTONIO CORRADINI \u2013 MISTRZ ZAWOALOWANYCH POSTACI - Sv\u011bt Kamene","isPartOf":{"@id":"https:\/\/svetkamene.eu\/#website"},"primaryImageOfPage":{"@id":"https:\/\/svetkamene.eu\/index.php\/pl\/2022\/06\/20\/antonio-corradini-mistrz-zawoalowanych-postaci-2\/#primaryimage"},"datePublished":"2022-06-20T14:49:35+00:00","dateModified":"2022-06-24T20:51:07+00:00","author":{"@id":"https:\/\/svetkamene.eu\/#\/schema\/person\/463c656516d9b11741af0dbd52ecc969"},"description":"Pokra\u010dujeme v t\u00e9matu \u201eNa\u0161li jsme na internetu\u201c, kter\u00e9 jsme zah\u00e1jili v p\u0159edchoz\u00edm vyd\u00e1n\u00ed \u010dasopisu Kurier kamieniarski, a dnes v\u00e1m p\u0159edstav\u00edme.","breadcrumb":{"@id":"https:\/\/svetkamene.eu\/index.php\/pl\/2022\/06\/20\/antonio-corradini-mistrz-zawoalowanych-postaci-2\/#breadcrumb"},"inLanguage":"cs","potentialAction":[{"@type":"ReadAction","target":["https:\/\/svetkamene.eu\/index.php\/pl\/2022\/06\/20\/antonio-corradini-mistrz-zawoalowanych-postaci-2\/"]}]},{"@type":"BreadcrumbList","@id":"https:\/\/svetkamene.eu\/index.php\/pl\/2022\/06\/20\/antonio-corradini-mistrz-zawoalowanych-postaci-2\/#breadcrumb","itemListElement":[{"@type":"ListItem","position":1,"name":"Dom\u016f","item":"https:\/\/svetkamene.eu\/"},{"@type":"ListItem","position":2,"name":"ANTONIO CORRADINI \u2013 MISTRZ ZAWOALOWANYCH POSTACI"}]},{"@type":"Person","@id":"https:\/\/svetkamene.eu\/#\/schema\/person\/463c656516d9b11741af0dbd52ecc969","name":"Angelina Onishchuk","image":{"@type":"ImageObject","inLanguage":"cs","@id":"https:\/\/svetkamene.eu\/#\/schema\/person\/image\/","url":"https:\/\/secure.gravatar.com\/avatar\/3db6b23aabcbb0a0874dca9d74266a9f?s=96&d=mm&r=g","contentUrl":"https:\/\/secure.gravatar.com\/avatar\/3db6b23aabcbb0a0874dca9d74266a9f?s=96&d=mm&r=g","caption":"Angelina Onishchuk"},"url":"https:\/\/svetkamene.eu\/index.php\/author\/angelina-onishchuk27gmail-com\/"}]}},"_links":{"self":[{"href":"https:\/\/svetkamene.eu\/index.php\/wp-json\/wp\/v2\/posts\/9744"}],"collection":[{"href":"https:\/\/svetkamene.eu\/index.php\/wp-json\/wp\/v2\/posts"}],"about":[{"href":"https:\/\/svetkamene.eu\/index.php\/wp-json\/wp\/v2\/types\/post"}],"author":[{"embeddable":true,"href":"https:\/\/svetkamene.eu\/index.php\/wp-json\/wp\/v2\/users\/38"}],"replies":[{"embeddable":true,"href":"https:\/\/svetkamene.eu\/index.php\/wp-json\/wp\/v2\/comments?post=9744"}],"version-history":[{"count":2,"href":"https:\/\/svetkamene.eu\/index.php\/wp-json\/wp\/v2\/posts\/9744\/revisions"}],"predecessor-version":[{"id":9751,"href":"https:\/\/svetkamene.eu\/index.php\/wp-json\/wp\/v2\/posts\/9744\/revisions\/9751"}],"wp:featuredmedia":[{"embeddable":true,"href":"https:\/\/svetkamene.eu\/index.php\/wp-json\/wp\/v2\/media\/8828"}],"wp:attachment":[{"href":"https:\/\/svetkamene.eu\/index.php\/wp-json\/wp\/v2\/media?parent=9744"}],"wp:term":[{"taxonomy":"category","embeddable":true,"href":"https:\/\/svetkamene.eu\/index.php\/wp-json\/wp\/v2\/categories?post=9744"},{"taxonomy":"post_tag","embeddable":true,"href":"https:\/\/svetkamene.eu\/index.php\/wp-json\/wp\/v2\/tags?post=9744"}],"curies":[{"name":"wp","href":"https:\/\/api.w.org\/{rel}","templated":true}]}}