{"id":9440,"date":"2022-06-23T16:27:00","date_gmt":"2022-06-23T14:27:00","guid":{"rendered":"https:\/\/svetkamene.eu\/?p=9440"},"modified":"2022-06-23T23:02:07","modified_gmt":"2022-06-23T21:02:07","slug":"der-koenig-steht-in-strzegom","status":"publish","type":"post","link":"https:\/\/svetkamene.eu\/index.php\/de\/2022\/06\/23\/der-koenig-steht-in-strzegom\/","title":{"rendered":"DER K\u00d6NIG STEHT IN STRZEGOM"},"content":{"rendered":"<p><strong>Am 22. Juli 2014 ist es 65 Jahre her, dass die Sigismund-S\u00e4ule auf dem Schlossplatz in Warschau wieder aufgestellt wurde.<\/strong><\/p>\n<p>&nbsp;<\/p>\n<p>Jede Hauptstadt der Welt hat etwas Besonderes. Etwas, das immer wieder auf Postkarten, in Filmen und auf Fotos auftaucht. Wien hat den Stephansdom, Paris den Eiffelturm und Prag die Karlsbr\u00fccke. Und in Warschau gibt es die Sigismund-S\u00e4ule. Wenn wir eine Stadt besuchen, erhalten wir in der Regel eher vage Informationen \u00fcber ihre Geschichte, was im Fall der S\u00e4ule sehr interessant ist.<\/p>\n<p>Die Sigismund-III.-Wasa-S\u00e4ule wurde 1644 von seinem Sohn Wladyslaw IV. Wasa errichtet, um das Andenken an seinen Vater zu ehren, der die Hauptstadt Polens von Krakau nach Warschau verlegt hatte. Der erste Marmormonolith f\u00fcr den Sockel der S\u00e4ule verlie\u00df den Steinbruch von Jerzmaniec nicht einmal &#8211; er zerbrach, bevor er transportiert wurde. Der erste Schaft der 22 Meter hohen S\u00e4ule wurde aus einem einzigen Marmorblock aus Ch\u0119ciny gefertigt, der im Steinbruch von Czerwona G\u00f3ra bei Ch\u0119ciny abgebaut wurde.<\/p>\n<p>Nach mehr als 200 Jahren wurde das Denkmal einer umfassenden Rekonstruktion unterzogen, bei der die Wiener Union-Bau Gesellschaft den Marmor im Schaft der S\u00e4ule durch Granit aus Italien ersetzte. Die S\u00e4ule \u00fcberlebte in dieser Form bis September 1944, als sie von deutschen Soldaten zerst\u00f6rt wurde.<\/p>\n<p>Nach dem Zweiten Weltkrieg, im Jahr 1948, wurde mit einer Sammlung zur Restaurierung des Denkmals begonnen. Nicht nur die Figur des K\u00f6nigs &#8211; die linke Hand, der S\u00e4bel, das Kreuz -, sondern auch der Schaft der S\u00e4ule selbst mussten restauriert werden. Es begann die Suche nach einem Steinbruch, in dem ein so gro\u00dfer Monolith in seiner Gesamtheit &#8211; 11,0 x 1,15 x 1,15&nbsp;m &#8211; abgebaut werden konnte.<\/p>\n<p><img loading=\"lazy\" class=\"alignnone size-full wp-image-9441\" src=\"https:\/\/svetkamene.eu\/wp-content\/uploads\/2022\/06\/krol_na_strzegomiu2-2.jpg\" alt=\"\" width=\"300\" height=\"193\" \/><\/p>\n<p>&nbsp;<\/p>\n<p>Und in Strzegom wurde eine 15 Meter lange Bank gefunden, die dem Querschnitt entspricht. Es war ziemlich schwierig, den Monolithen ohne Schaden abzutrennen. Die Last dieser Aufgabe wurde von der Bausteinfabrik in Grabina getragen. Wie uns Bogus\u0142aw Skolak, ein damaliger Mitarbeiter des Werks, erz\u00e4hlte, verf\u00fcgte das Werk nicht \u00fcber die richtige Ausr\u00fcstung &#8211; Kr\u00e4ne, Lader und der Monolith, der mit Schie\u00dfpulver zerlegt wurde, wog 185 Tonnen! Durch die Bearbeitung dieses Monolithen, die haupts\u00e4chlich von Hand vor Ort erfolgte, konnte sein Gewicht auf etwa 40 Tonnen reduziert werden.<\/p>\n<p><img loading=\"lazy\" class=\"alignnone size-medium wp-image-9445\" src=\"https:\/\/svetkamene.eu\/wp-content\/uploads\/2022\/06\/krol_na_strzegomiu3-2-119x300.jpg\" alt=\"\" width=\"119\" height=\"300\" srcset=\"https:\/\/svetkamene.eu\/wp-content\/uploads\/2022\/06\/krol_na_strzegomiu3-2-119x300.jpg 119w, https:\/\/svetkamene.eu\/wp-content\/uploads\/2022\/06\/krol_na_strzegomiu3-2.jpg 300w\" sizes=\"(max-width: 119px) 100vw, 119px\" \/><\/p>\n<p>&nbsp;<\/p>\n<p>Die n\u00e4chste Herausforderung bestand darin, den Block aus dem Steinbruch zu holen und ihn auf Eisenbahnwaggons zu verladen. Aber auch die Steinschneider von Strzegom haben diese Aufgabe bew\u00e4ltigt. Zusammen mit der S\u00e4ule wurden auch zwei zehn Tonnen schwere Bl\u00f6cke ausgegraben und nach Warschau transportiert, die als Sockel f\u00fcr die S\u00e4ule dienten. Die Ausgrabung, Verarbeitung und der Transport dauerten insgesamt etwa drei Monate. In den folgenden Monaten wurde der Steinblock in der Warschauer Steinwerkstatt des Ingenieurs Julian Fedorowicze in die richtige Form gebracht. Am 22. Juli 1949 kehrte die Kolonne Sigismunds an ihren Platz vor dem K\u00f6niglichen Schloss zur\u00fcck.<\/p>\n<p>Im Jahr 1974 musste die S\u00e4ule aufgrund der Verkleinerung des Schlossplatzes in Warschau um 2 weitere Granitstufen erg\u00e4nzt werden. Diese Arbeit wurde auch vom Steinwerkunternehmen Zak\u0142ady Kamienia Budowlanego durchgef\u00fchrt. Heute scheint es eine einfache Aufgabe zu sein, aber vor 40 Jahren erforderte es ein wenig Aufwand, die Schablone der bestehenden Treppe nachzuzeichnen und die folgenden zu erstellen.<\/p>\n<p>In den 1990er Jahren wurde das Denkmal weiter restauriert, aber der Granitkern der S\u00e4ule musste nicht mehr wesentlich konserviert werden.<\/p>\n<p>&nbsp;<\/p>\n<p>Quelle: <a href=\"https:\/\/www.kurierkamieniarski.pl\/artykuly\/ludzie-i-miejsca\/325-krol-na-strzegomiu-stoi.html\">Kurier kamieniarski<\/a><\/p>\n<p><span class=\"auth_inf\">Autor: Daria Pigulla\u00a0<\/span> \u00a0|\u00a0 Publiziert<span class=\"dat_cont\">: 8.&nbsp;1.&nbsp;2014<\/span><\/p>\n","protected":false},"excerpt":{"rendered":"<p>Am 22. Juli 2014 ist es 65 Jahre her, dass die Sigismund-S\u00e4ule auf dem Schlossplatz&#8230;<\/p>\n","protected":false},"author":13,"featured_media":9030,"comment_status":"closed","ping_status":"closed","sticky":false,"template":"","format":"standard","meta":{"ngg_post_thumbnail":0},"categories":[386],"tags":[],"yoast_head":"<!-- This site is optimized with the Yoast SEO plugin v19.1 - https:\/\/yoast.com\/wordpress\/plugins\/seo\/ -->\n<title>DER K\u00d6NIG STEHT IN STRZEGOM - Sv\u011bt Kamene<\/title>\n<meta name=\"description\" content=\"22. \u010dervence 2014 uplyne 65 let od op\u011btovn\u00e9ho postaven\u00ed sloupu Zikmunda na Z\u00e1meck\u00e9m n\u00e1m\u011bst\u00ed ve Var\u0161av\u011b. Ka\u017ed\u00e9 hlavn\u00ed m\u011bsto na sv\u011bt\u011b.\" \/>\n<meta name=\"robots\" content=\"index, follow, max-snippet:-1, max-image-preview:large, max-video-preview:-1\" \/>\n<link rel=\"canonical\" href=\"https:\/\/svetkamene.eu\/index.php\/de\/2022\/06\/23\/der-koenig-steht-in-strzegom\/\" \/>\n<meta property=\"og:locale\" content=\"cs_CZ\" \/>\n<meta property=\"og:type\" content=\"article\" \/>\n<meta property=\"og:title\" content=\"DER K\u00d6NIG STEHT IN STRZEGOM - Sv\u011bt Kamene\" \/>\n<meta property=\"og:description\" content=\"22. \u010dervence 2014 uplyne 65 let od op\u011btovn\u00e9ho postaven\u00ed sloupu Zikmunda na Z\u00e1meck\u00e9m n\u00e1m\u011bst\u00ed ve Var\u0161av\u011b. Ka\u017ed\u00e9 hlavn\u00ed m\u011bsto na sv\u011bt\u011b.\" \/>\n<meta property=\"og:url\" content=\"https:\/\/svetkamene.eu\/index.php\/de\/2022\/06\/23\/der-koenig-steht-in-strzegom\/\" \/>\n<meta property=\"og:site_name\" content=\"Sv\u011bt Kamene\" \/>\n<meta property=\"article:published_time\" content=\"2022-06-23T14:27:00+00:00\" \/>\n<meta property=\"article:modified_time\" content=\"2022-06-23T21:02:07+00:00\" \/>\n<meta property=\"og:image\" content=\"https:\/\/svetkamene.eu\/wp-content\/uploads\/2022\/06\/krol_na_strzegomiu.jpg\" \/>\n\t<meta property=\"og:image:width\" content=\"640\" \/>\n\t<meta property=\"og:image:height\" content=\"480\" \/>\n\t<meta property=\"og:image:type\" content=\"image\/jpeg\" \/>\n<meta name=\"twitter:card\" content=\"summary_large_image\" \/>\n<meta name=\"twitter:label1\" content=\"Napsal(a)\" \/>\n\t<meta name=\"twitter:data1\" content=\"Kate\u0159ina Markvartov\u00e1\" \/>\n\t<meta name=\"twitter:label2\" content=\"Odhadovan\u00e1 doba \u010dten\u00ed\" \/>\n\t<meta name=\"twitter:data2\" content=\"4 minuty\" \/>\n<script type=\"application\/ld+json\" class=\"yoast-schema-graph\">{\"@context\":\"https:\/\/schema.org\",\"@graph\":[{\"@type\":\"WebSite\",\"@id\":\"https:\/\/svetkamene.eu\/#website\",\"url\":\"https:\/\/svetkamene.eu\/\",\"name\":\"Sv\u011bt Kamene\",\"description\":\"Port\u00e1l informuj\u00edc\u00ed o v\u0161em co souvis\u00ed s kamenem\",\"potentialAction\":[{\"@type\":\"SearchAction\",\"target\":{\"@type\":\"EntryPoint\",\"urlTemplate\":\"https:\/\/svetkamene.eu\/?s={search_term_string}\"},\"query-input\":\"required name=search_term_string\"}],\"inLanguage\":\"cs\"},{\"@type\":\"ImageObject\",\"inLanguage\":\"cs\",\"@id\":\"https:\/\/svetkamene.eu\/index.php\/de\/2022\/06\/23\/der-koenig-steht-in-strzegom\/#primaryimage\",\"url\":\"https:\/\/svetkamene.eu\/wp-content\/uploads\/2022\/06\/krol_na_strzegomiu.jpg\",\"contentUrl\":\"https:\/\/svetkamene.eu\/wp-content\/uploads\/2022\/06\/krol_na_strzegomiu.jpg\",\"width\":640,\"height\":480,\"caption\":\"Socha na n\u00e1m\u011bst\u00ed\"},{\"@type\":\"WebPage\",\"@id\":\"https:\/\/svetkamene.eu\/index.php\/de\/2022\/06\/23\/der-koenig-steht-in-strzegom\/#webpage\",\"url\":\"https:\/\/svetkamene.eu\/index.php\/de\/2022\/06\/23\/der-koenig-steht-in-strzegom\/\",\"name\":\"DER K\u00d6NIG STEHT IN STRZEGOM - Sv\u011bt Kamene\",\"isPartOf\":{\"@id\":\"https:\/\/svetkamene.eu\/#website\"},\"primaryImageOfPage\":{\"@id\":\"https:\/\/svetkamene.eu\/index.php\/de\/2022\/06\/23\/der-koenig-steht-in-strzegom\/#primaryimage\"},\"datePublished\":\"2022-06-23T14:27:00+00:00\",\"dateModified\":\"2022-06-23T21:02:07+00:00\",\"author\":{\"@id\":\"https:\/\/svetkamene.eu\/#\/schema\/person\/9796ccd50eb4bef1ae8524fac2dfbc9a\"},\"description\":\"22. \u010dervence 2014 uplyne 65 let od op\u011btovn\u00e9ho postaven\u00ed sloupu Zikmunda na Z\u00e1meck\u00e9m n\u00e1m\u011bst\u00ed ve Var\u0161av\u011b. Ka\u017ed\u00e9 hlavn\u00ed m\u011bsto na sv\u011bt\u011b.\",\"breadcrumb\":{\"@id\":\"https:\/\/svetkamene.eu\/index.php\/de\/2022\/06\/23\/der-koenig-steht-in-strzegom\/#breadcrumb\"},\"inLanguage\":\"cs\",\"potentialAction\":[{\"@type\":\"ReadAction\",\"target\":[\"https:\/\/svetkamene.eu\/index.php\/de\/2022\/06\/23\/der-koenig-steht-in-strzegom\/\"]}]},{\"@type\":\"BreadcrumbList\",\"@id\":\"https:\/\/svetkamene.eu\/index.php\/de\/2022\/06\/23\/der-koenig-steht-in-strzegom\/#breadcrumb\",\"itemListElement\":[{\"@type\":\"ListItem\",\"position\":1,\"name\":\"Dom\u016f\",\"item\":\"https:\/\/svetkamene.eu\/\"},{\"@type\":\"ListItem\",\"position\":2,\"name\":\"DER K\u00d6NIG STEHT IN STRZEGOM\"}]},{\"@type\":\"Person\",\"@id\":\"https:\/\/svetkamene.eu\/#\/schema\/person\/9796ccd50eb4bef1ae8524fac2dfbc9a\",\"name\":\"Kate\u0159ina Markvartov\u00e1\",\"image\":{\"@type\":\"ImageObject\",\"inLanguage\":\"cs\",\"@id\":\"https:\/\/svetkamene.eu\/#\/schema\/person\/image\/\",\"url\":\"https:\/\/secure.gravatar.com\/avatar\/9c2d86222d8e1ce7b67da7f6ec0761a7?s=96&d=mm&r=g\",\"contentUrl\":\"https:\/\/secure.gravatar.com\/avatar\/9c2d86222d8e1ce7b67da7f6ec0761a7?s=96&d=mm&r=g\",\"caption\":\"Kate\u0159ina Markvartov\u00e1\"},\"url\":\"https:\/\/svetkamene.eu\/index.php\/author\/ka-markvartovagmail-com\/\"}]}<\/script>\n<!-- \/ Yoast SEO plugin. -->","yoast_head_json":{"title":"DER K\u00d6NIG STEHT IN STRZEGOM - Sv\u011bt Kamene","description":"22. \u010dervence 2014 uplyne 65 let od op\u011btovn\u00e9ho postaven\u00ed sloupu Zikmunda na Z\u00e1meck\u00e9m n\u00e1m\u011bst\u00ed ve Var\u0161av\u011b. Ka\u017ed\u00e9 hlavn\u00ed m\u011bsto na sv\u011bt\u011b.","robots":{"index":"index","follow":"follow","max-snippet":"max-snippet:-1","max-image-preview":"max-image-preview:large","max-video-preview":"max-video-preview:-1"},"canonical":"https:\/\/svetkamene.eu\/index.php\/de\/2022\/06\/23\/der-koenig-steht-in-strzegom\/","og_locale":"cs_CZ","og_type":"article","og_title":"DER K\u00d6NIG STEHT IN STRZEGOM - Sv\u011bt Kamene","og_description":"22. \u010dervence 2014 uplyne 65 let od op\u011btovn\u00e9ho postaven\u00ed sloupu Zikmunda na Z\u00e1meck\u00e9m n\u00e1m\u011bst\u00ed ve Var\u0161av\u011b. Ka\u017ed\u00e9 hlavn\u00ed m\u011bsto na sv\u011bt\u011b.","og_url":"https:\/\/svetkamene.eu\/index.php\/de\/2022\/06\/23\/der-koenig-steht-in-strzegom\/","og_site_name":"Sv\u011bt Kamene","article_published_time":"2022-06-23T14:27:00+00:00","article_modified_time":"2022-06-23T21:02:07+00:00","og_image":[{"width":640,"height":480,"url":"https:\/\/svetkamene.eu\/wp-content\/uploads\/2022\/06\/krol_na_strzegomiu.jpg","type":"image\/jpeg"}],"twitter_card":"summary_large_image","twitter_misc":{"Napsal(a)":"Kate\u0159ina Markvartov\u00e1","Odhadovan\u00e1 doba \u010dten\u00ed":"4 minuty"},"schema":{"@context":"https:\/\/schema.org","@graph":[{"@type":"WebSite","@id":"https:\/\/svetkamene.eu\/#website","url":"https:\/\/svetkamene.eu\/","name":"Sv\u011bt Kamene","description":"Port\u00e1l informuj\u00edc\u00ed o v\u0161em co souvis\u00ed s kamenem","potentialAction":[{"@type":"SearchAction","target":{"@type":"EntryPoint","urlTemplate":"https:\/\/svetkamene.eu\/?s={search_term_string}"},"query-input":"required name=search_term_string"}],"inLanguage":"cs"},{"@type":"ImageObject","inLanguage":"cs","@id":"https:\/\/svetkamene.eu\/index.php\/de\/2022\/06\/23\/der-koenig-steht-in-strzegom\/#primaryimage","url":"https:\/\/svetkamene.eu\/wp-content\/uploads\/2022\/06\/krol_na_strzegomiu.jpg","contentUrl":"https:\/\/svetkamene.eu\/wp-content\/uploads\/2022\/06\/krol_na_strzegomiu.jpg","width":640,"height":480,"caption":"Socha na n\u00e1m\u011bst\u00ed"},{"@type":"WebPage","@id":"https:\/\/svetkamene.eu\/index.php\/de\/2022\/06\/23\/der-koenig-steht-in-strzegom\/#webpage","url":"https:\/\/svetkamene.eu\/index.php\/de\/2022\/06\/23\/der-koenig-steht-in-strzegom\/","name":"DER K\u00d6NIG STEHT IN STRZEGOM - Sv\u011bt Kamene","isPartOf":{"@id":"https:\/\/svetkamene.eu\/#website"},"primaryImageOfPage":{"@id":"https:\/\/svetkamene.eu\/index.php\/de\/2022\/06\/23\/der-koenig-steht-in-strzegom\/#primaryimage"},"datePublished":"2022-06-23T14:27:00+00:00","dateModified":"2022-06-23T21:02:07+00:00","author":{"@id":"https:\/\/svetkamene.eu\/#\/schema\/person\/9796ccd50eb4bef1ae8524fac2dfbc9a"},"description":"22. \u010dervence 2014 uplyne 65 let od op\u011btovn\u00e9ho postaven\u00ed sloupu Zikmunda na Z\u00e1meck\u00e9m n\u00e1m\u011bst\u00ed ve Var\u0161av\u011b. Ka\u017ed\u00e9 hlavn\u00ed m\u011bsto na sv\u011bt\u011b.","breadcrumb":{"@id":"https:\/\/svetkamene.eu\/index.php\/de\/2022\/06\/23\/der-koenig-steht-in-strzegom\/#breadcrumb"},"inLanguage":"cs","potentialAction":[{"@type":"ReadAction","target":["https:\/\/svetkamene.eu\/index.php\/de\/2022\/06\/23\/der-koenig-steht-in-strzegom\/"]}]},{"@type":"BreadcrumbList","@id":"https:\/\/svetkamene.eu\/index.php\/de\/2022\/06\/23\/der-koenig-steht-in-strzegom\/#breadcrumb","itemListElement":[{"@type":"ListItem","position":1,"name":"Dom\u016f","item":"https:\/\/svetkamene.eu\/"},{"@type":"ListItem","position":2,"name":"DER K\u00d6NIG STEHT IN STRZEGOM"}]},{"@type":"Person","@id":"https:\/\/svetkamene.eu\/#\/schema\/person\/9796ccd50eb4bef1ae8524fac2dfbc9a","name":"Kate\u0159ina Markvartov\u00e1","image":{"@type":"ImageObject","inLanguage":"cs","@id":"https:\/\/svetkamene.eu\/#\/schema\/person\/image\/","url":"https:\/\/secure.gravatar.com\/avatar\/9c2d86222d8e1ce7b67da7f6ec0761a7?s=96&d=mm&r=g","contentUrl":"https:\/\/secure.gravatar.com\/avatar\/9c2d86222d8e1ce7b67da7f6ec0761a7?s=96&d=mm&r=g","caption":"Kate\u0159ina Markvartov\u00e1"},"url":"https:\/\/svetkamene.eu\/index.php\/author\/ka-markvartovagmail-com\/"}]}},"_links":{"self":[{"href":"https:\/\/svetkamene.eu\/index.php\/wp-json\/wp\/v2\/posts\/9440"}],"collection":[{"href":"https:\/\/svetkamene.eu\/index.php\/wp-json\/wp\/v2\/posts"}],"about":[{"href":"https:\/\/svetkamene.eu\/index.php\/wp-json\/wp\/v2\/types\/post"}],"author":[{"embeddable":true,"href":"https:\/\/svetkamene.eu\/index.php\/wp-json\/wp\/v2\/users\/13"}],"replies":[{"embeddable":true,"href":"https:\/\/svetkamene.eu\/index.php\/wp-json\/wp\/v2\/comments?post=9440"}],"version-history":[{"count":3,"href":"https:\/\/svetkamene.eu\/index.php\/wp-json\/wp\/v2\/posts\/9440\/revisions"}],"predecessor-version":[{"id":9450,"href":"https:\/\/svetkamene.eu\/index.php\/wp-json\/wp\/v2\/posts\/9440\/revisions\/9450"}],"wp:featuredmedia":[{"embeddable":true,"href":"https:\/\/svetkamene.eu\/index.php\/wp-json\/wp\/v2\/media\/9030"}],"wp:attachment":[{"href":"https:\/\/svetkamene.eu\/index.php\/wp-json\/wp\/v2\/media?parent=9440"}],"wp:term":[{"taxonomy":"category","embeddable":true,"href":"https:\/\/svetkamene.eu\/index.php\/wp-json\/wp\/v2\/categories?post=9440"},{"taxonomy":"post_tag","embeddable":true,"href":"https:\/\/svetkamene.eu\/index.php\/wp-json\/wp\/v2\/tags?post=9440"}],"curies":[{"name":"wp","href":"https:\/\/api.w.org\/{rel}","templated":true}]}}