{"id":9257,"date":"2022-06-20T14:29:21","date_gmt":"2022-06-20T12:29:21","guid":{"rendered":"https:\/\/svetkamene.eu\/?p=9257"},"modified":"2022-06-24T22:36:48","modified_gmt":"2022-06-24T20:36:48","slug":"guggenheim-museum-in-bilbao","status":"publish","type":"post","link":"https:\/\/svetkamene.eu\/index.php\/en\/2022\/06\/20\/guggenheim-museum-in-bilbao\/","title":{"rendered":"GUGGENHEIM MUSEUM IN BILBAO"},"content":{"rendered":"<p><strong>This time, our attention was drawn to a&nbsp;building which, incidentally, did not enter the catalogue of outstanding works of contemporary architecture because of stone. This building is the Guggenheim Museum in Bilbao (Spanish museum of contemporary art), built between 1993 and 1997. The main materials used in the Guggenheim Museum building are titanium sheet metal and stone.<\/strong><\/p>\n<p>&nbsp;<\/p>\n<p>33,000 titanium sheeting shells weighing a&nbsp;total of 60 tonnes and almost 27,000&nbsp;m<sup>3<\/sup> of stone, local marble quarried in the Granada area &#8211; Crema Huescar &#8211; were used in the construction.<\/p>\n<p>Although it is the titanium sheeting that gives the building its character, which attracts visitors and catches their attention, the complementary stone is an element that works perfectly well together and makes the building a&nbsp;monumental work.<\/p>\n<p>&nbsp;<\/p>\n<p><img loading=\"lazy\" class=\"aligncenter wp-image-9259 size-full\" src=\"https:\/\/svetkamene.eu\/wp-content\/uploads\/2022\/06\/gog2-2.jpg\" alt=\"\" width=\"640\" height=\"427\" srcset=\"https:\/\/svetkamene.eu\/wp-content\/uploads\/2022\/06\/gog2-2.jpg 640w, https:\/\/svetkamene.eu\/wp-content\/uploads\/2022\/06\/gog2-2-300x200.jpg 300w\" sizes=\"(max-width: 640px) 100vw, 640px\" \/><\/p>\n<p>The building was designed by one of the world\u2019s most renowned architects of today: Frank Gehry. Famous buildings designed by Gehry include the &#8222;Dancing House&#8220; in Prague or the 8 Spruce Street skyscraper in New York. These buildings are distinctive and, like the Guggenheim Museum, evoke a&nbsp;lot of emotion with the effect they have on the space they occupy.<\/p>\n<p>&nbsp;<\/p>\n<p><img loading=\"lazy\" class=\"aligncenter wp-image-9260 size-full\" src=\"https:\/\/svetkamene.eu\/wp-content\/uploads\/2022\/06\/gog3-2.jpg\" alt=\"\" width=\"640\" height=\"960\" srcset=\"https:\/\/svetkamene.eu\/wp-content\/uploads\/2022\/06\/gog3-2.jpg 640w, https:\/\/svetkamene.eu\/wp-content\/uploads\/2022\/06\/gog3-2-200x300.jpg 200w\" sizes=\"(max-width: 640px) 100vw, 640px\" \/><\/p>\n<p>Frank Gehry has Polish roots &#8211; his mother is a&nbsp;Jewish woman of Polish origin born in \u0141\u00f3d\u017a. His architectural studio appears in Poland at design competitions. This year it won the competition for the concept of a&nbsp;new campus of the Academy of Music in Cracow.<\/p>\n<p>&nbsp;<\/p>\n<p><strong>Crema Huescar:<\/strong><\/p>\n<p>&nbsp;<\/p>\n<p><img loading=\"lazy\" class=\"aligncenter wp-image-9261 size-full\" src=\"https:\/\/svetkamene.eu\/wp-content\/uploads\/2022\/06\/gog4-2.jpg\" alt=\"\" width=\"640\" height=\"642\" srcset=\"https:\/\/svetkamene.eu\/wp-content\/uploads\/2022\/06\/gog4-2.jpg 640w, https:\/\/svetkamene.eu\/wp-content\/uploads\/2022\/06\/gog4-2-300x300.jpg 300w, https:\/\/svetkamene.eu\/wp-content\/uploads\/2022\/06\/gog4-2-150x150.jpg 150w\" sizes=\"(max-width: 640px) 100vw, 640px\" \/><\/p>\n<p>&#8211; absorption: 0.12&nbsp;%<br \/>\n&#8211; compressive strength: 175.43 MPa<br \/>\n&#8211; density: 2,650 kg\/m<sup>3<\/sup><br \/>\n&#8211; flexural strength: 17.53 MPa<\/p>\n<p>&nbsp;<\/p>\n<p>Source: <a href=\"https:\/\/www.kurierkamieniarski.pl\/artykuly\/ludzie-i-miejsca\/749-muzeum-guggenheima-w-bilbao.html\">Kurier kamieniarski<\/a><\/p>\n<p>Author: Kurier Kamieniarski\u00a0 \u00a0 |\u00a0\u00a0\u00a0Published: 11.09.2017<\/p>\n<p>&nbsp;<\/p>\n<p>&nbsp;<\/p>\n","protected":false},"excerpt":{"rendered":"<p>This time, our attention was drawn to a&nbsp;building which, incidentally, did not enter the catalogue&#8230;<\/p>\n","protected":false},"author":38,"featured_media":8810,"comment_status":"closed","ping_status":"closed","sticky":false,"template":"","format":"standard","meta":{"ngg_post_thumbnail":0},"categories":[368],"tags":[],"yoast_head":"<!-- This site is optimized with the Yoast SEO plugin v19.1 - https:\/\/yoast.com\/wordpress\/plugins\/seo\/ -->\n<title>GUGGENHEIM MUSEUM IN BILBAO - Sv\u011bt Kamene<\/title>\n<meta name=\"description\" content=\"Tentokr\u00e1t na\u0161i pozornost upoutala budova, kter\u00e1 se mimochodem do katalogu v\u00fdznamn\u00fdch d\u011bl sou\u010dasn\u00e9 architektury nedostala kv\u016fli sv\u00e9mu kameni.\" \/>\n<meta name=\"robots\" content=\"index, follow, max-snippet:-1, max-image-preview:large, max-video-preview:-1\" \/>\n<link rel=\"canonical\" href=\"https:\/\/svetkamene.eu\/index.php\/en\/2022\/06\/20\/guggenheim-museum-in-bilbao\/\" \/>\n<meta property=\"og:locale\" content=\"cs_CZ\" \/>\n<meta property=\"og:type\" content=\"article\" \/>\n<meta property=\"og:title\" content=\"GUGGENHEIM MUSEUM IN BILBAO - Sv\u011bt Kamene\" \/>\n<meta property=\"og:description\" content=\"Tentokr\u00e1t na\u0161i pozornost upoutala budova, kter\u00e1 se mimochodem do katalogu v\u00fdznamn\u00fdch d\u011bl sou\u010dasn\u00e9 architektury nedostala kv\u016fli sv\u00e9mu kameni.\" \/>\n<meta property=\"og:url\" content=\"https:\/\/svetkamene.eu\/index.php\/en\/2022\/06\/20\/guggenheim-museum-in-bilbao\/\" \/>\n<meta property=\"og:site_name\" content=\"Sv\u011bt Kamene\" \/>\n<meta property=\"article:published_time\" content=\"2022-06-20T12:29:21+00:00\" \/>\n<meta property=\"article:modified_time\" content=\"2022-06-24T20:36:48+00:00\" \/>\n<meta property=\"og:image\" content=\"https:\/\/svetkamene.eu\/wp-content\/uploads\/2022\/06\/gog1.jpg\" \/>\n\t<meta property=\"og:image:width\" content=\"640\" \/>\n\t<meta property=\"og:image:height\" content=\"427\" \/>\n\t<meta property=\"og:image:type\" content=\"image\/jpeg\" \/>\n<meta name=\"twitter:card\" content=\"summary_large_image\" \/>\n<meta name=\"twitter:label1\" content=\"Napsal(a)\" \/>\n\t<meta name=\"twitter:data1\" content=\"Angelina Onishchuk\" \/>\n\t<meta name=\"twitter:label2\" content=\"Odhadovan\u00e1 doba \u010dten\u00ed\" \/>\n\t<meta name=\"twitter:data2\" content=\"1 minuta\" \/>\n<script type=\"application\/ld+json\" class=\"yoast-schema-graph\">{\"@context\":\"https:\/\/schema.org\",\"@graph\":[{\"@type\":\"WebSite\",\"@id\":\"https:\/\/svetkamene.eu\/#website\",\"url\":\"https:\/\/svetkamene.eu\/\",\"name\":\"Sv\u011bt Kamene\",\"description\":\"Port\u00e1l informuj\u00edc\u00ed o v\u0161em co souvis\u00ed s kamenem\",\"potentialAction\":[{\"@type\":\"SearchAction\",\"target\":{\"@type\":\"EntryPoint\",\"urlTemplate\":\"https:\/\/svetkamene.eu\/?s={search_term_string}\"},\"query-input\":\"required name=search_term_string\"}],\"inLanguage\":\"cs\"},{\"@type\":\"ImageObject\",\"inLanguage\":\"cs\",\"@id\":\"https:\/\/svetkamene.eu\/index.php\/en\/2022\/06\/20\/guggenheim-museum-in-bilbao\/#primaryimage\",\"url\":\"https:\/\/svetkamene.eu\/wp-content\/uploads\/2022\/06\/gog1.jpg\",\"contentUrl\":\"https:\/\/svetkamene.eu\/wp-content\/uploads\/2022\/06\/gog1.jpg\",\"width\":640,\"height\":427,\"caption\":\"muzeum z kamene\"},{\"@type\":\"WebPage\",\"@id\":\"https:\/\/svetkamene.eu\/index.php\/en\/2022\/06\/20\/guggenheim-museum-in-bilbao\/#webpage\",\"url\":\"https:\/\/svetkamene.eu\/index.php\/en\/2022\/06\/20\/guggenheim-museum-in-bilbao\/\",\"name\":\"GUGGENHEIM MUSEUM IN BILBAO - Sv\u011bt Kamene\",\"isPartOf\":{\"@id\":\"https:\/\/svetkamene.eu\/#website\"},\"primaryImageOfPage\":{\"@id\":\"https:\/\/svetkamene.eu\/index.php\/en\/2022\/06\/20\/guggenheim-museum-in-bilbao\/#primaryimage\"},\"datePublished\":\"2022-06-20T12:29:21+00:00\",\"dateModified\":\"2022-06-24T20:36:48+00:00\",\"author\":{\"@id\":\"https:\/\/svetkamene.eu\/#\/schema\/person\/463c656516d9b11741af0dbd52ecc969\"},\"description\":\"Tentokr\u00e1t na\u0161i pozornost upoutala budova, kter\u00e1 se mimochodem do katalogu v\u00fdznamn\u00fdch d\u011bl sou\u010dasn\u00e9 architektury nedostala kv\u016fli sv\u00e9mu kameni.\",\"breadcrumb\":{\"@id\":\"https:\/\/svetkamene.eu\/index.php\/en\/2022\/06\/20\/guggenheim-museum-in-bilbao\/#breadcrumb\"},\"inLanguage\":\"cs\",\"potentialAction\":[{\"@type\":\"ReadAction\",\"target\":[\"https:\/\/svetkamene.eu\/index.php\/en\/2022\/06\/20\/guggenheim-museum-in-bilbao\/\"]}]},{\"@type\":\"BreadcrumbList\",\"@id\":\"https:\/\/svetkamene.eu\/index.php\/en\/2022\/06\/20\/guggenheim-museum-in-bilbao\/#breadcrumb\",\"itemListElement\":[{\"@type\":\"ListItem\",\"position\":1,\"name\":\"Dom\u016f\",\"item\":\"https:\/\/svetkamene.eu\/\"},{\"@type\":\"ListItem\",\"position\":2,\"name\":\"GUGGENHEIM MUSEUM IN BILBAO\"}]},{\"@type\":\"Person\",\"@id\":\"https:\/\/svetkamene.eu\/#\/schema\/person\/463c656516d9b11741af0dbd52ecc969\",\"name\":\"Angelina Onishchuk\",\"image\":{\"@type\":\"ImageObject\",\"inLanguage\":\"cs\",\"@id\":\"https:\/\/svetkamene.eu\/#\/schema\/person\/image\/\",\"url\":\"https:\/\/secure.gravatar.com\/avatar\/3db6b23aabcbb0a0874dca9d74266a9f?s=96&d=mm&r=g\",\"contentUrl\":\"https:\/\/secure.gravatar.com\/avatar\/3db6b23aabcbb0a0874dca9d74266a9f?s=96&d=mm&r=g\",\"caption\":\"Angelina Onishchuk\"},\"url\":\"https:\/\/svetkamene.eu\/index.php\/author\/angelina-onishchuk27gmail-com\/\"}]}<\/script>\n<!-- \/ Yoast SEO plugin. -->","yoast_head_json":{"title":"GUGGENHEIM MUSEUM IN BILBAO - Sv\u011bt Kamene","description":"Tentokr\u00e1t na\u0161i pozornost upoutala budova, kter\u00e1 se mimochodem do katalogu v\u00fdznamn\u00fdch d\u011bl sou\u010dasn\u00e9 architektury nedostala kv\u016fli sv\u00e9mu kameni.","robots":{"index":"index","follow":"follow","max-snippet":"max-snippet:-1","max-image-preview":"max-image-preview:large","max-video-preview":"max-video-preview:-1"},"canonical":"https:\/\/svetkamene.eu\/index.php\/en\/2022\/06\/20\/guggenheim-museum-in-bilbao\/","og_locale":"cs_CZ","og_type":"article","og_title":"GUGGENHEIM MUSEUM IN BILBAO - Sv\u011bt Kamene","og_description":"Tentokr\u00e1t na\u0161i pozornost upoutala budova, kter\u00e1 se mimochodem do katalogu v\u00fdznamn\u00fdch d\u011bl sou\u010dasn\u00e9 architektury nedostala kv\u016fli sv\u00e9mu kameni.","og_url":"https:\/\/svetkamene.eu\/index.php\/en\/2022\/06\/20\/guggenheim-museum-in-bilbao\/","og_site_name":"Sv\u011bt Kamene","article_published_time":"2022-06-20T12:29:21+00:00","article_modified_time":"2022-06-24T20:36:48+00:00","og_image":[{"width":640,"height":427,"url":"https:\/\/svetkamene.eu\/wp-content\/uploads\/2022\/06\/gog1.jpg","type":"image\/jpeg"}],"twitter_card":"summary_large_image","twitter_misc":{"Napsal(a)":"Angelina Onishchuk","Odhadovan\u00e1 doba \u010dten\u00ed":"1 minuta"},"schema":{"@context":"https:\/\/schema.org","@graph":[{"@type":"WebSite","@id":"https:\/\/svetkamene.eu\/#website","url":"https:\/\/svetkamene.eu\/","name":"Sv\u011bt Kamene","description":"Port\u00e1l informuj\u00edc\u00ed o v\u0161em co souvis\u00ed s kamenem","potentialAction":[{"@type":"SearchAction","target":{"@type":"EntryPoint","urlTemplate":"https:\/\/svetkamene.eu\/?s={search_term_string}"},"query-input":"required name=search_term_string"}],"inLanguage":"cs"},{"@type":"ImageObject","inLanguage":"cs","@id":"https:\/\/svetkamene.eu\/index.php\/en\/2022\/06\/20\/guggenheim-museum-in-bilbao\/#primaryimage","url":"https:\/\/svetkamene.eu\/wp-content\/uploads\/2022\/06\/gog1.jpg","contentUrl":"https:\/\/svetkamene.eu\/wp-content\/uploads\/2022\/06\/gog1.jpg","width":640,"height":427,"caption":"muzeum z kamene"},{"@type":"WebPage","@id":"https:\/\/svetkamene.eu\/index.php\/en\/2022\/06\/20\/guggenheim-museum-in-bilbao\/#webpage","url":"https:\/\/svetkamene.eu\/index.php\/en\/2022\/06\/20\/guggenheim-museum-in-bilbao\/","name":"GUGGENHEIM MUSEUM IN BILBAO - Sv\u011bt Kamene","isPartOf":{"@id":"https:\/\/svetkamene.eu\/#website"},"primaryImageOfPage":{"@id":"https:\/\/svetkamene.eu\/index.php\/en\/2022\/06\/20\/guggenheim-museum-in-bilbao\/#primaryimage"},"datePublished":"2022-06-20T12:29:21+00:00","dateModified":"2022-06-24T20:36:48+00:00","author":{"@id":"https:\/\/svetkamene.eu\/#\/schema\/person\/463c656516d9b11741af0dbd52ecc969"},"description":"Tentokr\u00e1t na\u0161i pozornost upoutala budova, kter\u00e1 se mimochodem do katalogu v\u00fdznamn\u00fdch d\u011bl sou\u010dasn\u00e9 architektury nedostala kv\u016fli sv\u00e9mu kameni.","breadcrumb":{"@id":"https:\/\/svetkamene.eu\/index.php\/en\/2022\/06\/20\/guggenheim-museum-in-bilbao\/#breadcrumb"},"inLanguage":"cs","potentialAction":[{"@type":"ReadAction","target":["https:\/\/svetkamene.eu\/index.php\/en\/2022\/06\/20\/guggenheim-museum-in-bilbao\/"]}]},{"@type":"BreadcrumbList","@id":"https:\/\/svetkamene.eu\/index.php\/en\/2022\/06\/20\/guggenheim-museum-in-bilbao\/#breadcrumb","itemListElement":[{"@type":"ListItem","position":1,"name":"Dom\u016f","item":"https:\/\/svetkamene.eu\/"},{"@type":"ListItem","position":2,"name":"GUGGENHEIM MUSEUM IN BILBAO"}]},{"@type":"Person","@id":"https:\/\/svetkamene.eu\/#\/schema\/person\/463c656516d9b11741af0dbd52ecc969","name":"Angelina Onishchuk","image":{"@type":"ImageObject","inLanguage":"cs","@id":"https:\/\/svetkamene.eu\/#\/schema\/person\/image\/","url":"https:\/\/secure.gravatar.com\/avatar\/3db6b23aabcbb0a0874dca9d74266a9f?s=96&d=mm&r=g","contentUrl":"https:\/\/secure.gravatar.com\/avatar\/3db6b23aabcbb0a0874dca9d74266a9f?s=96&d=mm&r=g","caption":"Angelina Onishchuk"},"url":"https:\/\/svetkamene.eu\/index.php\/author\/angelina-onishchuk27gmail-com\/"}]}},"_links":{"self":[{"href":"https:\/\/svetkamene.eu\/index.php\/wp-json\/wp\/v2\/posts\/9257"}],"collection":[{"href":"https:\/\/svetkamene.eu\/index.php\/wp-json\/wp\/v2\/posts"}],"about":[{"href":"https:\/\/svetkamene.eu\/index.php\/wp-json\/wp\/v2\/types\/post"}],"author":[{"embeddable":true,"href":"https:\/\/svetkamene.eu\/index.php\/wp-json\/wp\/v2\/users\/38"}],"replies":[{"embeddable":true,"href":"https:\/\/svetkamene.eu\/index.php\/wp-json\/wp\/v2\/comments?post=9257"}],"version-history":[{"count":6,"href":"https:\/\/svetkamene.eu\/index.php\/wp-json\/wp\/v2\/posts\/9257\/revisions"}],"predecessor-version":[{"id":9733,"href":"https:\/\/svetkamene.eu\/index.php\/wp-json\/wp\/v2\/posts\/9257\/revisions\/9733"}],"wp:featuredmedia":[{"embeddable":true,"href":"https:\/\/svetkamene.eu\/index.php\/wp-json\/wp\/v2\/media\/8810"}],"wp:attachment":[{"href":"https:\/\/svetkamene.eu\/index.php\/wp-json\/wp\/v2\/media?parent=9257"}],"wp:term":[{"taxonomy":"category","embeddable":true,"href":"https:\/\/svetkamene.eu\/index.php\/wp-json\/wp\/v2\/categories?post=9257"},{"taxonomy":"post_tag","embeddable":true,"href":"https:\/\/svetkamene.eu\/index.php\/wp-json\/wp\/v2\/tags?post=9257"}],"curies":[{"name":"wp","href":"https:\/\/api.w.org\/{rel}","templated":true}]}}