{"id":8622,"date":"2022-06-08T00:02:00","date_gmt":"2022-06-07T22:02:00","guid":{"rendered":"https:\/\/svetkamene.eu\/?p=8622"},"modified":"2022-06-17T21:15:22","modified_gmt":"2022-06-17T19:15:22","slug":"kopalnie-solne","status":"publish","type":"post","link":"https:\/\/svetkamene.eu\/index.php\/pl\/2022\/06\/08\/kopalnie-solne\/","title":{"rendered":"Kopalnie solne"},"content":{"rendered":"\n<p><strong>Polska Katedra Solna &#8211; Wieliczka to jedna z&nbsp;najstarszych i&nbsp;najpi\u0119kniejszych kopalni soli na \u015bwiecie. Dzia\u0142a\u0142a nieprzerwanie od XIII do pocz\u0105tku XXI wieku. Ju\u017c w 1978 roku Wieliczka zosta\u0142a wpisana na List\u0119 \u015awiatowego Dziedzictwa UNESCO, a&nbsp;dzi\u015b jest centrum turystycznym, kt\u00f3re co roku przyci\u0105ga ponad milion turyst\u00f3w.<\/strong><\/p>\n\n\n\n<div style=\"height:40px\" aria-hidden=\"true\" class=\"wp-block-spacer\"><\/div>\n\n\n\n<p>G\u0142\u0119boko\u015b\u0107 kopalni si\u0119ga 327 m, a&nbsp;\u0142\u0105czna d\u0142ugo\u015b\u0107 korytarzy wynosi ponad 300 km, przy czym tylko minimalna ilo\u015b\u0107 z&nbsp;nich jest otwarta dla zwiedzaj\u0105cych. Niemniej jednak szlak turystyczny o&nbsp;d\u0142ugo\u015bci 3,5 km to pi\u0119kne prze\u017cycie. Cz\u0119\u015b\u0107 kopalni po\u015bwi\u0119cona jest historii wydobycia soli, cz\u0119\u015b\u0107 s\u0142u\u017cy jako sale koncertowe, kaplice, restauracje, znajduje si\u0119 tam nawet podziemne jezioro. Zwiedzaj\u0105cy mog\u0105 wybra\u0107 opcj\u0119 zwiedzania z&nbsp;pochodniami lub lampami w r\u0119ku poprzez najw\u0119\u017csze tunele i&nbsp;s\u0142oje, tak jak niegdy\u015b \u015bredniowieczni g\u00f3rnicy.<\/p>\n\n\n\n<figure class=\"wp-block-image size-full\"><img loading=\"lazy\" width=\"830\" height=\"554\" src=\"https:\/\/svetkamene.eu\/wp-content\/uploads\/2022\/06\/446276-2.jpg\" alt=\"\" class=\"wp-image-8623\" srcset=\"https:\/\/svetkamene.eu\/wp-content\/uploads\/2022\/06\/446276-2.jpg 830w, https:\/\/svetkamene.eu\/wp-content\/uploads\/2022\/06\/446276-2-300x200.jpg 300w, https:\/\/svetkamene.eu\/wp-content\/uploads\/2022\/06\/446276-2-768x513.jpg 768w, https:\/\/svetkamene.eu\/wp-content\/uploads\/2022\/06\/446276-2-675x450.jpg 675w\" sizes=\"(max-width: 830px) 100vw, 830px\" \/><figcaption><em>Jezioro w kopalni soli Veli\u010dka<\/em><\/figcaption><\/figure>\n\n\n\n<div style=\"height:30px\" aria-hidden=\"true\" class=\"wp-block-spacer\"><\/div>\n\n\n\n<p><strong>K\u0142odawa<\/strong> to ostatnia czynna podziemna kopalnia soli w Polsce. S\u00f3l pozyskiwano tu dopiero od po\u0142owy XX wieku. Kopalnia eksploatowana jest w tradycyjny spos\u00f3b wydobywczy, co pozwala w pe\u0142ni zachowa\u0107 charakter naturalnego pi\u0119kna tworzonego przez s\u00f3l.<\/p>\n\n\n\n<p>Jedna z&nbsp;najstarszych kopalni w Europie znajduje si\u0119 r\u00f3wnie\u017c w <strong>Hallstatt<\/strong> w Austrii. Obecnie wyremontowane kopalnie s\u0105 otwarte dla zwiedzaj\u0105cych, dla kt\u00f3rych przygotowano zwiedzanie z\u00a0profesjonalnym przewodnikiem oraz atrakcje takie jak, zje\u017cd\u017calnia i&nbsp;podziemne s\u0142one jezioro.<\/p>\n\n\n\n<p>W Rumunii, w samym \u015brodku Transylwanii, w okr\u0119gu Cluj, znajduje si\u0119 ogromna kopalnia soli <strong>Turda<\/strong>. Przy wydobyciu, kt\u00f3re trwa\u0142o od II wieku n.e. a\u017c do pierwszej po\u0142owy XIX wieku nigdy nie u\u017cyto materia\u0142\u00f3w wybuchowych. Zwa\u017cywszy ten fakt, wielko\u015b\u0107 kopalni wydaje si\u0119 by\u0107 imponuj\u0105ca. W okresie eksploatacji wydobyto tu oko\u0142o 3 mln ton soli. W czasie II wojny \u015bwiatowej podziemne pomieszczenia s\u0142u\u017cy\u0142y jako schronienie dla ludno\u015bci cywilnej, nast\u0119pnie jako magazyn do przechowywania sera, a&nbsp;na pocz\u0105tku lat 90.&nbsp;zosta\u0142y udost\u0119pnione zwiedzaj\u0105cym.<\/p>\n\n\n\n<div style=\"height:31px\" aria-hidden=\"true\" class=\"wp-block-spacer\"><\/div>\n\n\n\n<p><strong>Zjawiska solne<\/strong><\/p>\n\n\n\n<p>S\u00f3l mo\u017ce w danych warunkach tworzy\u0107 ciekawe zjawiska. W Chile, na pustyni Atakama, znajduje si\u0119 Dolina Ksi\u0119\u017cycowa, w kt\u00f3rej mo\u017cemy zobaczy\u0107 kryszta\u0142y soli o&nbsp;wielko\u015bci do 30 cm. W Dolinie \u015amierci w Kalifornii znajduje si\u0119 tak zwana \u201eBadwater\u201d, kt\u00f3ra jest wynikiem parowania s\u0142onych jezior w miejscach dotkliwej suszy. Pozostawia dziwne formacje solne, jest dos\u0142ownie pustyni\u0105 chlorku sodu. Mono Lake w Kalifornii oferuje wyj\u0105tkowe zjawisko naturalne. Jej powierzchni\u0119 i&nbsp;brzegi usiane s\u0105 formacjami stalaktytowymi w postaci kolumn, wie\u017c, k\u0119p, piramid, skupisk soli i&nbsp;innych minera\u0142\u00f3w.<\/p>\n\n\n\n<div style=\"height:30px\" aria-hidden=\"true\" class=\"wp-block-spacer\"><\/div>\n\n\n\n<p><strong>Znaczenie soli<\/strong><\/p>\n\n\n\n<p>Zastosowanie soli jest bardzo szerokie, przeznaczona do spo\u017cycia (cz\u0142owiek zu\u017cywa 7 &#8211; 8 kg\/rok), w przetw\u00f3rstwie rybnym, w przemy\u015ble spo\u017cywczym, w hodowli zwierz\u0105t, w hutnictwie, w przemy\u015ble chemicznym, w zimie do utrzymywania stanu dr\u00f3g, w rolnictwie jako naw\u00f3z, jako lecznicza k\u0105piel solna. Wykorzystywana jest r\u00f3wnie\u017c do produkcji glazur, krochmalu oraz do barwienia tekstyli\u00f3w. Pobyt w grocie solnej ma dzia\u0142anie lecznicze na alergie i&nbsp;astm\u0119 ze wzgl\u0119du na zjonizowane powietrze, brak bakterii chorobotw\u00f3rczych, wilgotno\u015b\u0107 i&nbsp;lokalne ci\u015bnienie.<\/p>\n\n\n\n<div style=\"height:100px\" aria-hidden=\"true\" class=\"wp-block-spacer\"><\/div>\n\n\n\n<p>\u0179r\u00f3d\u0142o: <a href=\"https:\/\/www.lomyatezba.cz\/2013\/2013-2\/item\/349-sul-kamenna-halit\">Lomy a&nbsp;t\u011b\u017eba<\/a><\/p>\n","protected":false},"excerpt":{"rendered":"<p>Polska Katedra Solna &#8211; Wieliczka to jedna z&nbsp;najstarszych i&nbsp;najpi\u0119kniejszych kopalni soli na \u015bwiecie. Dzia\u0142a\u0142a nieprzerwanie&#8230;<\/p>\n","protected":false},"author":32,"featured_media":3533,"comment_status":"closed","ping_status":"closed","sticky":false,"template":"","format":"standard","meta":{"ngg_post_thumbnail":0},"categories":[357],"tags":[],"yoast_head":"<!-- This site is optimized with the Yoast SEO plugin v19.1 - https:\/\/yoast.com\/wordpress\/plugins\/seo\/ -->\n<title>Kopalnie solne - Sv\u011bt Kamene<\/title>\n<meta name=\"description\" content=\"U\u017e roku 1978 byla Veli\u010dka za\u0159azena do seznamu sv\u011btov\u00e9ho d\u011bdictv\u00ed UNESCO a dnes je turistick\u00fdm centrem\" \/>\n<meta name=\"robots\" content=\"index, follow, max-snippet:-1, max-image-preview:large, max-video-preview:-1\" \/>\n<link rel=\"canonical\" href=\"https:\/\/svetkamene.eu\/index.php\/pl\/2022\/06\/08\/kopalnie-solne\/\" \/>\n<meta property=\"og:locale\" content=\"cs_CZ\" \/>\n<meta property=\"og:type\" content=\"article\" \/>\n<meta property=\"og:title\" content=\"Kopalnie solne - Sv\u011bt Kamene\" \/>\n<meta property=\"og:description\" content=\"U\u017e roku 1978 byla Veli\u010dka za\u0159azena do seznamu sv\u011btov\u00e9ho d\u011bdictv\u00ed UNESCO a dnes je turistick\u00fdm centrem\" \/>\n<meta property=\"og:url\" content=\"https:\/\/svetkamene.eu\/index.php\/pl\/2022\/06\/08\/kopalnie-solne\/\" \/>\n<meta property=\"og:site_name\" content=\"Sv\u011bt Kamene\" \/>\n<meta property=\"article:published_time\" content=\"2022-06-07T22:02:00+00:00\" \/>\n<meta property=\"article:modified_time\" content=\"2022-06-17T19:15:22+00:00\" \/>\n<meta property=\"og:image\" content=\"https:\/\/svetkamene.eu\/wp-content\/uploads\/2021\/02\/turda.jpg\" \/>\n\t<meta property=\"og:image:width\" content=\"746\" \/>\n\t<meta property=\"og:image:height\" content=\"497\" \/>\n\t<meta property=\"og:image:type\" content=\"image\/jpeg\" \/>\n<meta name=\"twitter:card\" content=\"summary_large_image\" \/>\n<meta name=\"twitter:label1\" content=\"Napsal(a)\" \/>\n\t<meta name=\"twitter:data1\" content=\"Ale\u0161 Vachu\u0161ka\" \/>\n\t<meta name=\"twitter:label2\" content=\"Odhadovan\u00e1 doba \u010dten\u00ed\" \/>\n\t<meta name=\"twitter:data2\" content=\"3 minuty\" \/>\n<script type=\"application\/ld+json\" class=\"yoast-schema-graph\">{\"@context\":\"https:\/\/schema.org\",\"@graph\":[{\"@type\":\"WebSite\",\"@id\":\"https:\/\/svetkamene.eu\/#website\",\"url\":\"https:\/\/svetkamene.eu\/\",\"name\":\"Sv\u011bt Kamene\",\"description\":\"Port\u00e1l informuj\u00edc\u00ed o v\u0161em co souvis\u00ed s kamenem\",\"potentialAction\":[{\"@type\":\"SearchAction\",\"target\":{\"@type\":\"EntryPoint\",\"urlTemplate\":\"https:\/\/svetkamene.eu\/?s={search_term_string}\"},\"query-input\":\"required name=search_term_string\"}],\"inLanguage\":\"cs\"},{\"@type\":\"ImageObject\",\"inLanguage\":\"cs\",\"@id\":\"https:\/\/svetkamene.eu\/index.php\/pl\/2022\/06\/08\/kopalnie-solne\/#primaryimage\",\"url\":\"https:\/\/svetkamene.eu\/wp-content\/uploads\/2021\/02\/turda.jpg\",\"contentUrl\":\"https:\/\/svetkamene.eu\/wp-content\/uploads\/2021\/02\/turda.jpg\",\"width\":746,\"height\":497,\"caption\":\"D\u016fl TURDA je velk\u00fdm l\u00e1kadlem pro n\u00e1v\u0161t\u011bvn\u00edky, je zde koncertn\u00ed p\u00f3dium, sportovn\u00ed h\u0159i\u0161t\u011b, rusk\u00e9 kolo, minigolf, bowling a podzemn\u00ed azurov\u00e9 jez\u00edrko s lo\u010fkami.\"},{\"@type\":\"WebPage\",\"@id\":\"https:\/\/svetkamene.eu\/index.php\/pl\/2022\/06\/08\/kopalnie-solne\/#webpage\",\"url\":\"https:\/\/svetkamene.eu\/index.php\/pl\/2022\/06\/08\/kopalnie-solne\/\",\"name\":\"Kopalnie solne - Sv\u011bt Kamene\",\"isPartOf\":{\"@id\":\"https:\/\/svetkamene.eu\/#website\"},\"primaryImageOfPage\":{\"@id\":\"https:\/\/svetkamene.eu\/index.php\/pl\/2022\/06\/08\/kopalnie-solne\/#primaryimage\"},\"datePublished\":\"2022-06-07T22:02:00+00:00\",\"dateModified\":\"2022-06-17T19:15:22+00:00\",\"author\":{\"@id\":\"https:\/\/svetkamene.eu\/#\/schema\/person\/1cf0663ef38389cd1ec5deab88437e04\"},\"description\":\"U\u017e roku 1978 byla Veli\u010dka za\u0159azena do seznamu sv\u011btov\u00e9ho d\u011bdictv\u00ed UNESCO a dnes je turistick\u00fdm centrem\",\"breadcrumb\":{\"@id\":\"https:\/\/svetkamene.eu\/index.php\/pl\/2022\/06\/08\/kopalnie-solne\/#breadcrumb\"},\"inLanguage\":\"cs\",\"potentialAction\":[{\"@type\":\"ReadAction\",\"target\":[\"https:\/\/svetkamene.eu\/index.php\/pl\/2022\/06\/08\/kopalnie-solne\/\"]}]},{\"@type\":\"BreadcrumbList\",\"@id\":\"https:\/\/svetkamene.eu\/index.php\/pl\/2022\/06\/08\/kopalnie-solne\/#breadcrumb\",\"itemListElement\":[{\"@type\":\"ListItem\",\"position\":1,\"name\":\"Dom\u016f\",\"item\":\"https:\/\/svetkamene.eu\/\"},{\"@type\":\"ListItem\",\"position\":2,\"name\":\"Kopalnie solne\"}]},{\"@type\":\"Person\",\"@id\":\"https:\/\/svetkamene.eu\/#\/schema\/person\/1cf0663ef38389cd1ec5deab88437e04\",\"name\":\"Ale\u0161 Vachu\u0161ka\",\"image\":{\"@type\":\"ImageObject\",\"inLanguage\":\"cs\",\"@id\":\"https:\/\/svetkamene.eu\/#\/schema\/person\/image\/\",\"url\":\"https:\/\/secure.gravatar.com\/avatar\/3b0db7dae3f05599081057d1ea848a8c?s=96&d=mm&r=g\",\"contentUrl\":\"https:\/\/secure.gravatar.com\/avatar\/3b0db7dae3f05599081057d1ea848a8c?s=96&d=mm&r=g\",\"caption\":\"Ale\u0161 Vachu\u0161ka\"},\"url\":\"https:\/\/svetkamene.eu\/index.php\/author\/vachuska-alessgmail-com\/\"}]}<\/script>\n<!-- \/ Yoast SEO plugin. -->","yoast_head_json":{"title":"Kopalnie solne - Sv\u011bt Kamene","description":"U\u017e roku 1978 byla Veli\u010dka za\u0159azena do seznamu sv\u011btov\u00e9ho d\u011bdictv\u00ed UNESCO a dnes je turistick\u00fdm centrem","robots":{"index":"index","follow":"follow","max-snippet":"max-snippet:-1","max-image-preview":"max-image-preview:large","max-video-preview":"max-video-preview:-1"},"canonical":"https:\/\/svetkamene.eu\/index.php\/pl\/2022\/06\/08\/kopalnie-solne\/","og_locale":"cs_CZ","og_type":"article","og_title":"Kopalnie solne - Sv\u011bt Kamene","og_description":"U\u017e roku 1978 byla Veli\u010dka za\u0159azena do seznamu sv\u011btov\u00e9ho d\u011bdictv\u00ed UNESCO a dnes je turistick\u00fdm centrem","og_url":"https:\/\/svetkamene.eu\/index.php\/pl\/2022\/06\/08\/kopalnie-solne\/","og_site_name":"Sv\u011bt Kamene","article_published_time":"2022-06-07T22:02:00+00:00","article_modified_time":"2022-06-17T19:15:22+00:00","og_image":[{"width":746,"height":497,"url":"https:\/\/svetkamene.eu\/wp-content\/uploads\/2021\/02\/turda.jpg","type":"image\/jpeg"}],"twitter_card":"summary_large_image","twitter_misc":{"Napsal(a)":"Ale\u0161 Vachu\u0161ka","Odhadovan\u00e1 doba \u010dten\u00ed":"3 minuty"},"schema":{"@context":"https:\/\/schema.org","@graph":[{"@type":"WebSite","@id":"https:\/\/svetkamene.eu\/#website","url":"https:\/\/svetkamene.eu\/","name":"Sv\u011bt Kamene","description":"Port\u00e1l informuj\u00edc\u00ed o v\u0161em co souvis\u00ed s kamenem","potentialAction":[{"@type":"SearchAction","target":{"@type":"EntryPoint","urlTemplate":"https:\/\/svetkamene.eu\/?s={search_term_string}"},"query-input":"required name=search_term_string"}],"inLanguage":"cs"},{"@type":"ImageObject","inLanguage":"cs","@id":"https:\/\/svetkamene.eu\/index.php\/pl\/2022\/06\/08\/kopalnie-solne\/#primaryimage","url":"https:\/\/svetkamene.eu\/wp-content\/uploads\/2021\/02\/turda.jpg","contentUrl":"https:\/\/svetkamene.eu\/wp-content\/uploads\/2021\/02\/turda.jpg","width":746,"height":497,"caption":"D\u016fl TURDA je velk\u00fdm l\u00e1kadlem pro n\u00e1v\u0161t\u011bvn\u00edky, je zde koncertn\u00ed p\u00f3dium, sportovn\u00ed h\u0159i\u0161t\u011b, rusk\u00e9 kolo, minigolf, bowling a podzemn\u00ed azurov\u00e9 jez\u00edrko s lo\u010fkami."},{"@type":"WebPage","@id":"https:\/\/svetkamene.eu\/index.php\/pl\/2022\/06\/08\/kopalnie-solne\/#webpage","url":"https:\/\/svetkamene.eu\/index.php\/pl\/2022\/06\/08\/kopalnie-solne\/","name":"Kopalnie solne - Sv\u011bt Kamene","isPartOf":{"@id":"https:\/\/svetkamene.eu\/#website"},"primaryImageOfPage":{"@id":"https:\/\/svetkamene.eu\/index.php\/pl\/2022\/06\/08\/kopalnie-solne\/#primaryimage"},"datePublished":"2022-06-07T22:02:00+00:00","dateModified":"2022-06-17T19:15:22+00:00","author":{"@id":"https:\/\/svetkamene.eu\/#\/schema\/person\/1cf0663ef38389cd1ec5deab88437e04"},"description":"U\u017e roku 1978 byla Veli\u010dka za\u0159azena do seznamu sv\u011btov\u00e9ho d\u011bdictv\u00ed UNESCO a dnes je turistick\u00fdm centrem","breadcrumb":{"@id":"https:\/\/svetkamene.eu\/index.php\/pl\/2022\/06\/08\/kopalnie-solne\/#breadcrumb"},"inLanguage":"cs","potentialAction":[{"@type":"ReadAction","target":["https:\/\/svetkamene.eu\/index.php\/pl\/2022\/06\/08\/kopalnie-solne\/"]}]},{"@type":"BreadcrumbList","@id":"https:\/\/svetkamene.eu\/index.php\/pl\/2022\/06\/08\/kopalnie-solne\/#breadcrumb","itemListElement":[{"@type":"ListItem","position":1,"name":"Dom\u016f","item":"https:\/\/svetkamene.eu\/"},{"@type":"ListItem","position":2,"name":"Kopalnie solne"}]},{"@type":"Person","@id":"https:\/\/svetkamene.eu\/#\/schema\/person\/1cf0663ef38389cd1ec5deab88437e04","name":"Ale\u0161 Vachu\u0161ka","image":{"@type":"ImageObject","inLanguage":"cs","@id":"https:\/\/svetkamene.eu\/#\/schema\/person\/image\/","url":"https:\/\/secure.gravatar.com\/avatar\/3b0db7dae3f05599081057d1ea848a8c?s=96&d=mm&r=g","contentUrl":"https:\/\/secure.gravatar.com\/avatar\/3b0db7dae3f05599081057d1ea848a8c?s=96&d=mm&r=g","caption":"Ale\u0161 Vachu\u0161ka"},"url":"https:\/\/svetkamene.eu\/index.php\/author\/vachuska-alessgmail-com\/"}]}},"_links":{"self":[{"href":"https:\/\/svetkamene.eu\/index.php\/wp-json\/wp\/v2\/posts\/8622"}],"collection":[{"href":"https:\/\/svetkamene.eu\/index.php\/wp-json\/wp\/v2\/posts"}],"about":[{"href":"https:\/\/svetkamene.eu\/index.php\/wp-json\/wp\/v2\/types\/post"}],"author":[{"embeddable":true,"href":"https:\/\/svetkamene.eu\/index.php\/wp-json\/wp\/v2\/users\/32"}],"replies":[{"embeddable":true,"href":"https:\/\/svetkamene.eu\/index.php\/wp-json\/wp\/v2\/comments?post=8622"}],"version-history":[{"count":1,"href":"https:\/\/svetkamene.eu\/index.php\/wp-json\/wp\/v2\/posts\/8622\/revisions"}],"predecessor-version":[{"id":8624,"href":"https:\/\/svetkamene.eu\/index.php\/wp-json\/wp\/v2\/posts\/8622\/revisions\/8624"}],"wp:featuredmedia":[{"embeddable":true,"href":"https:\/\/svetkamene.eu\/index.php\/wp-json\/wp\/v2\/media\/3533"}],"wp:attachment":[{"href":"https:\/\/svetkamene.eu\/index.php\/wp-json\/wp\/v2\/media?parent=8622"}],"wp:term":[{"taxonomy":"category","embeddable":true,"href":"https:\/\/svetkamene.eu\/index.php\/wp-json\/wp\/v2\/categories?post=8622"},{"taxonomy":"post_tag","embeddable":true,"href":"https:\/\/svetkamene.eu\/index.php\/wp-json\/wp\/v2\/tags?post=8622"}],"curies":[{"name":"wp","href":"https:\/\/api.w.org\/{rel}","templated":true}]}}