{"id":8568,"date":"2022-06-17T13:54:17","date_gmt":"2022-06-17T11:54:17","guid":{"rendered":"https:\/\/svetkamene.eu\/?p=8568"},"modified":"2022-06-25T20:23:42","modified_gmt":"2022-06-25T18:23:42","slug":"budova-opery-a-baletu-v-oslu","status":"publish","type":"post","link":"https:\/\/svetkamene.eu\/index.php\/cs\/2022\/06\/17\/budova-opery-a-baletu-v-oslu\/","title":{"rendered":"BUDOVA OPERY A&nbsp;BALETU V&nbsp;OSLU"},"content":{"rendered":"\r\n<p><strong>Projekt stavby vznikl v&nbsp;roce 2000 a&nbsp;byl vybr\u00e1n z&nbsp;240 n\u00e1vrh\u016f p\u0159ihl\u00e1\u0161en\u00fdch do sout\u011b\u017ee. Autorem projektu je norsk\u00e1 design\u00e9rsk\u00e1 kancel\u00e1\u0159 Snohetta AS, kterou jsme zde ji\u017e zmi\u0148ovali na po\u010d\u00e1tku leto\u0161n\u00edho, kdy jsme v\u00e1m p\u0159edstavili projektu budovy alexandrijsk\u00e9 knihovny.<\/strong><\/p>\r\n<p>&nbsp;<\/p>\r\n\r\n\r\n\r\n\r\n\r\n<p>&nbsp;<\/p>\r\n<p>Za\u0159\u00edzen\u00ed bylo uvedeno do provozu po&nbsp;\u010dty\u0159ech letech v\u00fdstavby v&nbsp;dubnu 2008. O&nbsp;rok pozd\u011bji byla budova opery a&nbsp;baletu v&nbsp;Oslu ocen\u011bna cenou Miese van der Rohe, ud\u011blovanou Evropskou uni\u00ed za po\u010diny v&nbsp;oblasti sou\u010dasn\u00e9 architektury.<\/p>\r\n\r\n\r\n\r\n<p>Projekt m\u011bl spl\u0148ovat t\u0159i po\u017eadavky. Prvn\u00edm je um\u00edst\u011bn\u00ed stavby na hranici mezi mo\u0159em a&nbsp;pevninou, co\u017e m\u00e1 b\u00fdt symbolick\u00fdm vyj\u00e1d\u0159en\u00edm kontaktu Norska se zbytkem sv\u011bta. To zd\u016fraz\u0148uje zvln\u011bn\u00e1 st\u011bna sm\u011b\u0159uj\u00edc\u00ed k\u00a0mo\u0159i. Druh\u00fdm bylo vytvo\u0159it v&nbsp;budov\u011b prostor pro z\u00e1zem\u00ed, ve kter\u00e9m se p\u0159ipravuj\u00ed dekorace a&nbsp;sc\u00e9na, jsou tam um\u00edst\u011bny zku\u0161ebny atd. T\u0159et\u00edm po\u017eadavkem je my\u0161lenka zp\u0159\u00edstupn\u011bn\u00ed um\u011bn\u00ed p\u0159\u00edjemci. Projekt tento po\u017eadavek poj\u00edm\u00e1 doslova \u2013 cel\u00e1 budova je sm\u011brem od hladiny mo\u0159e a\u017e po&nbsp;st\u0159echu jednou velkou promen\u00e1dou, po&nbsp;kter\u00e9 se n\u00e1v\u0161t\u011bvn\u00edci mohou voln\u011b proch\u00e1zet.<\/p>\r\n\r\n\r\n<div class=\"wp-block-image\">\r\n<figure class=\"aligncenter size-full\"><img loading=\"lazy\" width=\"640\" height=\"480\" class=\"wp-image-8569\" src=\"https:\/\/svetkamene.eu\/wp-content\/uploads\/2022\/06\/96zs2.jpg\" alt=\"\" srcset=\"https:\/\/svetkamene.eu\/wp-content\/uploads\/2022\/06\/96zs2.jpg 640w, https:\/\/svetkamene.eu\/wp-content\/uploads\/2022\/06\/96zs2-300x225.jpg 300w\" sizes=\"(max-width: 640px) 100vw, 640px\" \/><\/figure><\/div>\r\n\r\n\r\n<div class=\"wp-block-spacer\" style=\"height: 55px;\" aria-hidden=\"true\">\u00a0<\/div>\r\n\r\n\r\n\r\n<p>Pr\u00e1v\u011b tato promen\u00e1da n\u00e1s zaujala nejv\u00edce, proto\u017ee je provedena z&nbsp;carrarsk\u00e9ho mramoru La Facciata. Charakteristick\u00fdm rysem tohoto materi\u00e1lu je, \u017ee si udr\u017euje st\u00e1lou barvu bez ohledu na vlhkost. Celkov\u00e1 plocha mramorov\u00e9 promen\u00e1dy je 18&nbsp;000&nbsp;m<sup>2<\/sup> a&nbsp;slo\u017eena je z&nbsp;celkem 36&nbsp;000 dla\u017edic, z&nbsp;nich\u017e \u010d\u00e1st je opat\u0159ena protiskluzov\u00fdmi prvky.<\/p>\r\n\r\n\r\n<div class=\"wp-block-image\">\r\n<figure class=\"aligncenter size-full\"><img loading=\"lazy\" width=\"640\" height=\"428\" class=\"wp-image-8570\" src=\"https:\/\/svetkamene.eu\/wp-content\/uploads\/2022\/06\/96zs3.jpg\" alt=\"\" srcset=\"https:\/\/svetkamene.eu\/wp-content\/uploads\/2022\/06\/96zs3.jpg 640w, https:\/\/svetkamene.eu\/wp-content\/uploads\/2022\/06\/96zs3-300x201.jpg 300w\" sizes=\"(max-width: 640px) 100vw, 640px\" \/><\/figure><\/div>\r\n\r\n\r\n<div class=\"wp-block-spacer\" style=\"height: 55px;\" aria-hidden=\"true\">\u00a0<\/div>\r\n\r\n\r\n\r\n<p>Slo\u017eit\u00fdm probl\u00e9mem p\u0159i&nbsp;navrhov\u00e1n\u00ed projektu a&nbsp;jeho n\u00e1sledn\u00e9 realizaci byl zp\u016fsob um\u00edst\u011bn\u00ed objektu, kter\u00fd se jakoby no\u0159\u00ed do mo\u0159e. Pro spln\u011bn\u00ed tohoto zad\u00e1n\u00ed bylo nutn\u00e9 vyhotovit z\u00e1klady budovy v&nbsp;nejhlub\u0161\u00edm m\u00edst\u011b, sahaj\u00edc\u00edm 16&nbsp;m pod hladinu mo\u0159e. Zaj\u00edmavost\u00ed je, \u017ee do mo\u0159sk\u00e9ho dna byly zatlu\u010deny k\u016fly o&nbsp;celkov\u00e9 d\u00e9lce 28 kilometr\u016f, z&nbsp;nich\u017e nejdel\u0161\u00ed m\u00e1 d\u00e9lku 60 metr\u016f. Dal\u0161\u00ed zaj\u00edmavost\u00ed je sklen\u011bn\u00e1 fas\u00e1da nad foyer vyroben\u00e1 ze skla se sn\u00ed\u017een\u00fdm obsahem \u017eeleza, \u010d\u00edm\u017e se zabr\u00e1nilo zelen\u00e9mu odst\u00ednu, kter\u00fd z\u00edsk\u00e1v\u00e1 siln\u00e9 sklo. Celkov\u00e1 u\u017eitn\u00e1 plocha objektu je v\u00edce ne\u017e 38&nbsp;000 metr\u016f \u010dtvere\u010dn\u00edch. N\u00e1klady na v\u00fdstavbu dos\u00e1hly 500 milion\u016f euro. P\u0159edpokl\u00e1dan\u00e1 \u017eivotnost stavby je 300 let.<\/p>\r\n\r\n\r\n<div class=\"wp-block-image\">\r\n<figure class=\"aligncenter size-full\"><img loading=\"lazy\" width=\"640\" height=\"430\" class=\"wp-image-8571\" src=\"https:\/\/svetkamene.eu\/wp-content\/uploads\/2022\/06\/96zs4.jpg\" alt=\"\" srcset=\"https:\/\/svetkamene.eu\/wp-content\/uploads\/2022\/06\/96zs4.jpg 640w, https:\/\/svetkamene.eu\/wp-content\/uploads\/2022\/06\/96zs4-300x202.jpg 300w\" sizes=\"(max-width: 640px) 100vw, 640px\" \/><\/figure><\/div>\r\n\r\n\r\n<div class=\"wp-block-spacer\" style=\"height: 100px;\" aria-hidden=\"true\">\u00a0<\/div>\r\n\r\n\r\n\r\n<p>Zdroj: <a href=\"https:\/\/www.kurierkamieniarski.pl\/artykuly\/ludzie-i-miejsca\/975-budynek-opery-i-baletu-w-oslo.html\" target=\"_blank\" rel=\"noreferrer noopener\">Kurier kamieniarski<\/a><\/p>\r\n\r\n\r\n\r\n<p>Autor: Kurier Kamieniarski\u00a0\u00a0\u00a0\u00a0|\u00a0\u00a0\u00a0Publikov\u00e1no: 5.&nbsp;11.&nbsp;2018<\/p>\r\n","protected":false},"excerpt":{"rendered":"<p>Projekt stavby vznikl v&nbsp;roce 2000 a&nbsp;byl vybr\u00e1n z&nbsp;240 n\u00e1vrh\u016f p\u0159ihl\u00e1\u0161en\u00fdch do sout\u011b\u017ee. Autorem projektu je&#8230;<\/p>\n","protected":false},"author":31,"featured_media":8572,"comment_status":"closed","ping_status":"closed","sticky":false,"template":"","format":"standard","meta":{"ngg_post_thumbnail":0},"categories":[364],"tags":[],"yoast_head":"<!-- This site is optimized with the Yoast SEO plugin v19.1 - https:\/\/yoast.com\/wordpress\/plugins\/seo\/ -->\n<title>BUDOVA OPERY A BALETU V OSLU - Sv\u011bt Kamene<\/title>\n<meta name=\"description\" content=\"budova opery a baletu v Oslu byla ocen\u011bna cenou za po\u010diny v oblasti sou\u010dasn\u00e9 architektury. Projekt m\u011bl spl\u0148ovat t\u0159i po\u017eadavky.\" \/>\n<meta name=\"robots\" content=\"index, follow, max-snippet:-1, max-image-preview:large, max-video-preview:-1\" \/>\n<link rel=\"canonical\" href=\"https:\/\/www.kurierkamieniarski.pl\/artykuly\/ludzie-i-miejsca\/975-budynek-opery-i-baletu-w-oslo.html\" \/>\n<meta property=\"og:locale\" content=\"cs_CZ\" \/>\n<meta property=\"og:type\" content=\"article\" \/>\n<meta property=\"og:title\" content=\"BUDOVA OPERY A BALETU V OSLU - Sv\u011bt Kamene\" \/>\n<meta property=\"og:description\" content=\"budova opery a baletu v Oslu byla ocen\u011bna cenou za po\u010diny v oblasti sou\u010dasn\u00e9 architektury. Projekt m\u011bl spl\u0148ovat t\u0159i po\u017eadavky.\" \/>\n<meta property=\"og:url\" content=\"https:\/\/www.kurierkamieniarski.pl\/artykuly\/ludzie-i-miejsca\/975-budynek-opery-i-baletu-w-oslo.html\" \/>\n<meta property=\"og:site_name\" content=\"Sv\u011bt Kamene\" \/>\n<meta property=\"article:published_time\" content=\"2022-06-17T11:54:17+00:00\" \/>\n<meta property=\"article:modified_time\" content=\"2022-06-25T18:23:42+00:00\" \/>\n<meta property=\"og:image\" content=\"https:\/\/svetkamene.eu\/wp-content\/uploads\/2022\/06\/96zs1.jpg\" \/>\n\t<meta property=\"og:image:width\" content=\"640\" \/>\n\t<meta property=\"og:image:height\" content=\"301\" \/>\n\t<meta property=\"og:image:type\" content=\"image\/jpeg\" \/>\n<meta name=\"twitter:card\" content=\"summary_large_image\" \/>\n<meta name=\"twitter:label1\" content=\"Napsal(a)\" \/>\n\t<meta name=\"twitter:data1\" content=\"Martina Hovorkov\u00e1\" \/>\n\t<meta name=\"twitter:label2\" content=\"Odhadovan\u00e1 doba \u010dten\u00ed\" \/>\n\t<meta name=\"twitter:data2\" content=\"3 minuty\" \/>\n<script type=\"application\/ld+json\" class=\"yoast-schema-graph\">{\"@context\":\"https:\/\/schema.org\",\"@graph\":[{\"@type\":\"WebSite\",\"@id\":\"https:\/\/svetkamene.eu\/#website\",\"url\":\"https:\/\/svetkamene.eu\/\",\"name\":\"Sv\u011bt Kamene\",\"description\":\"Port\u00e1l informuj\u00edc\u00ed o v\u0161em co souvis\u00ed s kamenem\",\"potentialAction\":[{\"@type\":\"SearchAction\",\"target\":{\"@type\":\"EntryPoint\",\"urlTemplate\":\"https:\/\/svetkamene.eu\/?s={search_term_string}\"},\"query-input\":\"required name=search_term_string\"}],\"inLanguage\":\"cs\"},{\"@type\":\"ImageObject\",\"inLanguage\":\"cs\",\"@id\":\"https:\/\/www.kurierkamieniarski.pl\/artykuly\/ludzie-i-miejsca\/975-budynek-opery-i-baletu-w-oslo.html#primaryimage\",\"url\":\"https:\/\/svetkamene.eu\/wp-content\/uploads\/2022\/06\/96zs1.jpg\",\"contentUrl\":\"https:\/\/svetkamene.eu\/wp-content\/uploads\/2022\/06\/96zs1.jpg\",\"width\":640,\"height\":301},{\"@type\":\"WebPage\",\"@id\":\"https:\/\/www.kurierkamieniarski.pl\/artykuly\/ludzie-i-miejsca\/975-budynek-opery-i-baletu-w-oslo.html#webpage\",\"url\":\"https:\/\/www.kurierkamieniarski.pl\/artykuly\/ludzie-i-miejsca\/975-budynek-opery-i-baletu-w-oslo.html\",\"name\":\"BUDOVA OPERY A BALETU V OSLU - Sv\u011bt Kamene\",\"isPartOf\":{\"@id\":\"https:\/\/svetkamene.eu\/#website\"},\"primaryImageOfPage\":{\"@id\":\"https:\/\/www.kurierkamieniarski.pl\/artykuly\/ludzie-i-miejsca\/975-budynek-opery-i-baletu-w-oslo.html#primaryimage\"},\"datePublished\":\"2022-06-17T11:54:17+00:00\",\"dateModified\":\"2022-06-25T18:23:42+00:00\",\"author\":{\"@id\":\"https:\/\/svetkamene.eu\/#\/schema\/person\/63ecc926d3eacc6248c818270a6bbe23\"},\"description\":\"budova opery a baletu v Oslu byla ocen\u011bna cenou za po\u010diny v oblasti sou\u010dasn\u00e9 architektury. Projekt m\u011bl spl\u0148ovat t\u0159i po\u017eadavky.\",\"breadcrumb\":{\"@id\":\"https:\/\/www.kurierkamieniarski.pl\/artykuly\/ludzie-i-miejsca\/975-budynek-opery-i-baletu-w-oslo.html#breadcrumb\"},\"inLanguage\":\"cs\",\"potentialAction\":[{\"@type\":\"ReadAction\",\"target\":[\"https:\/\/www.kurierkamieniarski.pl\/artykuly\/ludzie-i-miejsca\/975-budynek-opery-i-baletu-w-oslo.html\"]}]},{\"@type\":\"BreadcrumbList\",\"@id\":\"https:\/\/www.kurierkamieniarski.pl\/artykuly\/ludzie-i-miejsca\/975-budynek-opery-i-baletu-w-oslo.html#breadcrumb\",\"itemListElement\":[{\"@type\":\"ListItem\",\"position\":1,\"name\":\"Dom\u016f\",\"item\":\"https:\/\/svetkamene.eu\/\"},{\"@type\":\"ListItem\",\"position\":2,\"name\":\"BUDOVA OPERY A BALETU V OSLU\"}]},{\"@type\":\"Person\",\"@id\":\"https:\/\/svetkamene.eu\/#\/schema\/person\/63ecc926d3eacc6248c818270a6bbe23\",\"name\":\"Martina Hovorkov\u00e1\",\"image\":{\"@type\":\"ImageObject\",\"inLanguage\":\"cs\",\"@id\":\"https:\/\/svetkamene.eu\/#\/schema\/person\/image\/\",\"url\":\"https:\/\/secure.gravatar.com\/avatar\/ab907f59548aa3bd3e4b7d266ef68fd1?s=96&d=mm&r=g\",\"contentUrl\":\"https:\/\/secure.gravatar.com\/avatar\/ab907f59548aa3bd3e4b7d266ef68fd1?s=96&d=mm&r=g\",\"caption\":\"Martina Hovorkov\u00e1\"},\"url\":\"https:\/\/svetkamene.eu\/index.php\/author\/hovorkova\/\"}]}<\/script>\n<!-- \/ Yoast SEO plugin. -->","yoast_head_json":{"title":"BUDOVA OPERY A BALETU V OSLU - Sv\u011bt Kamene","description":"budova opery a baletu v Oslu byla ocen\u011bna cenou za po\u010diny v oblasti sou\u010dasn\u00e9 architektury. Projekt m\u011bl spl\u0148ovat t\u0159i po\u017eadavky.","robots":{"index":"index","follow":"follow","max-snippet":"max-snippet:-1","max-image-preview":"max-image-preview:large","max-video-preview":"max-video-preview:-1"},"canonical":"https:\/\/www.kurierkamieniarski.pl\/artykuly\/ludzie-i-miejsca\/975-budynek-opery-i-baletu-w-oslo.html","og_locale":"cs_CZ","og_type":"article","og_title":"BUDOVA OPERY A BALETU V OSLU - Sv\u011bt Kamene","og_description":"budova opery a baletu v Oslu byla ocen\u011bna cenou za po\u010diny v oblasti sou\u010dasn\u00e9 architektury. Projekt m\u011bl spl\u0148ovat t\u0159i po\u017eadavky.","og_url":"https:\/\/www.kurierkamieniarski.pl\/artykuly\/ludzie-i-miejsca\/975-budynek-opery-i-baletu-w-oslo.html","og_site_name":"Sv\u011bt Kamene","article_published_time":"2022-06-17T11:54:17+00:00","article_modified_time":"2022-06-25T18:23:42+00:00","og_image":[{"width":640,"height":301,"url":"https:\/\/svetkamene.eu\/wp-content\/uploads\/2022\/06\/96zs1.jpg","type":"image\/jpeg"}],"twitter_card":"summary_large_image","twitter_misc":{"Napsal(a)":"Martina Hovorkov\u00e1","Odhadovan\u00e1 doba \u010dten\u00ed":"3 minuty"},"schema":{"@context":"https:\/\/schema.org","@graph":[{"@type":"WebSite","@id":"https:\/\/svetkamene.eu\/#website","url":"https:\/\/svetkamene.eu\/","name":"Sv\u011bt Kamene","description":"Port\u00e1l informuj\u00edc\u00ed o v\u0161em co souvis\u00ed s kamenem","potentialAction":[{"@type":"SearchAction","target":{"@type":"EntryPoint","urlTemplate":"https:\/\/svetkamene.eu\/?s={search_term_string}"},"query-input":"required name=search_term_string"}],"inLanguage":"cs"},{"@type":"ImageObject","inLanguage":"cs","@id":"https:\/\/www.kurierkamieniarski.pl\/artykuly\/ludzie-i-miejsca\/975-budynek-opery-i-baletu-w-oslo.html#primaryimage","url":"https:\/\/svetkamene.eu\/wp-content\/uploads\/2022\/06\/96zs1.jpg","contentUrl":"https:\/\/svetkamene.eu\/wp-content\/uploads\/2022\/06\/96zs1.jpg","width":640,"height":301},{"@type":"WebPage","@id":"https:\/\/www.kurierkamieniarski.pl\/artykuly\/ludzie-i-miejsca\/975-budynek-opery-i-baletu-w-oslo.html#webpage","url":"https:\/\/www.kurierkamieniarski.pl\/artykuly\/ludzie-i-miejsca\/975-budynek-opery-i-baletu-w-oslo.html","name":"BUDOVA OPERY A BALETU V OSLU - Sv\u011bt Kamene","isPartOf":{"@id":"https:\/\/svetkamene.eu\/#website"},"primaryImageOfPage":{"@id":"https:\/\/www.kurierkamieniarski.pl\/artykuly\/ludzie-i-miejsca\/975-budynek-opery-i-baletu-w-oslo.html#primaryimage"},"datePublished":"2022-06-17T11:54:17+00:00","dateModified":"2022-06-25T18:23:42+00:00","author":{"@id":"https:\/\/svetkamene.eu\/#\/schema\/person\/63ecc926d3eacc6248c818270a6bbe23"},"description":"budova opery a baletu v Oslu byla ocen\u011bna cenou za po\u010diny v oblasti sou\u010dasn\u00e9 architektury. Projekt m\u011bl spl\u0148ovat t\u0159i po\u017eadavky.","breadcrumb":{"@id":"https:\/\/www.kurierkamieniarski.pl\/artykuly\/ludzie-i-miejsca\/975-budynek-opery-i-baletu-w-oslo.html#breadcrumb"},"inLanguage":"cs","potentialAction":[{"@type":"ReadAction","target":["https:\/\/www.kurierkamieniarski.pl\/artykuly\/ludzie-i-miejsca\/975-budynek-opery-i-baletu-w-oslo.html"]}]},{"@type":"BreadcrumbList","@id":"https:\/\/www.kurierkamieniarski.pl\/artykuly\/ludzie-i-miejsca\/975-budynek-opery-i-baletu-w-oslo.html#breadcrumb","itemListElement":[{"@type":"ListItem","position":1,"name":"Dom\u016f","item":"https:\/\/svetkamene.eu\/"},{"@type":"ListItem","position":2,"name":"BUDOVA OPERY A BALETU V OSLU"}]},{"@type":"Person","@id":"https:\/\/svetkamene.eu\/#\/schema\/person\/63ecc926d3eacc6248c818270a6bbe23","name":"Martina Hovorkov\u00e1","image":{"@type":"ImageObject","inLanguage":"cs","@id":"https:\/\/svetkamene.eu\/#\/schema\/person\/image\/","url":"https:\/\/secure.gravatar.com\/avatar\/ab907f59548aa3bd3e4b7d266ef68fd1?s=96&d=mm&r=g","contentUrl":"https:\/\/secure.gravatar.com\/avatar\/ab907f59548aa3bd3e4b7d266ef68fd1?s=96&d=mm&r=g","caption":"Martina Hovorkov\u00e1"},"url":"https:\/\/svetkamene.eu\/index.php\/author\/hovorkova\/"}]}},"_links":{"self":[{"href":"https:\/\/svetkamene.eu\/index.php\/wp-json\/wp\/v2\/posts\/8568"}],"collection":[{"href":"https:\/\/svetkamene.eu\/index.php\/wp-json\/wp\/v2\/posts"}],"about":[{"href":"https:\/\/svetkamene.eu\/index.php\/wp-json\/wp\/v2\/types\/post"}],"author":[{"embeddable":true,"href":"https:\/\/svetkamene.eu\/index.php\/wp-json\/wp\/v2\/users\/31"}],"replies":[{"embeddable":true,"href":"https:\/\/svetkamene.eu\/index.php\/wp-json\/wp\/v2\/comments?post=8568"}],"version-history":[{"count":3,"href":"https:\/\/svetkamene.eu\/index.php\/wp-json\/wp\/v2\/posts\/8568\/revisions"}],"predecessor-version":[{"id":9960,"href":"https:\/\/svetkamene.eu\/index.php\/wp-json\/wp\/v2\/posts\/8568\/revisions\/9960"}],"wp:featuredmedia":[{"embeddable":true,"href":"https:\/\/svetkamene.eu\/index.php\/wp-json\/wp\/v2\/media\/8572"}],"wp:attachment":[{"href":"https:\/\/svetkamene.eu\/index.php\/wp-json\/wp\/v2\/media?parent=8568"}],"wp:term":[{"taxonomy":"category","embeddable":true,"href":"https:\/\/svetkamene.eu\/index.php\/wp-json\/wp\/v2\/categories?post=8568"},{"taxonomy":"post_tag","embeddable":true,"href":"https:\/\/svetkamene.eu\/index.php\/wp-json\/wp\/v2\/tags?post=8568"}],"curies":[{"name":"wp","href":"https:\/\/api.w.org\/{rel}","templated":true}]}}