{"id":8003,"date":"2020-08-16T13:00:00","date_gmt":"2020-08-16T11:00:00","guid":{"rendered":"https:\/\/svetkamene.eu\/?p=8003"},"modified":"2022-06-13T21:44:35","modified_gmt":"2022-06-13T19:44:35","slug":"the-centre-for-music-studies-in-santiago-de-compostella","status":"publish","type":"post","link":"https:\/\/svetkamene.eu\/index.php\/en\/2020\/08\/16\/the-centre-for-music-studies-in-santiago-de-compostella\/","title":{"rendered":"THE CENTRE FOR MUSIC STUDIES IN SANTIAGO DE COMPOSTELLA"},"content":{"rendered":"\n<p><strong>Is stone a&nbsp;plastic material? Can it be dynamic? Does it provoke imagination? Some projects offer positive answers to these and similar questions. The most important thing is to be able to free yourself from stereotypical thinking and let your imagination run wild.<\/strong><\/p>\n\n\n\n<div style=\"height:37px\" aria-hidden=\"true\" class=\"wp-block-spacer\"><\/div>\n\n\n\n<p>In the last issue of the magazine, we introduced the headquarters of the SGAE Association of Authors and Publishers &#8211; a&nbsp;building in the Vista Alegre district of Santiago de Compostella, Spain. In the same neighbourhood, there is another unusual project designed by the same architectural company: the Ensamble Studio.<\/p>\n\n\n\n<p>This project is the building of the Centre for Music Studies, a&nbsp;place where many great musicians, including members of the Galician Symphony Orchestra, have completed their studies.<\/p>\n\n\n\n<p>The author of the project &#8211; Ant\u00f3n Garc\u00eda-Abril &#8211; accepted the project&#8217;s&nbsp;offer with the understanding that it would be a&nbsp;building whose visual perception would vary depending on the distance from which it is viewed. The presented photographs confirm that this goal has been achieved.<\/p>\n\n\n\n<p>From a&nbsp;distance, the building resembles a&nbsp;fallen stone on a&nbsp;green grass carpet. For most viewers, this object &#8211; as the creator of the project calls it &#8211; is a&nbsp;form of &#8222;no definition&#8220;. Only when you get closer to the building, you begin to notice the subtle broken lines of the walls and vertical windows, which transform the otherwise homogeneous building into an interesting spectacle abounding in the play of light and shadow. From even closer, one can perceive the deliberately created defects in the material, whose uneven surface and rough machining create a&nbsp;unique atmosphere. The illuminated windows also visually lighten the massive body of the building, which can be seen from a&nbsp;distance.<\/p>\n\n\n\n<p>The designer wanted to achieve the effect of contraposition and duality of the object. A&nbsp;simple block displayed at different scales is intended to represent different levels of complexity. The distortions caused by the harmony of the whole body create interest in both the mass and the space that the building creates.<\/p>\n\n\n\n<p>The raw granite facade of the building refers in the spirit of the project to the ancient history and architecture of ancient Egypt or Rome but also has clear connections to Galician architecture. The design of the building itself is determined by the acoustic requirements. The main premises, which must meet high acoustic requirements, are located in the basement. These are larger rooms capable of accommodating large numbers of students and audiences: concert hall, halls for electroacoustic instruments, percussion, etc.<\/p>\n\n\n\n<p>On the upper floors there are communication circuits from which access to classrooms, smaller classrooms and offices is possible.<\/p>\n\n\n\n<p>Despite the innovative approach, the building gives the impression of having been located in this place for ages. The project was critically acclaimed as a&nbsp;contribution to a&nbsp;new view of geometry and basic architectural rules.<\/p>\n\n\n\n<p>The building was built in 2002. The total surface area of the building is 1700 m2 and the cost of construction was 3 million euros.<\/p>\n\n\n\n<p>More photos can be found at: <a href=\"http:\/\/www.facebook.com\/KurierKamieniarski\">www.facebook.com\/KurierKamieniarski<\/a><\/p>\n\n\n\n<div style=\"height:33px\" aria-hidden=\"true\" class=\"wp-block-spacer\"><\/div>\n\n\n\n<figure class=\"wp-block-image size-full\"><img loading=\"lazy\" width=\"640\" height=\"442\" src=\"https:\/\/svetkamene.eu\/wp-content\/uploads\/2022\/06\/santiago2-1.jpg\" alt=\"\" class=\"wp-image-8005\" srcset=\"https:\/\/svetkamene.eu\/wp-content\/uploads\/2022\/06\/santiago2-1.jpg 640w, https:\/\/svetkamene.eu\/wp-content\/uploads\/2022\/06\/santiago2-1-300x207.jpg 300w\" sizes=\"(max-width: 640px) 100vw, 640px\" \/><\/figure>\n\n\n\n<div style=\"height:27px\" aria-hidden=\"true\" class=\"wp-block-spacer\"><\/div>\n\n\n\n<p><em>Photograph: Roland Halbe a&nbsp;flickr.com<\/em><\/p>\n\n\n\n<div style=\"height:100px\" aria-hidden=\"true\" class=\"wp-block-spacer\"><\/div>\n\n\n\n<p>Source: <a href=\"https:\/\/www.kurierkamieniarski.pl\/artykuly\/o-kamieniu\/517-gdy-stolarz-zabiera-si-za-kamieniark.html\">Kurier ka<\/a><a href=\"https:\/\/www.kurierkamieniarski.pl\/artykuly\/o-kamieniu\/517-gdy-stolarz-zabiera-si-za-kamieniark.html\" target=\"_blank\" rel=\"noreferrer noopener\">mieniarski<\/a><\/p>\n\n\n\n<p>Source: Micha\u0142 Firlej | Published: 3.11.2015<\/p>\n","protected":false},"excerpt":{"rendered":"<p>Is stone a&nbsp;plastic material? Can it be dynamic? Does it provoke imagination? Some projects offer&#8230;<\/p>\n","protected":false},"author":13,"featured_media":2494,"comment_status":"closed","ping_status":"closed","sticky":false,"template":"","format":"standard","meta":{"ngg_post_thumbnail":0},"categories":[376],"tags":[],"yoast_head":"<!-- This site is optimized with the Yoast SEO plugin v19.1 - https:\/\/yoast.com\/wordpress\/plugins\/seo\/ -->\n<title>THE CENTRE FOR MUSIC STUDIES IN SANTIAGO DE COMPOSTELLA - Sv\u011bt Kamene<\/title>\n<meta name=\"description\" content=\"Toto za\u0159\u00edzen\u00ed je Centrum hudebn\u00edch studi\u00ed - m\u00edsto, kde postgradu\u00e1ln\u00ed studium absolvovalo mnoho skv\u011bl\u00fdch hudebn\u00edk\u016f,\" \/>\n<meta name=\"robots\" content=\"index, follow, max-snippet:-1, max-image-preview:large, max-video-preview:-1\" \/>\n<link rel=\"canonical\" href=\"https:\/\/svetkamene.eu\/index.php\/en\/2020\/08\/16\/the-centre-for-music-studies-in-santiago-de-compostella\/\" \/>\n<meta property=\"og:locale\" content=\"cs_CZ\" \/>\n<meta property=\"og:type\" content=\"article\" \/>\n<meta property=\"og:title\" content=\"THE CENTRE FOR MUSIC STUDIES IN SANTIAGO DE COMPOSTELLA - Sv\u011bt Kamene\" \/>\n<meta property=\"og:description\" content=\"Toto za\u0159\u00edzen\u00ed je Centrum hudebn\u00edch studi\u00ed - m\u00edsto, kde postgradu\u00e1ln\u00ed studium absolvovalo mnoho skv\u011bl\u00fdch hudebn\u00edk\u016f,\" \/>\n<meta property=\"og:url\" content=\"https:\/\/svetkamene.eu\/index.php\/en\/2020\/08\/16\/the-centre-for-music-studies-in-santiago-de-compostella\/\" \/>\n<meta property=\"og:site_name\" content=\"Sv\u011bt Kamene\" \/>\n<meta property=\"article:published_time\" content=\"2020-08-16T11:00:00+00:00\" \/>\n<meta property=\"article:modified_time\" content=\"2022-06-13T19:44:35+00:00\" \/>\n<meta property=\"og:image\" content=\"https:\/\/svetkamene.eu\/wp-content\/uploads\/2021\/01\/santiago1.jpg\" \/>\n\t<meta property=\"og:image:width\" content=\"640\" \/>\n\t<meta property=\"og:image:height\" content=\"370\" \/>\n\t<meta property=\"og:image:type\" content=\"image\/jpeg\" \/>\n<meta name=\"twitter:card\" content=\"summary_large_image\" \/>\n<meta name=\"twitter:label1\" content=\"Napsal(a)\" \/>\n\t<meta name=\"twitter:data1\" content=\"Kate\u0159ina Markvartov\u00e1\" \/>\n\t<meta name=\"twitter:label2\" content=\"Odhadovan\u00e1 doba \u010dten\u00ed\" \/>\n\t<meta name=\"twitter:data2\" content=\"4 minuty\" \/>\n<script type=\"application\/ld+json\" class=\"yoast-schema-graph\">{\"@context\":\"https:\/\/schema.org\",\"@graph\":[{\"@type\":\"WebSite\",\"@id\":\"https:\/\/svetkamene.eu\/#website\",\"url\":\"https:\/\/svetkamene.eu\/\",\"name\":\"Sv\u011bt Kamene\",\"description\":\"Port\u00e1l informuj\u00edc\u00ed o v\u0161em co souvis\u00ed s kamenem\",\"potentialAction\":[{\"@type\":\"SearchAction\",\"target\":{\"@type\":\"EntryPoint\",\"urlTemplate\":\"https:\/\/svetkamene.eu\/?s={search_term_string}\"},\"query-input\":\"required name=search_term_string\"}],\"inLanguage\":\"cs\"},{\"@type\":\"ImageObject\",\"inLanguage\":\"cs\",\"@id\":\"https:\/\/svetkamene.eu\/index.php\/en\/2020\/08\/16\/the-centre-for-music-studies-in-santiago-de-compostella\/#primaryimage\",\"url\":\"https:\/\/svetkamene.eu\/wp-content\/uploads\/2021\/01\/santiago1.jpg\",\"contentUrl\":\"https:\/\/svetkamene.eu\/wp-content\/uploads\/2021\/01\/santiago1.jpg\",\"width\":640,\"height\":370},{\"@type\":\"WebPage\",\"@id\":\"https:\/\/svetkamene.eu\/index.php\/en\/2020\/08\/16\/the-centre-for-music-studies-in-santiago-de-compostella\/#webpage\",\"url\":\"https:\/\/svetkamene.eu\/index.php\/en\/2020\/08\/16\/the-centre-for-music-studies-in-santiago-de-compostella\/\",\"name\":\"THE CENTRE FOR MUSIC STUDIES IN SANTIAGO DE COMPOSTELLA - Sv\u011bt Kamene\",\"isPartOf\":{\"@id\":\"https:\/\/svetkamene.eu\/#website\"},\"primaryImageOfPage\":{\"@id\":\"https:\/\/svetkamene.eu\/index.php\/en\/2020\/08\/16\/the-centre-for-music-studies-in-santiago-de-compostella\/#primaryimage\"},\"datePublished\":\"2020-08-16T11:00:00+00:00\",\"dateModified\":\"2022-06-13T19:44:35+00:00\",\"author\":{\"@id\":\"https:\/\/svetkamene.eu\/#\/schema\/person\/9796ccd50eb4bef1ae8524fac2dfbc9a\"},\"description\":\"Toto za\u0159\u00edzen\u00ed je Centrum hudebn\u00edch studi\u00ed - m\u00edsto, kde postgradu\u00e1ln\u00ed studium absolvovalo mnoho skv\u011bl\u00fdch hudebn\u00edk\u016f,\",\"breadcrumb\":{\"@id\":\"https:\/\/svetkamene.eu\/index.php\/en\/2020\/08\/16\/the-centre-for-music-studies-in-santiago-de-compostella\/#breadcrumb\"},\"inLanguage\":\"cs\",\"potentialAction\":[{\"@type\":\"ReadAction\",\"target\":[\"https:\/\/svetkamene.eu\/index.php\/en\/2020\/08\/16\/the-centre-for-music-studies-in-santiago-de-compostella\/\"]}]},{\"@type\":\"BreadcrumbList\",\"@id\":\"https:\/\/svetkamene.eu\/index.php\/en\/2020\/08\/16\/the-centre-for-music-studies-in-santiago-de-compostella\/#breadcrumb\",\"itemListElement\":[{\"@type\":\"ListItem\",\"position\":1,\"name\":\"Dom\u016f\",\"item\":\"https:\/\/svetkamene.eu\/\"},{\"@type\":\"ListItem\",\"position\":2,\"name\":\"THE CENTRE FOR MUSIC STUDIES IN SANTIAGO DE COMPOSTELLA\"}]},{\"@type\":\"Person\",\"@id\":\"https:\/\/svetkamene.eu\/#\/schema\/person\/9796ccd50eb4bef1ae8524fac2dfbc9a\",\"name\":\"Kate\u0159ina Markvartov\u00e1\",\"image\":{\"@type\":\"ImageObject\",\"inLanguage\":\"cs\",\"@id\":\"https:\/\/svetkamene.eu\/#\/schema\/person\/image\/\",\"url\":\"https:\/\/secure.gravatar.com\/avatar\/9c2d86222d8e1ce7b67da7f6ec0761a7?s=96&d=mm&r=g\",\"contentUrl\":\"https:\/\/secure.gravatar.com\/avatar\/9c2d86222d8e1ce7b67da7f6ec0761a7?s=96&d=mm&r=g\",\"caption\":\"Kate\u0159ina Markvartov\u00e1\"},\"url\":\"https:\/\/svetkamene.eu\/index.php\/author\/ka-markvartovagmail-com\/\"}]}<\/script>\n<!-- \/ Yoast SEO plugin. -->","yoast_head_json":{"title":"THE CENTRE FOR MUSIC STUDIES IN SANTIAGO DE COMPOSTELLA - Sv\u011bt Kamene","description":"Toto za\u0159\u00edzen\u00ed je Centrum hudebn\u00edch studi\u00ed - m\u00edsto, kde postgradu\u00e1ln\u00ed studium absolvovalo mnoho skv\u011bl\u00fdch hudebn\u00edk\u016f,","robots":{"index":"index","follow":"follow","max-snippet":"max-snippet:-1","max-image-preview":"max-image-preview:large","max-video-preview":"max-video-preview:-1"},"canonical":"https:\/\/svetkamene.eu\/index.php\/en\/2020\/08\/16\/the-centre-for-music-studies-in-santiago-de-compostella\/","og_locale":"cs_CZ","og_type":"article","og_title":"THE CENTRE FOR MUSIC STUDIES IN SANTIAGO DE COMPOSTELLA - Sv\u011bt Kamene","og_description":"Toto za\u0159\u00edzen\u00ed je Centrum hudebn\u00edch studi\u00ed - m\u00edsto, kde postgradu\u00e1ln\u00ed studium absolvovalo mnoho skv\u011bl\u00fdch hudebn\u00edk\u016f,","og_url":"https:\/\/svetkamene.eu\/index.php\/en\/2020\/08\/16\/the-centre-for-music-studies-in-santiago-de-compostella\/","og_site_name":"Sv\u011bt Kamene","article_published_time":"2020-08-16T11:00:00+00:00","article_modified_time":"2022-06-13T19:44:35+00:00","og_image":[{"width":640,"height":370,"url":"https:\/\/svetkamene.eu\/wp-content\/uploads\/2021\/01\/santiago1.jpg","type":"image\/jpeg"}],"twitter_card":"summary_large_image","twitter_misc":{"Napsal(a)":"Kate\u0159ina Markvartov\u00e1","Odhadovan\u00e1 doba \u010dten\u00ed":"4 minuty"},"schema":{"@context":"https:\/\/schema.org","@graph":[{"@type":"WebSite","@id":"https:\/\/svetkamene.eu\/#website","url":"https:\/\/svetkamene.eu\/","name":"Sv\u011bt Kamene","description":"Port\u00e1l informuj\u00edc\u00ed o v\u0161em co souvis\u00ed s kamenem","potentialAction":[{"@type":"SearchAction","target":{"@type":"EntryPoint","urlTemplate":"https:\/\/svetkamene.eu\/?s={search_term_string}"},"query-input":"required name=search_term_string"}],"inLanguage":"cs"},{"@type":"ImageObject","inLanguage":"cs","@id":"https:\/\/svetkamene.eu\/index.php\/en\/2020\/08\/16\/the-centre-for-music-studies-in-santiago-de-compostella\/#primaryimage","url":"https:\/\/svetkamene.eu\/wp-content\/uploads\/2021\/01\/santiago1.jpg","contentUrl":"https:\/\/svetkamene.eu\/wp-content\/uploads\/2021\/01\/santiago1.jpg","width":640,"height":370},{"@type":"WebPage","@id":"https:\/\/svetkamene.eu\/index.php\/en\/2020\/08\/16\/the-centre-for-music-studies-in-santiago-de-compostella\/#webpage","url":"https:\/\/svetkamene.eu\/index.php\/en\/2020\/08\/16\/the-centre-for-music-studies-in-santiago-de-compostella\/","name":"THE CENTRE FOR MUSIC STUDIES IN SANTIAGO DE COMPOSTELLA - Sv\u011bt Kamene","isPartOf":{"@id":"https:\/\/svetkamene.eu\/#website"},"primaryImageOfPage":{"@id":"https:\/\/svetkamene.eu\/index.php\/en\/2020\/08\/16\/the-centre-for-music-studies-in-santiago-de-compostella\/#primaryimage"},"datePublished":"2020-08-16T11:00:00+00:00","dateModified":"2022-06-13T19:44:35+00:00","author":{"@id":"https:\/\/svetkamene.eu\/#\/schema\/person\/9796ccd50eb4bef1ae8524fac2dfbc9a"},"description":"Toto za\u0159\u00edzen\u00ed je Centrum hudebn\u00edch studi\u00ed - m\u00edsto, kde postgradu\u00e1ln\u00ed studium absolvovalo mnoho skv\u011bl\u00fdch hudebn\u00edk\u016f,","breadcrumb":{"@id":"https:\/\/svetkamene.eu\/index.php\/en\/2020\/08\/16\/the-centre-for-music-studies-in-santiago-de-compostella\/#breadcrumb"},"inLanguage":"cs","potentialAction":[{"@type":"ReadAction","target":["https:\/\/svetkamene.eu\/index.php\/en\/2020\/08\/16\/the-centre-for-music-studies-in-santiago-de-compostella\/"]}]},{"@type":"BreadcrumbList","@id":"https:\/\/svetkamene.eu\/index.php\/en\/2020\/08\/16\/the-centre-for-music-studies-in-santiago-de-compostella\/#breadcrumb","itemListElement":[{"@type":"ListItem","position":1,"name":"Dom\u016f","item":"https:\/\/svetkamene.eu\/"},{"@type":"ListItem","position":2,"name":"THE CENTRE FOR MUSIC STUDIES IN SANTIAGO DE COMPOSTELLA"}]},{"@type":"Person","@id":"https:\/\/svetkamene.eu\/#\/schema\/person\/9796ccd50eb4bef1ae8524fac2dfbc9a","name":"Kate\u0159ina Markvartov\u00e1","image":{"@type":"ImageObject","inLanguage":"cs","@id":"https:\/\/svetkamene.eu\/#\/schema\/person\/image\/","url":"https:\/\/secure.gravatar.com\/avatar\/9c2d86222d8e1ce7b67da7f6ec0761a7?s=96&d=mm&r=g","contentUrl":"https:\/\/secure.gravatar.com\/avatar\/9c2d86222d8e1ce7b67da7f6ec0761a7?s=96&d=mm&r=g","caption":"Kate\u0159ina Markvartov\u00e1"},"url":"https:\/\/svetkamene.eu\/index.php\/author\/ka-markvartovagmail-com\/"}]}},"_links":{"self":[{"href":"https:\/\/svetkamene.eu\/index.php\/wp-json\/wp\/v2\/posts\/8003"}],"collection":[{"href":"https:\/\/svetkamene.eu\/index.php\/wp-json\/wp\/v2\/posts"}],"about":[{"href":"https:\/\/svetkamene.eu\/index.php\/wp-json\/wp\/v2\/types\/post"}],"author":[{"embeddable":true,"href":"https:\/\/svetkamene.eu\/index.php\/wp-json\/wp\/v2\/users\/13"}],"replies":[{"embeddable":true,"href":"https:\/\/svetkamene.eu\/index.php\/wp-json\/wp\/v2\/comments?post=8003"}],"version-history":[{"count":3,"href":"https:\/\/svetkamene.eu\/index.php\/wp-json\/wp\/v2\/posts\/8003\/revisions"}],"predecessor-version":[{"id":8013,"href":"https:\/\/svetkamene.eu\/index.php\/wp-json\/wp\/v2\/posts\/8003\/revisions\/8013"}],"wp:featuredmedia":[{"embeddable":true,"href":"https:\/\/svetkamene.eu\/index.php\/wp-json\/wp\/v2\/media\/2494"}],"wp:attachment":[{"href":"https:\/\/svetkamene.eu\/index.php\/wp-json\/wp\/v2\/media?parent=8003"}],"wp:term":[{"taxonomy":"category","embeddable":true,"href":"https:\/\/svetkamene.eu\/index.php\/wp-json\/wp\/v2\/categories?post=8003"},{"taxonomy":"post_tag","embeddable":true,"href":"https:\/\/svetkamene.eu\/index.php\/wp-json\/wp\/v2\/tags?post=8003"}],"curies":[{"name":"wp","href":"https:\/\/api.w.org\/{rel}","templated":true}]}}