{"id":8001,"date":"2020-08-16T13:00:00","date_gmt":"2020-08-16T11:00:00","guid":{"rendered":"https:\/\/svetkamene.eu\/?p=8001"},"modified":"2022-06-13T21:37:36","modified_gmt":"2022-06-13T19:37:36","slug":"osrodek-studiow-muzycznych-w-santiago-de-compostella","status":"publish","type":"post","link":"https:\/\/svetkamene.eu\/index.php\/pl\/2020\/08\/16\/osrodek-studiow-muzycznych-w-santiago-de-compostella\/","title":{"rendered":"O\u015aRODEK STUDI\u00d3W MUZYCZNYCH W SANTIAGO DE COMPOSTELLA"},"content":{"rendered":"\n<p><strong>Czy kamie\u0144 jest tworzywem plastycznym? Czy kamie\u0144 mo\u017ce by\u0107 dynamiczny? Czy kamie\u0144 pobudza wyobra\u017ani\u0119? Ot\u00f3\u017c s\u0105 realizacje, kt\u00f3re podsuwaj\u0105 twierdz\u0105ce odpowiedzi na te i&nbsp;podobne pytania. Najwa\u017cniejsze to uwolni\u0107 si\u0119 od stereotypowego my\u015blenia i&nbsp;pu\u015bci\u0107 wodze fantazji.<\/strong><\/p>\n\n\n\n<div style=\"height:37px\" aria-hidden=\"true\" class=\"wp-block-spacer\"><\/div>\n\n\n\n<p>W poprzednim numerze prezentowali\u015bmy siedzib\u0119 Stowarzyszenia Autor\u00f3w i&nbsp;Wydawc\u00f3w SGAE \u2013 budynek zlokalizowany w dzielnicy Vista Alegre hiszpa\u0144skiego miasta Santiago de Compostella. W tej samej dzielnicy istnieje jeszcze jedna nietypowa realizacja zaprojektowana przez to samo biuro architektoniczne: Ensamble Studio.<\/p>\n\n\n\n<p>Obiektem tym jest O\u015brodek Studi\u00f3w Muzycznych \u2013 miejsce, gdzie muzyczne studia podyplomowe ko\u0144czy\u0142o wielu wspania\u0142ych muzyk\u00f3w, w tym cz\u0142onkowie Galicyjskiej Orkiestry Symfonicznej.<\/p>\n\n\n\n<p>Autor projektu \u2013 Ant\u00f3n Garc\u00eda-Abril \u2013 przyj\u0105\u0142 za\u0142o\u017cenie projektowe, \u017ce ma to by\u0107 budynek, kt\u00f3rego wizualny odbi\u00f3r b\u0119dzie si\u0119 zmienia\u0142 zale\u017cnie od odleg\u0142o\u015bci z&nbsp;jakiej b\u0119dzie ogl\u0105dany. Prezentowane zdj\u0119cia potwierdzaj\u0105, \u017ce za\u0142o\u017cenie zosta\u0142o zrealizowane.<\/p>\n\n\n\n<p>Z wi\u0119kszej odleg\u0142o\u015bci budynek wygl\u0105da jakby na zielony dywan traw spad\u0142 kamienny g\u0142az. Taka forma sprawia, \u017ce dla wi\u0119kszo\u015bci widz\u00f3w ogl\u0105daj\u0105cych obiekt jest on \u2013 jak to okre\u015bla tw\u00f3rca projektu \u2013 form\u0105 \u201ebez definicji\u201d. Dopiero zbli\u017cenie si\u0119 do budynku powoduje dostrze\u017cenie delikatnej \u0142amanej linii \u015bcian oraz pionowych okien, kt\u00f3re zmieniaj\u0105 jednorodn\u0105 bry\u0142\u0119 w drgaj\u0105cy \u015bwiat\u0142em i&nbsp;cieniem kszta\u0142t. Z&nbsp;jeszcze mniejszej odleg\u0142o\u015bci wida\u0107, \u017ce uskoki materia\u0142u, jego nier\u00f3wna powierzchnia i&nbsp;surowo\u015b\u0107 obr\u00f3bki, tworz\u0105 niepowtarzalny klimat, a&nbsp;\u015bwiat\u0142o otwor\u00f3w okiennych odejmuje optycznie ci\u0119\u017caru wielkiej bryle, kt\u00f3r\u0105 widzi si\u0119 z&nbsp;daleka.<\/p>\n\n\n\n<p>Projektant chcia\u0142 uzyska\u0107 efekt kontrapozycji i&nbsp;dwoisto\u015bci obiektu. Prosta bry\u0142a ogl\u0105dana w r\u00f3\u017cnej skali, prezentuje r\u00f3\u017cne poziomy z\u0142o\u017cono\u015bci. Zniekszta\u0142cenia na\u0142o\u017cone na harmoni\u0119 ca\u0142ej bry\u0142y wywo\u0142uj\u0105 zainteresowanie zar\u00f3wno materi\u0105 jak i&nbsp;przestrzeni\u0105, kt\u00f3r\u0105 budynek tworzy. Surowa, granitowa fasada budynku, wed\u0142ug za\u0142o\u017ce\u0144 projektowych, odwo\u0142uje si\u0119 do zamierzch\u0142ej historii i&nbsp;obiekt\u00f3w architektury Egiptu czy Rzymu, ale ma r\u00f3wnie\u017c wyra\u017ane zwi\u0105zki z&nbsp;architektur\u0105 galicyjsk\u0105.<\/p>\n\n\n\n<p>Sama konstrukcja budynku jest determinowana wymaganiami akustycznymi. G\u0142\u00f3wne sale o&nbsp;wysokich wymogach akustyki zaprojektowano w podziemiach. S\u0105 to wi\u0119ksze sale zdolne pomie\u015bci\u0107 du\u017c\u0105 liczb\u0119 student\u00f3w i&nbsp;widz\u00f3w: audytorium, sale elektroakustyczne, pokoje perkusyjne itd.<\/p>\n\n\n\n<p>G\u00f3rne pi\u0119tra to pier\u015bcienie komunikacyjne, z&nbsp;kt\u00f3rych mo\u017cna wej\u015b\u0107 do gabinet\u00f3w, mniejszych sal lekcyjnych i&nbsp;biur.<\/p>\n\n\n\n<p>Mimo nowatorskiego podej\u015bcia obiekt sprawia wra\u017cenie jakby przynale\u017ca\u0142 do tej przestrzeni od zawsze. Krytycy architektury uznali projekt za nowe spojrzenie na geometri\u0119 i&nbsp;kanony budownictwa.<\/p>\n\n\n\n<p>Obiekt zosta\u0142 wybudowany w 2002 roku. \u0141\u0105czna powierzchnia obiektu to 1700 m2, a&nbsp;koszt realizacji wyni\u00f3s\u0142 3.000.000 \u20ac.<\/p>\n\n\n\n<p>Wi\u0119cej zdj\u0119\u0107: <a href=\"http:\/\/www.facebook.com\/KurierKamieniarski\">http:\/\/www.facebook.com\/KurierKamieniarski<\/a><\/p>\n\n\n\n<div style=\"height:37px\" aria-hidden=\"true\" class=\"wp-block-spacer\"><\/div>\n\n\n\n<figure class=\"wp-block-image size-full\"><img loading=\"lazy\" width=\"640\" height=\"442\" src=\"https:\/\/svetkamene.eu\/wp-content\/uploads\/2022\/06\/santiago2.jpg\" alt=\"\" class=\"wp-image-8004\" srcset=\"https:\/\/svetkamene.eu\/wp-content\/uploads\/2022\/06\/santiago2.jpg 640w, https:\/\/svetkamene.eu\/wp-content\/uploads\/2022\/06\/santiago2-300x207.jpg 300w\" sizes=\"(max-width: 640px) 100vw, 640px\" \/><\/figure>\n\n\n\n<div style=\"height:37px\" aria-hidden=\"true\" class=\"wp-block-spacer\"><\/div>\n\n\n\n<p><em>Zdj\u0119cia: Roland Halbe oraz flickr.com<\/em><\/p>\n\n\n\n<div style=\"height:100px\" aria-hidden=\"true\" class=\"wp-block-spacer\"><\/div>\n\n\n\n<p>\u0179r\u00f3d\u0142o: <a href=\"https:\/\/www.kurierkamieniarski.pl\/artykuly\/o-kamieniu\/513-orodek-studiow-muzycznych-w-santiago-de-compostella.html\">Kurier kamieniarski<\/a><\/p>\n\n\n\n<p>Autor: Kurier Kamieniarski&nbsp;&nbsp;&nbsp;|&nbsp;&nbsp;&nbsp;Data: wtorek, 03 listopada 2015<\/p>\n","protected":false},"excerpt":{"rendered":"<p>Czy kamie\u0144 jest tworzywem plastycznym? Czy kamie\u0144 mo\u017ce by\u0107 dynamiczny? Czy kamie\u0144 pobudza wyobra\u017ani\u0119? Ot\u00f3\u017c&#8230;<\/p>\n","protected":false},"author":13,"featured_media":2494,"comment_status":"closed","ping_status":"closed","sticky":false,"template":"","format":"standard","meta":{"ngg_post_thumbnail":0},"categories":[374],"tags":[],"yoast_head":"<!-- This site is optimized with the Yoast SEO plugin v19.1 - https:\/\/yoast.com\/wordpress\/plugins\/seo\/ -->\n<title>O\u015aRODEK STUDI\u00d3W MUZYCZNYCH W SANTIAGO DE COMPOSTELLA - Sv\u011bt Kamene<\/title>\n<meta name=\"description\" content=\"Toto za\u0159\u00edzen\u00ed je Centrum hudebn\u00edch studi\u00ed - m\u00edsto, kde postgradu\u00e1ln\u00ed studium absolvovalo mnoho skv\u011bl\u00fdch hudebn\u00edk\u016f,\" \/>\n<meta name=\"robots\" content=\"index, follow, max-snippet:-1, max-image-preview:large, max-video-preview:-1\" \/>\n<link rel=\"canonical\" href=\"https:\/\/svetkamene.eu\/index.php\/pl\/2020\/08\/16\/osrodek-studiow-muzycznych-w-santiago-de-compostella\/\" \/>\n<meta property=\"og:locale\" content=\"cs_CZ\" \/>\n<meta property=\"og:type\" content=\"article\" \/>\n<meta property=\"og:title\" content=\"O\u015aRODEK STUDI\u00d3W MUZYCZNYCH W SANTIAGO DE COMPOSTELLA - Sv\u011bt Kamene\" \/>\n<meta property=\"og:description\" content=\"Toto za\u0159\u00edzen\u00ed je Centrum hudebn\u00edch studi\u00ed - m\u00edsto, kde postgradu\u00e1ln\u00ed studium absolvovalo mnoho skv\u011bl\u00fdch hudebn\u00edk\u016f,\" \/>\n<meta property=\"og:url\" content=\"https:\/\/svetkamene.eu\/index.php\/pl\/2020\/08\/16\/osrodek-studiow-muzycznych-w-santiago-de-compostella\/\" \/>\n<meta property=\"og:site_name\" content=\"Sv\u011bt Kamene\" \/>\n<meta property=\"article:published_time\" content=\"2020-08-16T11:00:00+00:00\" \/>\n<meta property=\"article:modified_time\" content=\"2022-06-13T19:37:36+00:00\" \/>\n<meta property=\"og:image\" content=\"https:\/\/svetkamene.eu\/wp-content\/uploads\/2021\/01\/santiago1.jpg\" \/>\n\t<meta property=\"og:image:width\" content=\"640\" \/>\n\t<meta property=\"og:image:height\" content=\"370\" \/>\n\t<meta property=\"og:image:type\" content=\"image\/jpeg\" \/>\n<meta name=\"twitter:card\" content=\"summary_large_image\" \/>\n<meta name=\"twitter:label1\" content=\"Napsal(a)\" \/>\n\t<meta name=\"twitter:data1\" content=\"Kate\u0159ina Markvartov\u00e1\" \/>\n\t<meta name=\"twitter:label2\" content=\"Odhadovan\u00e1 doba \u010dten\u00ed\" \/>\n\t<meta name=\"twitter:data2\" content=\"3 minuty\" \/>\n<script type=\"application\/ld+json\" class=\"yoast-schema-graph\">{\"@context\":\"https:\/\/schema.org\",\"@graph\":[{\"@type\":\"WebSite\",\"@id\":\"https:\/\/svetkamene.eu\/#website\",\"url\":\"https:\/\/svetkamene.eu\/\",\"name\":\"Sv\u011bt Kamene\",\"description\":\"Port\u00e1l informuj\u00edc\u00ed o v\u0161em co souvis\u00ed s kamenem\",\"potentialAction\":[{\"@type\":\"SearchAction\",\"target\":{\"@type\":\"EntryPoint\",\"urlTemplate\":\"https:\/\/svetkamene.eu\/?s={search_term_string}\"},\"query-input\":\"required name=search_term_string\"}],\"inLanguage\":\"cs\"},{\"@type\":\"ImageObject\",\"inLanguage\":\"cs\",\"@id\":\"https:\/\/svetkamene.eu\/index.php\/pl\/2020\/08\/16\/osrodek-studiow-muzycznych-w-santiago-de-compostella\/#primaryimage\",\"url\":\"https:\/\/svetkamene.eu\/wp-content\/uploads\/2021\/01\/santiago1.jpg\",\"contentUrl\":\"https:\/\/svetkamene.eu\/wp-content\/uploads\/2021\/01\/santiago1.jpg\",\"width\":640,\"height\":370},{\"@type\":\"WebPage\",\"@id\":\"https:\/\/svetkamene.eu\/index.php\/pl\/2020\/08\/16\/osrodek-studiow-muzycznych-w-santiago-de-compostella\/#webpage\",\"url\":\"https:\/\/svetkamene.eu\/index.php\/pl\/2020\/08\/16\/osrodek-studiow-muzycznych-w-santiago-de-compostella\/\",\"name\":\"O\u015aRODEK STUDI\u00d3W MUZYCZNYCH W SANTIAGO DE COMPOSTELLA - Sv\u011bt Kamene\",\"isPartOf\":{\"@id\":\"https:\/\/svetkamene.eu\/#website\"},\"primaryImageOfPage\":{\"@id\":\"https:\/\/svetkamene.eu\/index.php\/pl\/2020\/08\/16\/osrodek-studiow-muzycznych-w-santiago-de-compostella\/#primaryimage\"},\"datePublished\":\"2020-08-16T11:00:00+00:00\",\"dateModified\":\"2022-06-13T19:37:36+00:00\",\"author\":{\"@id\":\"https:\/\/svetkamene.eu\/#\/schema\/person\/9796ccd50eb4bef1ae8524fac2dfbc9a\"},\"description\":\"Toto za\u0159\u00edzen\u00ed je Centrum hudebn\u00edch studi\u00ed - m\u00edsto, kde postgradu\u00e1ln\u00ed studium absolvovalo mnoho skv\u011bl\u00fdch hudebn\u00edk\u016f,\",\"breadcrumb\":{\"@id\":\"https:\/\/svetkamene.eu\/index.php\/pl\/2020\/08\/16\/osrodek-studiow-muzycznych-w-santiago-de-compostella\/#breadcrumb\"},\"inLanguage\":\"cs\",\"potentialAction\":[{\"@type\":\"ReadAction\",\"target\":[\"https:\/\/svetkamene.eu\/index.php\/pl\/2020\/08\/16\/osrodek-studiow-muzycznych-w-santiago-de-compostella\/\"]}]},{\"@type\":\"BreadcrumbList\",\"@id\":\"https:\/\/svetkamene.eu\/index.php\/pl\/2020\/08\/16\/osrodek-studiow-muzycznych-w-santiago-de-compostella\/#breadcrumb\",\"itemListElement\":[{\"@type\":\"ListItem\",\"position\":1,\"name\":\"Dom\u016f\",\"item\":\"https:\/\/svetkamene.eu\/\"},{\"@type\":\"ListItem\",\"position\":2,\"name\":\"O\u015aRODEK STUDI\u00d3W MUZYCZNYCH W SANTIAGO DE COMPOSTELLA\"}]},{\"@type\":\"Person\",\"@id\":\"https:\/\/svetkamene.eu\/#\/schema\/person\/9796ccd50eb4bef1ae8524fac2dfbc9a\",\"name\":\"Kate\u0159ina Markvartov\u00e1\",\"image\":{\"@type\":\"ImageObject\",\"inLanguage\":\"cs\",\"@id\":\"https:\/\/svetkamene.eu\/#\/schema\/person\/image\/\",\"url\":\"https:\/\/secure.gravatar.com\/avatar\/9c2d86222d8e1ce7b67da7f6ec0761a7?s=96&d=mm&r=g\",\"contentUrl\":\"https:\/\/secure.gravatar.com\/avatar\/9c2d86222d8e1ce7b67da7f6ec0761a7?s=96&d=mm&r=g\",\"caption\":\"Kate\u0159ina Markvartov\u00e1\"},\"url\":\"https:\/\/svetkamene.eu\/index.php\/author\/ka-markvartovagmail-com\/\"}]}<\/script>\n<!-- \/ Yoast SEO plugin. -->","yoast_head_json":{"title":"O\u015aRODEK STUDI\u00d3W MUZYCZNYCH W SANTIAGO DE COMPOSTELLA - Sv\u011bt Kamene","description":"Toto za\u0159\u00edzen\u00ed je Centrum hudebn\u00edch studi\u00ed - m\u00edsto, kde postgradu\u00e1ln\u00ed studium absolvovalo mnoho skv\u011bl\u00fdch hudebn\u00edk\u016f,","robots":{"index":"index","follow":"follow","max-snippet":"max-snippet:-1","max-image-preview":"max-image-preview:large","max-video-preview":"max-video-preview:-1"},"canonical":"https:\/\/svetkamene.eu\/index.php\/pl\/2020\/08\/16\/osrodek-studiow-muzycznych-w-santiago-de-compostella\/","og_locale":"cs_CZ","og_type":"article","og_title":"O\u015aRODEK STUDI\u00d3W MUZYCZNYCH W SANTIAGO DE COMPOSTELLA - Sv\u011bt Kamene","og_description":"Toto za\u0159\u00edzen\u00ed je Centrum hudebn\u00edch studi\u00ed - m\u00edsto, kde postgradu\u00e1ln\u00ed studium absolvovalo mnoho skv\u011bl\u00fdch hudebn\u00edk\u016f,","og_url":"https:\/\/svetkamene.eu\/index.php\/pl\/2020\/08\/16\/osrodek-studiow-muzycznych-w-santiago-de-compostella\/","og_site_name":"Sv\u011bt Kamene","article_published_time":"2020-08-16T11:00:00+00:00","article_modified_time":"2022-06-13T19:37:36+00:00","og_image":[{"width":640,"height":370,"url":"https:\/\/svetkamene.eu\/wp-content\/uploads\/2021\/01\/santiago1.jpg","type":"image\/jpeg"}],"twitter_card":"summary_large_image","twitter_misc":{"Napsal(a)":"Kate\u0159ina Markvartov\u00e1","Odhadovan\u00e1 doba \u010dten\u00ed":"3 minuty"},"schema":{"@context":"https:\/\/schema.org","@graph":[{"@type":"WebSite","@id":"https:\/\/svetkamene.eu\/#website","url":"https:\/\/svetkamene.eu\/","name":"Sv\u011bt Kamene","description":"Port\u00e1l informuj\u00edc\u00ed o v\u0161em co souvis\u00ed s kamenem","potentialAction":[{"@type":"SearchAction","target":{"@type":"EntryPoint","urlTemplate":"https:\/\/svetkamene.eu\/?s={search_term_string}"},"query-input":"required name=search_term_string"}],"inLanguage":"cs"},{"@type":"ImageObject","inLanguage":"cs","@id":"https:\/\/svetkamene.eu\/index.php\/pl\/2020\/08\/16\/osrodek-studiow-muzycznych-w-santiago-de-compostella\/#primaryimage","url":"https:\/\/svetkamene.eu\/wp-content\/uploads\/2021\/01\/santiago1.jpg","contentUrl":"https:\/\/svetkamene.eu\/wp-content\/uploads\/2021\/01\/santiago1.jpg","width":640,"height":370},{"@type":"WebPage","@id":"https:\/\/svetkamene.eu\/index.php\/pl\/2020\/08\/16\/osrodek-studiow-muzycznych-w-santiago-de-compostella\/#webpage","url":"https:\/\/svetkamene.eu\/index.php\/pl\/2020\/08\/16\/osrodek-studiow-muzycznych-w-santiago-de-compostella\/","name":"O\u015aRODEK STUDI\u00d3W MUZYCZNYCH W SANTIAGO DE COMPOSTELLA - Sv\u011bt Kamene","isPartOf":{"@id":"https:\/\/svetkamene.eu\/#website"},"primaryImageOfPage":{"@id":"https:\/\/svetkamene.eu\/index.php\/pl\/2020\/08\/16\/osrodek-studiow-muzycznych-w-santiago-de-compostella\/#primaryimage"},"datePublished":"2020-08-16T11:00:00+00:00","dateModified":"2022-06-13T19:37:36+00:00","author":{"@id":"https:\/\/svetkamene.eu\/#\/schema\/person\/9796ccd50eb4bef1ae8524fac2dfbc9a"},"description":"Toto za\u0159\u00edzen\u00ed je Centrum hudebn\u00edch studi\u00ed - m\u00edsto, kde postgradu\u00e1ln\u00ed studium absolvovalo mnoho skv\u011bl\u00fdch hudebn\u00edk\u016f,","breadcrumb":{"@id":"https:\/\/svetkamene.eu\/index.php\/pl\/2020\/08\/16\/osrodek-studiow-muzycznych-w-santiago-de-compostella\/#breadcrumb"},"inLanguage":"cs","potentialAction":[{"@type":"ReadAction","target":["https:\/\/svetkamene.eu\/index.php\/pl\/2020\/08\/16\/osrodek-studiow-muzycznych-w-santiago-de-compostella\/"]}]},{"@type":"BreadcrumbList","@id":"https:\/\/svetkamene.eu\/index.php\/pl\/2020\/08\/16\/osrodek-studiow-muzycznych-w-santiago-de-compostella\/#breadcrumb","itemListElement":[{"@type":"ListItem","position":1,"name":"Dom\u016f","item":"https:\/\/svetkamene.eu\/"},{"@type":"ListItem","position":2,"name":"O\u015aRODEK STUDI\u00d3W MUZYCZNYCH W SANTIAGO DE COMPOSTELLA"}]},{"@type":"Person","@id":"https:\/\/svetkamene.eu\/#\/schema\/person\/9796ccd50eb4bef1ae8524fac2dfbc9a","name":"Kate\u0159ina Markvartov\u00e1","image":{"@type":"ImageObject","inLanguage":"cs","@id":"https:\/\/svetkamene.eu\/#\/schema\/person\/image\/","url":"https:\/\/secure.gravatar.com\/avatar\/9c2d86222d8e1ce7b67da7f6ec0761a7?s=96&d=mm&r=g","contentUrl":"https:\/\/secure.gravatar.com\/avatar\/9c2d86222d8e1ce7b67da7f6ec0761a7?s=96&d=mm&r=g","caption":"Kate\u0159ina Markvartov\u00e1"},"url":"https:\/\/svetkamene.eu\/index.php\/author\/ka-markvartovagmail-com\/"}]}},"_links":{"self":[{"href":"https:\/\/svetkamene.eu\/index.php\/wp-json\/wp\/v2\/posts\/8001"}],"collection":[{"href":"https:\/\/svetkamene.eu\/index.php\/wp-json\/wp\/v2\/posts"}],"about":[{"href":"https:\/\/svetkamene.eu\/index.php\/wp-json\/wp\/v2\/types\/post"}],"author":[{"embeddable":true,"href":"https:\/\/svetkamene.eu\/index.php\/wp-json\/wp\/v2\/users\/13"}],"replies":[{"embeddable":true,"href":"https:\/\/svetkamene.eu\/index.php\/wp-json\/wp\/v2\/comments?post=8001"}],"version-history":[{"count":2,"href":"https:\/\/svetkamene.eu\/index.php\/wp-json\/wp\/v2\/posts\/8001\/revisions"}],"predecessor-version":[{"id":8010,"href":"https:\/\/svetkamene.eu\/index.php\/wp-json\/wp\/v2\/posts\/8001\/revisions\/8010"}],"wp:featuredmedia":[{"embeddable":true,"href":"https:\/\/svetkamene.eu\/index.php\/wp-json\/wp\/v2\/media\/2494"}],"wp:attachment":[{"href":"https:\/\/svetkamene.eu\/index.php\/wp-json\/wp\/v2\/media?parent=8001"}],"wp:term":[{"taxonomy":"category","embeddable":true,"href":"https:\/\/svetkamene.eu\/index.php\/wp-json\/wp\/v2\/categories?post=8001"},{"taxonomy":"post_tag","embeddable":true,"href":"https:\/\/svetkamene.eu\/index.php\/wp-json\/wp\/v2\/tags?post=8001"}],"curies":[{"name":"wp","href":"https:\/\/api.w.org\/{rel}","templated":true}]}}