{"id":6499,"date":"2022-06-25T15:00:00","date_gmt":"2022-06-25T13:00:00","guid":{"rendered":"https:\/\/beta.svetkamene.eu\/?p=6499"},"modified":"2022-06-27T18:08:47","modified_gmt":"2022-06-27T16:08:47","slug":"krzyze-pokutne","status":"publish","type":"post","link":"https:\/\/svetkamene.eu\/index.php\/pl\/2022\/06\/25\/krzyze-pokutne\/","title":{"rendered":"KRZY\u017bE POKUTNE"},"content":{"rendered":"\r\n<p><strong>Przechadzaj\u0105c si\u0119 po&nbsp;terenach Dolnego \u015al\u0105ska cz\u0119sto mo\u017cemy natkn\u0105\u0107 si\u0119 na kamienne krzy\u017ce stoj\u0105ce samotnie w polach lub na poboczach dr\u00f3g. Gdyby mog\u0142y m\u00f3wi\u0107, ka\u017cdy z&nbsp;nich mia\u0142by w\u0142asn\u0105 histori\u0119 do opowiedzenia. Histori\u0119 nierzadko przepe\u0142nion\u0105 krwi\u0105 i&nbsp;b\u00f3lem, gniewem i&nbsp;smutkiem. Histori\u0119 morderstwa i&nbsp;zado\u015b\u0107uczynienia.<\/strong><\/p>\r\n\r\n\r\n\r\n<div class=\"wp-block-spacer\" style=\"height: 47px;\" aria-hidden=\"true\">&nbsp;<\/div>\r\n\r\n\r\n\r\n<p>Prawo \u015bredniowieczne by\u0142o surowe i&nbsp;bezlitosne dla przest\u0119pc\u00f3w. Cz\u0119sto za wykroczenia karano \u015bmierci\u0105, zw\u0142aszcza, je\u015bli kto\u015b dopu\u015bci\u0142 si\u0119 takiego czynu jak zab\u00f3jstwo. Istnia\u0142y jednak sposoby, aby uj\u015b\u0107 z&nbsp;\u017cyciem nawet w takiej sytuacji. Je\u015bli rodzina zabitego wyra\u017ca\u0142a tak\u0105 wol\u0119, mo\u017cliwe by\u0142o zawarcie ugody, na mocy, kt\u00f3rej sprawca unika\u0142 stracenia pod warunkiem spe\u0142nienia okre\u015blonych wymaga\u0144.Pierwszym z&nbsp;nich by\u0142o zap\u0142acenie tak zwanej g\u0142\u00f3wszczyzny, czyli sumy pieni\u0119dzy za g\u0142ow\u0119 ofiary. Wysoko\u015b\u0107 g\u0142\u00f3wszczyzny zale\u017ca\u0142a od statusu spo\u0142ecznego zabitego, a&nbsp;zatem za zab\u00f3jstwo ch\u0142opa nale\u017ca\u0142o zap\u0142aci\u0107 mniej ni\u017c za zab\u00f3jstwo dokonane na rycerzu.<\/p>\r\n\r\n\r\n\r\n<p>Zazwyczaj sprawca by\u0142 te\u017c zobowi\u0105zany do przekazania pewnej sumy na rzecz Ko\u015bcio\u0142a oraz op\u0142acenia koszt\u00f3w pogrzebu. Opr\u00f3cz tego musia\u0142 zam\u00f3wi\u0107 okre\u015blon\u0105 ilo\u015b\u0107 mszy w intencji duszy zmar\u0142ego oraz uda\u0107 si\u0119 na pielgrzymk\u0119, zazwyczaj do Rzymu lub Jerozolimy. Wreszcie ostatnim warunkiem by\u0142o ufundowanie krzy\u017ca pokutnego w miejscu dokonania zbrodni.<\/p>\r\n\r\n\r\n\r\n<div class=\"wp-block-image\">\r\n<figure class=\"aligncenter size-large\"><img class=\"wp-image-6501\" src=\"https:\/\/beta.svetkamene.eu\/wp-content\/uploads\/2022\/02\/krzy2-1-570x1024-1.jpg\" alt=\"\"><\/figure>\r\n<\/div>\r\n\r\n\r\n\r\n<div class=\"wp-block-spacer\" style=\"height: 45px;\" aria-hidden=\"true\">&nbsp;<\/div>\r\n\r\n\r\n\r\n<p>Zwyczaj stawiania takich pomnik\u00f3w przyw\u0119drowa\u0142 z&nbsp;zachodu oko\u0142o XIII wieku i&nbsp;przetrwa\u0142 a\u017c do pocz\u0105tk\u00f3w wieku XIX. Opr\u00f3cz oczywistego zwi\u0105zku z&nbsp;ideologi\u0105 obecn\u0105 w wierze chrze\u015bcija\u0144skiej, w du\u017cej mierze by\u0142 podyktowany wzgl\u0119dami praktycznymi.<\/p>\r\n\r\n\r\n\r\n<p>Do czas\u00f3w obecnych w Polsce zachowa\u0142o si\u0119 oko\u0142o 600 krzy\u017cy pokutnych (zwanych tak\u017ce krzy\u017cami pojednania), z&nbsp;czego dwie trzecie znajduj\u0105 si\u0119 na Dolnym \u015al\u0105sku. Wykonywano je zazwyczaj z&nbsp;granitu, piaskowca lub bazaltu. Zajmowali si\u0119 tym wykwalifikowani kamieniarze, a&nbsp;ich prac\u0119 r\u00f3wnie\u017c musia\u0142 op\u0142aci\u0107 sprawca przest\u0119pstwa. Na krzy\u017cach cz\u0119sto wykuwano wizerunki, kt\u00f3re mia\u0142y przedstawia\u0107 narz\u0119dzie zbrodni. Najpowszechniejsze z&nbsp;nich to miecze, topory, kusze, czy te\u017c no\u017ce. Ale mo\u017cna natkn\u0105\u0107 si\u0119 tak\u017ce na kielich (trucizna), \u0142opat\u0119, a&nbsp;nawet n\u00f3\u017c do strzy\u017cenia owiec, przez co niekt\u00f3rzy sk\u0142aniaj\u0105 si\u0119 ku stwierdzeniu, \u017ce nie by\u0142y to wizerunki narz\u0119dzi zbrodni, lecz symbole przedstawiaj\u0105ce zaw\u00f3d ofiary.<\/p>\r\n\r\n\r\n\r\n<p>Cz\u0119sto te\u017c na krzy\u017cach widniej\u0105 inskrypcje informuj\u0105ce o&nbsp;okoliczno\u015bciach ich postawienia.<\/p>\r\n\r\n\r\n\r\n<div class=\"wp-block-image\">\r\n<figure class=\"aligncenter size-large\"><img class=\"wp-image-6503\" src=\"https:\/\/beta.svetkamene.eu\/wp-content\/uploads\/2022\/02\/krzy3-1-1.jpg\" alt=\"\"><\/figure>\r\n<\/div>\r\n\r\n\r\n\r\n<div class=\"wp-block-spacer\" style=\"height: 43px;\" aria-hidden=\"true\">&nbsp;<\/div>\r\n\r\n\r\n\r\n<p>Jeden z&nbsp;najbardziej znanych krzy\u017cy pokutnych w Polsce znajduje si\u0119 w Stargardzie. Wznosi si\u0119 na niemal 3 metry wysoko\u015bci i&nbsp;wa\u017cy oko\u0142o 2 ton. Jest najwi\u0119kszym tego typu zabytkiem w Europie i&nbsp;drugim na \u015bwiecie. Wykonano go z&nbsp;wapienia gotlandzkiego w miejscowym warsztacie w po\u0142owie szesnastego stulecia. Na tym krzy\u017cu r\u00f3wnie\u017c wyryto inskrypcj\u0119, kt\u00f3ra znajduje si\u0119 pod wizerunkiem ukrzy\u017cowanego Chrystusa. Napis w j\u0119zyku dolnoniemieckim g\u0142osi: \u201eBo\u017ce b\u0105d\u017a \u0142askaw dla Hansa Billeke, roku 1542&#8243;. Na rewersie krzy\u017ca znajduje si\u0119 druga inskrypcja: \u201eRoku 1542 Hans Billeke zosta\u0142 zabity \u017celaznym pr\u0119tem przez Lorentza Madera \u2013 jego matki siostry syna\u201d. Istnieje te\u017c alternatywne t\u0142umaczenie, wed\u0142ug kt\u00f3rego to Hans by\u0142 morderc\u0105, kt\u00f3ry zem\u015bci\u0142 si\u0119 na zab\u00f3jcy swojego siostrze\u0144ca.<\/p>\r\n\r\n\r\n\r\n<p>Historii i&nbsp;legend dotycz\u0105cych krzy\u017cy pokutnych jest wiele. \u017beby je lepiej pozna\u0107, najlepiej spakowa\u0107 plecak i&nbsp;wyruszy\u0107 na wycieczk\u0119 po&nbsp;okolicy w poszukiwaniu tych zabytk\u00f3w. Pomocne mog\u0105 by\u0107 mapy dost\u0119pne w internecie, na przyk\u0142ad ta stworzona przez u\u017cytkownik\u00f3w portalu geocaching.pl na potrzeby projektu \u201e\u015aladami krzy\u017cy pokutnych\u201d. Warto si\u0119 pospieszy\u0107, bo z&nbsp;roku na rok stan wielu z&nbsp;nich pogarsza si\u0119 \u2013 tak\u017ce z&nbsp;powodu niszczycielskiej dzia\u0142alno\u015bci cz\u0142owieka.<\/p>\r\n\r\n\r\n\r\n<div class=\"wp-block-image\">\r\n<figure class=\"aligncenter size-large\"><img class=\"wp-image-6505\" src=\"https:\/\/beta.svetkamene.eu\/wp-content\/uploads\/2022\/02\/krzy4-1-1.jpg\" alt=\"\"><\/figure>\r\n<\/div>\r\n\r\n\r\n\r\n<div class=\"wp-block-spacer\" style=\"height: 100px;\" aria-hidden=\"true\">&nbsp;<\/div>\r\n\r\n\r\n\r\n<p>\u0179r\u00f3d\u0142o: <a href=\"https:\/\/www.kurierkamieniarski.pl\/\" target=\"_blank\" rel=\"noreferrer noopener\">Kurier kamieniarski<\/a><\/p>\r\n","protected":false},"excerpt":{"rendered":"<p>Przechadzaj\u0105c si\u0119 po&nbsp;terenach Dolnego \u015al\u0105ska cz\u0119sto mo\u017cemy natkn\u0105\u0107 si\u0119 na kamienne krzy\u017ce stoj\u0105ce samotnie w&#8230;<\/p>\n","protected":false},"author":31,"featured_media":2652,"comment_status":"closed","ping_status":"closed","sticky":false,"template":"","format":"standard","meta":{"ngg_post_thumbnail":0},"categories":[382],"tags":[],"yoast_head":"<!-- This site is optimized with the Yoast SEO plugin v19.1 - https:\/\/yoast.com\/wordpress\/plugins\/seo\/ -->\n<title>KRZY\u017bE POKUTNE - Sv\u011bt Kamene<\/title>\n<meta name=\"description\" content=\"P\u0159i proch\u00e1zce Doln\u00edm Slezskem m\u016f\u017eeme \u010dasto narazit na kamenn\u00e9 k\u0159\u00ed\u017ee stoj\u00edc\u00ed samostatn\u011b na pol\u00edch nebo po stran\u00e1ch cest.\" \/>\n<meta name=\"robots\" content=\"index, follow, max-snippet:-1, max-image-preview:large, max-video-preview:-1\" \/>\n<link rel=\"canonical\" href=\"https:\/\/svetkamene.eu\/index.php\/pl\/2022\/06\/25\/krzyze-pokutne\/\" \/>\n<meta property=\"og:locale\" content=\"cs_CZ\" \/>\n<meta property=\"og:type\" content=\"article\" \/>\n<meta property=\"og:title\" content=\"KRZY\u017bE POKUTNE - Sv\u011bt Kamene\" \/>\n<meta property=\"og:description\" content=\"P\u0159i proch\u00e1zce Doln\u00edm Slezskem m\u016f\u017eeme \u010dasto narazit na kamenn\u00e9 k\u0159\u00ed\u017ee stoj\u00edc\u00ed samostatn\u011b na pol\u00edch nebo po stran\u00e1ch cest.\" \/>\n<meta property=\"og:url\" content=\"https:\/\/svetkamene.eu\/index.php\/pl\/2022\/06\/25\/krzyze-pokutne\/\" \/>\n<meta property=\"og:site_name\" content=\"Sv\u011bt Kamene\" \/>\n<meta property=\"article:published_time\" content=\"2022-06-25T13:00:00+00:00\" \/>\n<meta property=\"article:modified_time\" content=\"2022-06-27T16:08:47+00:00\" \/>\n<meta property=\"og:image\" content=\"https:\/\/svetkamene.eu\/wp-content\/uploads\/2021\/01\/krzy1.jpg\" \/>\n\t<meta property=\"og:image:width\" content=\"640\" \/>\n\t<meta property=\"og:image:height\" content=\"401\" \/>\n\t<meta property=\"og:image:type\" content=\"image\/jpeg\" \/>\n<meta name=\"twitter:card\" content=\"summary_large_image\" \/>\n<meta name=\"twitter:label1\" content=\"Napsal(a)\" \/>\n\t<meta name=\"twitter:data1\" content=\"Martina Hovorkov\u00e1\" \/>\n\t<meta name=\"twitter:label2\" content=\"Odhadovan\u00e1 doba \u010dten\u00ed\" \/>\n\t<meta name=\"twitter:data2\" content=\"3 minuty\" \/>\n<script type=\"application\/ld+json\" class=\"yoast-schema-graph\">{\"@context\":\"https:\/\/schema.org\",\"@graph\":[{\"@type\":\"WebSite\",\"@id\":\"https:\/\/svetkamene.eu\/#website\",\"url\":\"https:\/\/svetkamene.eu\/\",\"name\":\"Sv\u011bt Kamene\",\"description\":\"Port\u00e1l informuj\u00edc\u00ed o v\u0161em co souvis\u00ed s kamenem\",\"potentialAction\":[{\"@type\":\"SearchAction\",\"target\":{\"@type\":\"EntryPoint\",\"urlTemplate\":\"https:\/\/svetkamene.eu\/?s={search_term_string}\"},\"query-input\":\"required name=search_term_string\"}],\"inLanguage\":\"cs\"},{\"@type\":\"ImageObject\",\"inLanguage\":\"cs\",\"@id\":\"https:\/\/svetkamene.eu\/index.php\/pl\/2022\/06\/25\/krzyze-pokutne\/#primaryimage\",\"url\":\"https:\/\/svetkamene.eu\/wp-content\/uploads\/2021\/01\/krzy1.jpg\",\"contentUrl\":\"https:\/\/svetkamene.eu\/wp-content\/uploads\/2021\/01\/krzy1.jpg\",\"width\":640,\"height\":401},{\"@type\":\"WebPage\",\"@id\":\"https:\/\/svetkamene.eu\/index.php\/pl\/2022\/06\/25\/krzyze-pokutne\/#webpage\",\"url\":\"https:\/\/svetkamene.eu\/index.php\/pl\/2022\/06\/25\/krzyze-pokutne\/\",\"name\":\"KRZY\u017bE POKUTNE - Sv\u011bt Kamene\",\"isPartOf\":{\"@id\":\"https:\/\/svetkamene.eu\/#website\"},\"primaryImageOfPage\":{\"@id\":\"https:\/\/svetkamene.eu\/index.php\/pl\/2022\/06\/25\/krzyze-pokutne\/#primaryimage\"},\"datePublished\":\"2022-06-25T13:00:00+00:00\",\"dateModified\":\"2022-06-27T16:08:47+00:00\",\"author\":{\"@id\":\"https:\/\/svetkamene.eu\/#\/schema\/person\/63ecc926d3eacc6248c818270a6bbe23\"},\"description\":\"P\u0159i proch\u00e1zce Doln\u00edm Slezskem m\u016f\u017eeme \u010dasto narazit na kamenn\u00e9 k\u0159\u00ed\u017ee stoj\u00edc\u00ed samostatn\u011b na pol\u00edch nebo po stran\u00e1ch cest.\",\"breadcrumb\":{\"@id\":\"https:\/\/svetkamene.eu\/index.php\/pl\/2022\/06\/25\/krzyze-pokutne\/#breadcrumb\"},\"inLanguage\":\"cs\",\"potentialAction\":[{\"@type\":\"ReadAction\",\"target\":[\"https:\/\/svetkamene.eu\/index.php\/pl\/2022\/06\/25\/krzyze-pokutne\/\"]}]},{\"@type\":\"BreadcrumbList\",\"@id\":\"https:\/\/svetkamene.eu\/index.php\/pl\/2022\/06\/25\/krzyze-pokutne\/#breadcrumb\",\"itemListElement\":[{\"@type\":\"ListItem\",\"position\":1,\"name\":\"Dom\u016f\",\"item\":\"https:\/\/svetkamene.eu\/\"},{\"@type\":\"ListItem\",\"position\":2,\"name\":\"KRZY\u017bE POKUTNE\"}]},{\"@type\":\"Person\",\"@id\":\"https:\/\/svetkamene.eu\/#\/schema\/person\/63ecc926d3eacc6248c818270a6bbe23\",\"name\":\"Martina Hovorkov\u00e1\",\"image\":{\"@type\":\"ImageObject\",\"inLanguage\":\"cs\",\"@id\":\"https:\/\/svetkamene.eu\/#\/schema\/person\/image\/\",\"url\":\"https:\/\/secure.gravatar.com\/avatar\/ab907f59548aa3bd3e4b7d266ef68fd1?s=96&d=mm&r=g\",\"contentUrl\":\"https:\/\/secure.gravatar.com\/avatar\/ab907f59548aa3bd3e4b7d266ef68fd1?s=96&d=mm&r=g\",\"caption\":\"Martina Hovorkov\u00e1\"},\"url\":\"https:\/\/svetkamene.eu\/index.php\/author\/hovorkova\/\"}]}<\/script>\n<!-- \/ Yoast SEO plugin. -->","yoast_head_json":{"title":"KRZY\u017bE POKUTNE - Sv\u011bt Kamene","description":"P\u0159i proch\u00e1zce Doln\u00edm Slezskem m\u016f\u017eeme \u010dasto narazit na kamenn\u00e9 k\u0159\u00ed\u017ee stoj\u00edc\u00ed samostatn\u011b na pol\u00edch nebo po stran\u00e1ch cest.","robots":{"index":"index","follow":"follow","max-snippet":"max-snippet:-1","max-image-preview":"max-image-preview:large","max-video-preview":"max-video-preview:-1"},"canonical":"https:\/\/svetkamene.eu\/index.php\/pl\/2022\/06\/25\/krzyze-pokutne\/","og_locale":"cs_CZ","og_type":"article","og_title":"KRZY\u017bE POKUTNE - Sv\u011bt Kamene","og_description":"P\u0159i proch\u00e1zce Doln\u00edm Slezskem m\u016f\u017eeme \u010dasto narazit na kamenn\u00e9 k\u0159\u00ed\u017ee stoj\u00edc\u00ed samostatn\u011b na pol\u00edch nebo po stran\u00e1ch cest.","og_url":"https:\/\/svetkamene.eu\/index.php\/pl\/2022\/06\/25\/krzyze-pokutne\/","og_site_name":"Sv\u011bt Kamene","article_published_time":"2022-06-25T13:00:00+00:00","article_modified_time":"2022-06-27T16:08:47+00:00","og_image":[{"width":640,"height":401,"url":"https:\/\/svetkamene.eu\/wp-content\/uploads\/2021\/01\/krzy1.jpg","type":"image\/jpeg"}],"twitter_card":"summary_large_image","twitter_misc":{"Napsal(a)":"Martina Hovorkov\u00e1","Odhadovan\u00e1 doba \u010dten\u00ed":"3 minuty"},"schema":{"@context":"https:\/\/schema.org","@graph":[{"@type":"WebSite","@id":"https:\/\/svetkamene.eu\/#website","url":"https:\/\/svetkamene.eu\/","name":"Sv\u011bt Kamene","description":"Port\u00e1l informuj\u00edc\u00ed o v\u0161em co souvis\u00ed s kamenem","potentialAction":[{"@type":"SearchAction","target":{"@type":"EntryPoint","urlTemplate":"https:\/\/svetkamene.eu\/?s={search_term_string}"},"query-input":"required name=search_term_string"}],"inLanguage":"cs"},{"@type":"ImageObject","inLanguage":"cs","@id":"https:\/\/svetkamene.eu\/index.php\/pl\/2022\/06\/25\/krzyze-pokutne\/#primaryimage","url":"https:\/\/svetkamene.eu\/wp-content\/uploads\/2021\/01\/krzy1.jpg","contentUrl":"https:\/\/svetkamene.eu\/wp-content\/uploads\/2021\/01\/krzy1.jpg","width":640,"height":401},{"@type":"WebPage","@id":"https:\/\/svetkamene.eu\/index.php\/pl\/2022\/06\/25\/krzyze-pokutne\/#webpage","url":"https:\/\/svetkamene.eu\/index.php\/pl\/2022\/06\/25\/krzyze-pokutne\/","name":"KRZY\u017bE POKUTNE - Sv\u011bt Kamene","isPartOf":{"@id":"https:\/\/svetkamene.eu\/#website"},"primaryImageOfPage":{"@id":"https:\/\/svetkamene.eu\/index.php\/pl\/2022\/06\/25\/krzyze-pokutne\/#primaryimage"},"datePublished":"2022-06-25T13:00:00+00:00","dateModified":"2022-06-27T16:08:47+00:00","author":{"@id":"https:\/\/svetkamene.eu\/#\/schema\/person\/63ecc926d3eacc6248c818270a6bbe23"},"description":"P\u0159i proch\u00e1zce Doln\u00edm Slezskem m\u016f\u017eeme \u010dasto narazit na kamenn\u00e9 k\u0159\u00ed\u017ee stoj\u00edc\u00ed samostatn\u011b na pol\u00edch nebo po stran\u00e1ch cest.","breadcrumb":{"@id":"https:\/\/svetkamene.eu\/index.php\/pl\/2022\/06\/25\/krzyze-pokutne\/#breadcrumb"},"inLanguage":"cs","potentialAction":[{"@type":"ReadAction","target":["https:\/\/svetkamene.eu\/index.php\/pl\/2022\/06\/25\/krzyze-pokutne\/"]}]},{"@type":"BreadcrumbList","@id":"https:\/\/svetkamene.eu\/index.php\/pl\/2022\/06\/25\/krzyze-pokutne\/#breadcrumb","itemListElement":[{"@type":"ListItem","position":1,"name":"Dom\u016f","item":"https:\/\/svetkamene.eu\/"},{"@type":"ListItem","position":2,"name":"KRZY\u017bE POKUTNE"}]},{"@type":"Person","@id":"https:\/\/svetkamene.eu\/#\/schema\/person\/63ecc926d3eacc6248c818270a6bbe23","name":"Martina Hovorkov\u00e1","image":{"@type":"ImageObject","inLanguage":"cs","@id":"https:\/\/svetkamene.eu\/#\/schema\/person\/image\/","url":"https:\/\/secure.gravatar.com\/avatar\/ab907f59548aa3bd3e4b7d266ef68fd1?s=96&d=mm&r=g","contentUrl":"https:\/\/secure.gravatar.com\/avatar\/ab907f59548aa3bd3e4b7d266ef68fd1?s=96&d=mm&r=g","caption":"Martina Hovorkov\u00e1"},"url":"https:\/\/svetkamene.eu\/index.php\/author\/hovorkova\/"}]}},"_links":{"self":[{"href":"https:\/\/svetkamene.eu\/index.php\/wp-json\/wp\/v2\/posts\/6499"}],"collection":[{"href":"https:\/\/svetkamene.eu\/index.php\/wp-json\/wp\/v2\/posts"}],"about":[{"href":"https:\/\/svetkamene.eu\/index.php\/wp-json\/wp\/v2\/types\/post"}],"author":[{"embeddable":true,"href":"https:\/\/svetkamene.eu\/index.php\/wp-json\/wp\/v2\/users\/31"}],"replies":[{"embeddable":true,"href":"https:\/\/svetkamene.eu\/index.php\/wp-json\/wp\/v2\/comments?post=6499"}],"version-history":[{"count":1,"href":"https:\/\/svetkamene.eu\/index.php\/wp-json\/wp\/v2\/posts\/6499\/revisions"}],"predecessor-version":[{"id":10430,"href":"https:\/\/svetkamene.eu\/index.php\/wp-json\/wp\/v2\/posts\/6499\/revisions\/10430"}],"wp:featuredmedia":[{"embeddable":true,"href":"https:\/\/svetkamene.eu\/index.php\/wp-json\/wp\/v2\/media\/2652"}],"wp:attachment":[{"href":"https:\/\/svetkamene.eu\/index.php\/wp-json\/wp\/v2\/media?parent=6499"}],"wp:term":[{"taxonomy":"category","embeddable":true,"href":"https:\/\/svetkamene.eu\/index.php\/wp-json\/wp\/v2\/categories?post=6499"},{"taxonomy":"post_tag","embeddable":true,"href":"https:\/\/svetkamene.eu\/index.php\/wp-json\/wp\/v2\/tags?post=6499"}],"curies":[{"name":"wp","href":"https:\/\/api.w.org\/{rel}","templated":true}]}}