{"id":6410,"date":"2022-03-01T19:00:00","date_gmt":"2022-03-01T18:00:00","guid":{"rendered":"https:\/\/beta.svetkamene.eu\/?p=6410"},"modified":"2022-06-20T23:19:30","modified_gmt":"2022-06-20T21:19:30","slug":"weiser-sandstein-dlugosz","status":"publish","type":"post","link":"https:\/\/svetkamene.eu\/index.php\/de\/2022\/03\/01\/weiser-sandstein-dlugosz\/","title":{"rendered":"WEI\u00dfER SANDSTEIN D\u0141UGOSZ"},"content":{"rendered":"\n<p><strong>D\u0142ugosz ist einer der Sandsteine, die in der N\u00e4he von Szyd\u0142owice abgebaut werden und unter dem bekannten Handelsnamen &#8222;Szyd\u0142owice-Sandstein&#8220; erfolgreich vermarktet werden k\u00f6nnen. Es gibt jedoch Gr\u00fcnde, warum es sich lohnt, ihm Aufmerksamkeit zu schenken und ihn von anderen Mitgliedern der imagin\u00e4ren Steinfamilie, aus der er stammt, zu unterscheiden.<\/strong><\/p>\n\n\n\n<div style=\"height:46px\" aria-hidden=\"true\" class=\"wp-block-spacer\"><\/div>\n\n\n\n<p>Der Steinbruch von Dlugosz war lange Zeit ein kleiner Steinbruch von geringer Bedeutung. Die Zeit seiner intensiven Entwicklung geht auf den Beginn des 20. Jahrhunderts zur\u00fcck, als die Gesellschaft Sosnowica zum Eigent\u00fcmer der Lagerst\u00e4tte wurde. Zwischen 2010 und 2012 wurde dieses Material aufgrund seines gro\u00dfen Angebots und seiner Verwendung bei vielen Bauprojekten besser bekannt.<\/p>\n\n\n\n<figure class=\"wp-block-image size-large\"><img src=\"https:\/\/beta.svetkamene.eu\/wp-content\/uploads\/2022\/02\/KK103_Strona_24_Obraz_0001.jpg\" alt=\"\" class=\"wp-image-6411\"\/><\/figure>\n\n\n\n<div style=\"height:46px\" aria-hidden=\"true\" class=\"wp-block-spacer\"><\/div>\n\n\n\n<p>D\u0142ugosz ist ein feink\u00f6rniger Sandstein von mittlerer H\u00e4rte. Er hat eine wei\u00dfe Farbe mit einem kalten Farbton mit Grauschattierungen, \u00e4hnlich dem italienischen Marmor.<\/p>\n\n\n\n<p>Er eignet sich f\u00fcr ein breites Spektrum von Anwendungen. Am h\u00e4ufigsten wird es in Form von 4 cm dicken Fassadenplatten, Fassadenelementen, Gesimsen und architektonischen Details sowie Pflastersteinen bis zu einer Gr\u00f6\u00dfe von 20 x 20 x 20 cm vertrieben.<\/p>\n\n\n\n<p>Die Lagerst\u00e4tte ist durch erhebliche Bl\u00f6cke gekennzeichnet. Der D\u0142ugosz-Sandstein wird als typischer Sandstein verarbeitet. Gleichzeitig weist es keine Mikrorisse, Kavernen (Luftporen), Beimischungen von Fremdmineralien oder andere verborgene M\u00e4ngel auf, die seine Verarbeitung erschweren w\u00fcrden. Er ist sehr anmutig und wiederholbar.<\/p>\n\n\n\n<p>Seine mittlere H\u00e4rte und feine K\u00f6rnung machen ihn zu einem perfekten Material f\u00fcr Skulpturen. Er ist leicht zu verarbeiten und erm\u00f6glicht eine scharfe Kante und eine sehr gute Wiedergabe von Details. Aufgrund seiner H\u00e4rte erfordert er jedoch fast immer den Einsatz von mechanischen Werkzeugen. Seine unwiederholbare Farbe und Schattierung machen ihn auch zu einem idealen Material f\u00fcr die Bildhauerei.<\/p>\n\n\n\n<p>Aufgrund seiner nat\u00fcrlichen Porosit\u00e4t ist der D\u0142ugosz-Sandstein etwas anf\u00e4llig f\u00fcr biologische Angriffe, aber nicht anf\u00e4lliger als andere Sandsteine. Diese Anf\u00e4lligkeit ist an feuchten und schattigen Orten tendenziell st\u00e4rker, aber die Restaurierung der Steinoberfl\u00e4che ist mit herk\u00f6mmlichen Methoden kein gro\u00dfes Problem.<\/p>\n\n\n\n<p>D\u0142ugosz hat keine Kontraindikationen nach der Impr\u00e4gnierung. Sie ist nicht notwendig, verl\u00e4ngert aber die Lebensdauer des Materials und erleichtert die Nachbehandlung, da sie das Eindringen von Schmutz in die Tiefe verhindert.<\/p>\n\n\n\n<p>Der Dlugosz-Sandstein ist einer der wenigen Sandsteine aus Szyd\u0142owiec, die durchg\u00e4ngig vorhanden sind und ohne gelbe und beige M\u00e4ngel nur in kalten, wei\u00dfen und grauen Farbt\u00f6nen sortiert werden k\u00f6nnen. Die meisten der 80&nbsp;% der Szyd\u0142owiec-Sandsteine haben einen gelben oder cremefarbenen Ton. D\u0142ugosz hat eine kalte Farbe ohne gelbe Farbt\u00f6ne, was eine seltene Eigenschaft ist.<\/p>\n\n\n\n<p>Ein weiteres einzigartiges Merkmal dieses Materials ist seine Best\u00e4ndigkeit gegen Salzkristallisation. Das bedeutet, dass es bei Kontakt mit Salz nicht erodiert und auf Oberfl\u00e4chen verwendet werden kann, die den Auswirkungen der chemischen Schneer\u00e4umung, d. h. dem Streuen von Salz im Winter, ausgesetzt sind.<\/p>\n\n\n\n<p>Der Dlugosz-Sandstein ist in letzter Zeit zu einem beliebten Material f\u00fcr die Renovierung alter Denkm\u00e4ler auf Friedh\u00f6fen geworden.<\/p>\n\n\n\n<div class=\"wp-block-image\"><figure class=\"aligncenter size-large\"><img src=\"https:\/\/beta.svetkamene.eu\/wp-content\/uploads\/2022\/02\/KK103_Strona_24_Obraz_0002.jpg\" alt=\"\" class=\"wp-image-6413\"\/><\/figure><\/div>\n\n\n\n<div class=\"wp-block-image\"><figure class=\"aligncenter size-large\"><img src=\"https:\/\/beta.svetkamene.eu\/wp-content\/uploads\/2022\/02\/KK103_Strona_25_Obraz_0002.jpg\" alt=\"\" class=\"wp-image-6414\"\/><\/figure><\/div>\n\n\n\n<div style=\"height:47px\" aria-hidden=\"true\" class=\"wp-block-spacer\"><\/div>\n\n\n\n<p><strong>Physikalisch-mechanische Daten:<\/strong><br>Dichte: 2070 kg\/m\u00b3<br>Porosit\u00e4t: 21,7%<br>Wasseraufnahme: 7,0%<br>Druckfestigkeit: 61,0 MPa<br>Biegefestigkeit: 10,3 MPa<br>Verringerung der durchschnittlichen Biegefestigkeit nach 12 Zyklen 3%.<br>Frostbest\u00e4ndigkeit nach 25 Zyklen: b Gut<br>Abriebfestigkeit: 2,6 cm\u00b3 \/ 50 cm\u00b2<\/p>\n\n\n\n<div class=\"wp-block-image\"><figure class=\"aligncenter size-large\"><img src=\"https:\/\/beta.svetkamene.eu\/wp-content\/uploads\/2022\/02\/KK103_Strona_25_Obraz_0001akral.png\" alt=\"\" class=\"wp-image-6415\"\/><\/figure><\/div>\n\n\n\n<div style=\"height:47px\" aria-hidden=\"true\" class=\"wp-block-spacer\"><\/div>\n\n\n\n<p><strong>Beschreibung<\/strong><br>wei\u00dfe, kalte, graue und gr\u00e4uliche Farbflecken<br>Feines Korn, mittlere H\u00e4rte<\/p>\n\n\n\n<p><strong>Unterscheidungsmerkmale<\/strong><br>Resistenz gegen Salz<br>K\u00e4lteschatten<br>keine Gelbf\u00e4rbung, nur graue Flecken<\/p>\n\n\n\n<div style=\"height:100px\" aria-hidden=\"true\" class=\"wp-block-spacer\"><\/div>\n\n\n\n<p>Quelle: <a href=\"https:\/\/www.kurierkamieniarski.pl\/artykuly\/o-kamieniu\/1151-biay-piaskowiec-dlugosz.html\" target=\"_blank\" rel=\"noreferrer noopener\">Kurier kamieniarski<\/a><\/p>\n\n\n\n<p>Autor: Kurier Kamieniarski&nbsp;&nbsp;&nbsp;|&nbsp;&nbsp;&nbsp;Publiziert: 18 Dezember 2019<\/p>\n","protected":false},"excerpt":{"rendered":"<p>D\u0142ugosz ist einer der Sandsteine, die in der N\u00e4he von Szyd\u0142owice abgebaut werden und unter&#8230;<\/p>\n","protected":false},"author":31,"featured_media":2188,"comment_status":"closed","ping_status":"closed","sticky":false,"template":"","format":"standard","meta":{"ngg_post_thumbnail":0},"categories":[386],"tags":[],"yoast_head":"<!-- This site is optimized with the Yoast SEO plugin v19.1 - https:\/\/yoast.com\/wordpress\/plugins\/seo\/ -->\n<title>WEI\u00dfER SANDSTEIN D\u0141UGOSZ - Sv\u011bt Kamene<\/title>\n<meta name=\"robots\" content=\"index, follow, max-snippet:-1, max-image-preview:large, max-video-preview:-1\" \/>\n<link rel=\"canonical\" href=\"https:\/\/svetkamene.eu\/index.php\/de\/2022\/03\/01\/weiser-sandstein-dlugosz\/\" \/>\n<meta property=\"og:locale\" content=\"cs_CZ\" \/>\n<meta property=\"og:type\" content=\"article\" \/>\n<meta property=\"og:title\" content=\"WEI\u00dfER SANDSTEIN D\u0141UGOSZ - Sv\u011bt Kamene\" \/>\n<meta property=\"og:description\" content=\"D\u0142ugosz ist einer der Sandsteine, die in der N\u00e4he von Szyd\u0142owice abgebaut werden und unter...\" \/>\n<meta property=\"og:url\" content=\"https:\/\/svetkamene.eu\/index.php\/de\/2022\/03\/01\/weiser-sandstein-dlugosz\/\" \/>\n<meta property=\"og:site_name\" content=\"Sv\u011bt Kamene\" \/>\n<meta property=\"article:published_time\" content=\"2022-03-01T18:00:00+00:00\" \/>\n<meta property=\"article:modified_time\" content=\"2022-06-20T21:19:30+00:00\" \/>\n<meta property=\"og:image\" content=\"https:\/\/svetkamene.eu\/wp-content\/uploads\/2021\/01\/KK103_Strona_24_Obraz_0001kamenolom.jpg\" \/>\n\t<meta property=\"og:image:width\" content=\"640\" \/>\n\t<meta property=\"og:image:height\" content=\"317\" \/>\n\t<meta property=\"og:image:type\" content=\"image\/jpeg\" \/>\n<meta name=\"twitter:card\" content=\"summary_large_image\" \/>\n<meta name=\"twitter:label1\" content=\"Napsal(a)\" \/>\n\t<meta name=\"twitter:data1\" content=\"Martina Hovorkov\u00e1\" \/>\n\t<meta name=\"twitter:label2\" content=\"Odhadovan\u00e1 doba \u010dten\u00ed\" \/>\n\t<meta name=\"twitter:data2\" content=\"3 minuty\" \/>\n<script type=\"application\/ld+json\" class=\"yoast-schema-graph\">{\"@context\":\"https:\/\/schema.org\",\"@graph\":[{\"@type\":\"WebSite\",\"@id\":\"https:\/\/svetkamene.eu\/#website\",\"url\":\"https:\/\/svetkamene.eu\/\",\"name\":\"Sv\u011bt Kamene\",\"description\":\"Port\u00e1l informuj\u00edc\u00ed o v\u0161em co souvis\u00ed s kamenem\",\"potentialAction\":[{\"@type\":\"SearchAction\",\"target\":{\"@type\":\"EntryPoint\",\"urlTemplate\":\"https:\/\/svetkamene.eu\/?s={search_term_string}\"},\"query-input\":\"required name=search_term_string\"}],\"inLanguage\":\"cs\"},{\"@type\":\"ImageObject\",\"inLanguage\":\"cs\",\"@id\":\"https:\/\/svetkamene.eu\/index.php\/de\/2022\/03\/01\/weiser-sandstein-dlugosz\/#primaryimage\",\"url\":\"https:\/\/svetkamene.eu\/wp-content\/uploads\/2021\/01\/KK103_Strona_24_Obraz_0001kamenolom.jpg\",\"contentUrl\":\"https:\/\/svetkamene.eu\/wp-content\/uploads\/2021\/01\/KK103_Strona_24_Obraz_0001kamenolom.jpg\",\"width\":640,\"height\":317,\"caption\":\"fotografie kamenolomu, nalevo rozbit\u00e9 jednotliv\u00e9 kameny, napravo velk\u00e9 bloky kamene\"},{\"@type\":\"WebPage\",\"@id\":\"https:\/\/svetkamene.eu\/index.php\/de\/2022\/03\/01\/weiser-sandstein-dlugosz\/#webpage\",\"url\":\"https:\/\/svetkamene.eu\/index.php\/de\/2022\/03\/01\/weiser-sandstein-dlugosz\/\",\"name\":\"WEI\u00dfER SANDSTEIN D\u0141UGOSZ - Sv\u011bt Kamene\",\"isPartOf\":{\"@id\":\"https:\/\/svetkamene.eu\/#website\"},\"primaryImageOfPage\":{\"@id\":\"https:\/\/svetkamene.eu\/index.php\/de\/2022\/03\/01\/weiser-sandstein-dlugosz\/#primaryimage\"},\"datePublished\":\"2022-03-01T18:00:00+00:00\",\"dateModified\":\"2022-06-20T21:19:30+00:00\",\"author\":{\"@id\":\"https:\/\/svetkamene.eu\/#\/schema\/person\/63ecc926d3eacc6248c818270a6bbe23\"},\"breadcrumb\":{\"@id\":\"https:\/\/svetkamene.eu\/index.php\/de\/2022\/03\/01\/weiser-sandstein-dlugosz\/#breadcrumb\"},\"inLanguage\":\"cs\",\"potentialAction\":[{\"@type\":\"ReadAction\",\"target\":[\"https:\/\/svetkamene.eu\/index.php\/de\/2022\/03\/01\/weiser-sandstein-dlugosz\/\"]}]},{\"@type\":\"BreadcrumbList\",\"@id\":\"https:\/\/svetkamene.eu\/index.php\/de\/2022\/03\/01\/weiser-sandstein-dlugosz\/#breadcrumb\",\"itemListElement\":[{\"@type\":\"ListItem\",\"position\":1,\"name\":\"Dom\u016f\",\"item\":\"https:\/\/svetkamene.eu\/\"},{\"@type\":\"ListItem\",\"position\":2,\"name\":\"WEI\u00dfER SANDSTEIN D\u0141UGOSZ\"}]},{\"@type\":\"Person\",\"@id\":\"https:\/\/svetkamene.eu\/#\/schema\/person\/63ecc926d3eacc6248c818270a6bbe23\",\"name\":\"Martina Hovorkov\u00e1\",\"image\":{\"@type\":\"ImageObject\",\"inLanguage\":\"cs\",\"@id\":\"https:\/\/svetkamene.eu\/#\/schema\/person\/image\/\",\"url\":\"https:\/\/secure.gravatar.com\/avatar\/ab907f59548aa3bd3e4b7d266ef68fd1?s=96&d=mm&r=g\",\"contentUrl\":\"https:\/\/secure.gravatar.com\/avatar\/ab907f59548aa3bd3e4b7d266ef68fd1?s=96&d=mm&r=g\",\"caption\":\"Martina Hovorkov\u00e1\"},\"url\":\"https:\/\/svetkamene.eu\/index.php\/author\/hovorkova\/\"}]}<\/script>\n<!-- \/ Yoast SEO plugin. -->","yoast_head_json":{"title":"WEI\u00dfER SANDSTEIN D\u0141UGOSZ - Sv\u011bt Kamene","robots":{"index":"index","follow":"follow","max-snippet":"max-snippet:-1","max-image-preview":"max-image-preview:large","max-video-preview":"max-video-preview:-1"},"canonical":"https:\/\/svetkamene.eu\/index.php\/de\/2022\/03\/01\/weiser-sandstein-dlugosz\/","og_locale":"cs_CZ","og_type":"article","og_title":"WEI\u00dfER SANDSTEIN D\u0141UGOSZ - Sv\u011bt Kamene","og_description":"D\u0142ugosz ist einer der Sandsteine, die in der N\u00e4he von Szyd\u0142owice abgebaut werden und unter...","og_url":"https:\/\/svetkamene.eu\/index.php\/de\/2022\/03\/01\/weiser-sandstein-dlugosz\/","og_site_name":"Sv\u011bt Kamene","article_published_time":"2022-03-01T18:00:00+00:00","article_modified_time":"2022-06-20T21:19:30+00:00","og_image":[{"width":640,"height":317,"url":"https:\/\/svetkamene.eu\/wp-content\/uploads\/2021\/01\/KK103_Strona_24_Obraz_0001kamenolom.jpg","type":"image\/jpeg"}],"twitter_card":"summary_large_image","twitter_misc":{"Napsal(a)":"Martina Hovorkov\u00e1","Odhadovan\u00e1 doba \u010dten\u00ed":"3 minuty"},"schema":{"@context":"https:\/\/schema.org","@graph":[{"@type":"WebSite","@id":"https:\/\/svetkamene.eu\/#website","url":"https:\/\/svetkamene.eu\/","name":"Sv\u011bt Kamene","description":"Port\u00e1l informuj\u00edc\u00ed o v\u0161em co souvis\u00ed s kamenem","potentialAction":[{"@type":"SearchAction","target":{"@type":"EntryPoint","urlTemplate":"https:\/\/svetkamene.eu\/?s={search_term_string}"},"query-input":"required name=search_term_string"}],"inLanguage":"cs"},{"@type":"ImageObject","inLanguage":"cs","@id":"https:\/\/svetkamene.eu\/index.php\/de\/2022\/03\/01\/weiser-sandstein-dlugosz\/#primaryimage","url":"https:\/\/svetkamene.eu\/wp-content\/uploads\/2021\/01\/KK103_Strona_24_Obraz_0001kamenolom.jpg","contentUrl":"https:\/\/svetkamene.eu\/wp-content\/uploads\/2021\/01\/KK103_Strona_24_Obraz_0001kamenolom.jpg","width":640,"height":317,"caption":"fotografie kamenolomu, nalevo rozbit\u00e9 jednotliv\u00e9 kameny, napravo velk\u00e9 bloky kamene"},{"@type":"WebPage","@id":"https:\/\/svetkamene.eu\/index.php\/de\/2022\/03\/01\/weiser-sandstein-dlugosz\/#webpage","url":"https:\/\/svetkamene.eu\/index.php\/de\/2022\/03\/01\/weiser-sandstein-dlugosz\/","name":"WEI\u00dfER SANDSTEIN D\u0141UGOSZ - Sv\u011bt Kamene","isPartOf":{"@id":"https:\/\/svetkamene.eu\/#website"},"primaryImageOfPage":{"@id":"https:\/\/svetkamene.eu\/index.php\/de\/2022\/03\/01\/weiser-sandstein-dlugosz\/#primaryimage"},"datePublished":"2022-03-01T18:00:00+00:00","dateModified":"2022-06-20T21:19:30+00:00","author":{"@id":"https:\/\/svetkamene.eu\/#\/schema\/person\/63ecc926d3eacc6248c818270a6bbe23"},"breadcrumb":{"@id":"https:\/\/svetkamene.eu\/index.php\/de\/2022\/03\/01\/weiser-sandstein-dlugosz\/#breadcrumb"},"inLanguage":"cs","potentialAction":[{"@type":"ReadAction","target":["https:\/\/svetkamene.eu\/index.php\/de\/2022\/03\/01\/weiser-sandstein-dlugosz\/"]}]},{"@type":"BreadcrumbList","@id":"https:\/\/svetkamene.eu\/index.php\/de\/2022\/03\/01\/weiser-sandstein-dlugosz\/#breadcrumb","itemListElement":[{"@type":"ListItem","position":1,"name":"Dom\u016f","item":"https:\/\/svetkamene.eu\/"},{"@type":"ListItem","position":2,"name":"WEI\u00dfER SANDSTEIN D\u0141UGOSZ"}]},{"@type":"Person","@id":"https:\/\/svetkamene.eu\/#\/schema\/person\/63ecc926d3eacc6248c818270a6bbe23","name":"Martina Hovorkov\u00e1","image":{"@type":"ImageObject","inLanguage":"cs","@id":"https:\/\/svetkamene.eu\/#\/schema\/person\/image\/","url":"https:\/\/secure.gravatar.com\/avatar\/ab907f59548aa3bd3e4b7d266ef68fd1?s=96&d=mm&r=g","contentUrl":"https:\/\/secure.gravatar.com\/avatar\/ab907f59548aa3bd3e4b7d266ef68fd1?s=96&d=mm&r=g","caption":"Martina Hovorkov\u00e1"},"url":"https:\/\/svetkamene.eu\/index.php\/author\/hovorkova\/"}]}},"_links":{"self":[{"href":"https:\/\/svetkamene.eu\/index.php\/wp-json\/wp\/v2\/posts\/6410"}],"collection":[{"href":"https:\/\/svetkamene.eu\/index.php\/wp-json\/wp\/v2\/posts"}],"about":[{"href":"https:\/\/svetkamene.eu\/index.php\/wp-json\/wp\/v2\/types\/post"}],"author":[{"embeddable":true,"href":"https:\/\/svetkamene.eu\/index.php\/wp-json\/wp\/v2\/users\/31"}],"replies":[{"embeddable":true,"href":"https:\/\/svetkamene.eu\/index.php\/wp-json\/wp\/v2\/comments?post=6410"}],"version-history":[{"count":1,"href":"https:\/\/svetkamene.eu\/index.php\/wp-json\/wp\/v2\/posts\/6410\/revisions"}],"predecessor-version":[{"id":8834,"href":"https:\/\/svetkamene.eu\/index.php\/wp-json\/wp\/v2\/posts\/6410\/revisions\/8834"}],"wp:featuredmedia":[{"embeddable":true,"href":"https:\/\/svetkamene.eu\/index.php\/wp-json\/wp\/v2\/media\/2188"}],"wp:attachment":[{"href":"https:\/\/svetkamene.eu\/index.php\/wp-json\/wp\/v2\/media?parent=6410"}],"wp:term":[{"taxonomy":"category","embeddable":true,"href":"https:\/\/svetkamene.eu\/index.php\/wp-json\/wp\/v2\/categories?post=6410"},{"taxonomy":"post_tag","embeddable":true,"href":"https:\/\/svetkamene.eu\/index.php\/wp-json\/wp\/v2\/tags?post=6410"}],"curies":[{"name":"wp","href":"https:\/\/api.w.org\/{rel}","templated":true}]}}