{"id":6148,"date":"2022-06-17T14:00:00","date_gmt":"2022-06-17T12:00:00","guid":{"rendered":"https:\/\/beta.svetkamene.eu\/?p=6148"},"modified":"2022-06-11T21:57:58","modified_gmt":"2022-06-11T19:57:58","slug":"enigma-restauracja-nie-z-tego-swiata","status":"publish","type":"post","link":"https:\/\/svetkamene.eu\/index.php\/pl\/2022\/06\/17\/enigma-restauracja-nie-z-tego-swiata\/","title":{"rendered":"ENIGMA \u2013 RESTAURACJA NIE Z&nbsp;TEGO \u015aWIATA"},"content":{"rendered":"\n<p><strong>Razem podczas przegl\u0105dania sieci zwr\u00f3cili\u015bmy uwag\u0119 na zdj\u0119cie bardzo designerskiego wn\u0119trza. Pocz\u0105tkowo chcieli\u015bmy porzuci\u0107 ten temat, bowiem wygl\u0105da\u0142o na to, \u017ce w tym projekcie brak kamienia, ale\u2026<\/strong><\/p>\n\n\n\n<div style=\"height:48px\" aria-hidden=\"true\" class=\"wp-block-spacer\"><\/div>\n\n\n\n<p>Okaza\u0142o si\u0119, \u017ce co prawda kamienia brak, ale obiekt zrealizowano ze spiek\u00f3w lub jak kto woli kamienia synteryzowanego.<\/p>\n\n\n\n<p>Ca\u0142y projekt nie korespondowa\u0142 z&nbsp;nasz\u0105 opini\u0105, \u017ce spieki to materia\u0142 dla leniwych. Co prawda traktowany jest jako luksusowy, ale zwykle wybierany jest tylko dlatego, \u017ce mo\u017cna z&nbsp;niego szybko u\u0142o\u017cy\u0107 du\u017c\u0105 powierzchni\u0119. Trudno te\u017c spotka\u0107 go w bardziej wyszukanych rozwi\u0105zaniach.<\/p>\n\n\n\n<p>Potem okaza\u0142o si\u0119, \u017ce mo\u017ce by\u0107 problem z&nbsp;pozyskaniem zdj\u0119\u0107 z&nbsp;obiektu, bowiem w\u0142a\u015bciciel zabrania fotografowania restauracji. Na szcz\u0119\u015bcie wykonawc\u0105 materia\u0142u, kt\u00f3ry zastosowano, by\u0142a firma TheSize produkuj\u0105ca Neolith. I&nbsp;to dzi\u0119ki niej uzyskali\u015bmy zdj\u0119cia i&nbsp;szereg informacji.<\/p>\n\n\n\n<p>Obiekt, kt\u00f3ry prezentujemy mie\u015bci si\u0119 w Barcelonie i&nbsp;nazywa si\u0119 Enigma. To restauracja autorska Alberta Adrii posiadaj\u0105cego gwiazdk\u0119 Michelina, kt\u00f3r\u0105 otrzymuj\u0105 tylko czo\u0142owi szefowie kuchni na \u015bwiecie.<\/p>\n\n\n\n<p>Restauracj\u0119 zaprojektowa\u0142a grupa architektoniczna RCE Architectes, prowadzona przez Rafaela Arand\u0119, Carme Pigem i&nbsp;Ramona Vilalta, ze wsparciem Pau Llimona, w \u015bcis\u0142ej wsp\u00f3\u0142pracy z&nbsp;Albertem Adria oraz firm\u0105 TheSize.<\/p>\n\n\n\n<p>Wizj\u0105 szefa restauracji by\u0142o stworzenie pomieszcze\u0144 tajemniczych, enigmatycznych, zagadkowych, sprawiaj\u0105cych wra\u017cenie jakby nie by\u0142y z&nbsp;tego \u015bwiata.<\/p>\n\n\n\n<p>Prace projektowe rozpocz\u0119\u0142y si\u0119 od akwareli namalowanej na dw\u00f3ch arkuszach papieru A1. Ide\u0105 RCE by\u0142o na\u0142o\u017cenie tego obrazu na wszystkie powierzchnie, tworz\u0105c \u0142agodne przej\u015bcia kolorystyczne \u2013 od g\u0142\u0119bokiej zieleni i&nbsp;b\u0142\u0119kit\u00f3w do jasnoszarych i&nbsp;bia\u0142ych.<\/p>\n\n\n\n<figure class=\"wp-block-image size-large\"><img loading=\"lazy\" width=\"640\" height=\"423\" src=\"https:\/\/beta.svetkamene.eu\/wp-content\/uploads\/2021\/12\/3_18enigma2.jpg\" alt=\"\" class=\"wp-image-6149\" srcset=\"https:\/\/svetkamene.eu\/wp-content\/uploads\/2021\/12\/3_18enigma2.jpg 640w, https:\/\/svetkamene.eu\/wp-content\/uploads\/2021\/12\/3_18enigma2-300x198.jpg 300w\" sizes=\"(max-width: 640px) 100vw, 640px\" \/><\/figure>\n\n\n\n<div style=\"height:46px\" aria-hidden=\"true\" class=\"wp-block-spacer\"><\/div>\n\n\n\n<p>Aby zrealizowa\u0107 to zadanie TheSize wykorzysta\u0142 opracowan\u0105 niedawno now\u0105 technik\u0119 druku cyfrowego o&nbsp;nazwie NDD, skr\u00f3t od Neolith Digital Design, kt\u00f3ra zosta\u0142a wykorzystana do drukowania wzor\u00f3w bezpo\u015brednio na powierzchni spiek\u00f3w. Proces obejmowa\u0142 r\u00f3wnie\u017c pozyskiwanie nowych pigment\u00f3w kolor\u00f3w, poniewa\u017c te niebieskie i&nbsp;zielone odcienie maj\u0105 niezwyk\u0142e barwy w spiekaniu.<\/p>\n\n\n\n<p>\u2013 Musieli\u015bmy rozszerzy\u0107 oryginalny projekt, ca\u0142y czas staraj\u0105c si\u0119, aby zrealizowane p\u0142yty zachowa\u0142y wygl\u0105d i&nbsp;kolorystyk\u0119 projektu \u2013 wyja\u015bnia Carlos Garcia, projektant produktu w TheSize.<\/p>\n\n\n\n<p>Pod\u0142oga stanowi\u0142a najwi\u0119ksze wyzwanie. Ze wzgl\u0119du na du\u017c\u0105 powierzchni\u0119 i&nbsp;jej nieregularny uk\u0142ad pe\u0142en zakrzywionych \u015bcian i&nbsp;w\u0105skich korytarzy, ka\u017cdy panel pod\u0142ogowy jest inny i&nbsp;by\u0142 przygotowywany i&nbsp;docinany do konkretnej lokalizacji. Ca\u0142a pod\u0142oga jest jak gigantyczna uk\u0142adanka, kt\u00f3r\u0105 trzeba by\u0142o z\u0142o\u017cy\u0107 z&nbsp;niezwyk\u0142\u0105 precyzj\u0105 .<\/p>\n\n\n\n<figure class=\"wp-block-image size-large\"><img loading=\"lazy\" width=\"640\" height=\"479\" src=\"https:\/\/beta.svetkamene.eu\/wp-content\/uploads\/2021\/12\/3_18enigma3.jpg\" alt=\"\" class=\"wp-image-6150\" srcset=\"https:\/\/svetkamene.eu\/wp-content\/uploads\/2021\/12\/3_18enigma3.jpg 640w, https:\/\/svetkamene.eu\/wp-content\/uploads\/2021\/12\/3_18enigma3-300x225.jpg 300w\" sizes=\"(max-width: 640px) 100vw, 640px\" \/><figcaption>RESTAURANTE ENIGMA BARCELONA JORDI ADRIA<\/figcaption><\/figure>\n\n\n\n<div style=\"height:44px\" aria-hidden=\"true\" class=\"wp-block-spacer\"><\/div>\n\n\n\n<p>Przestrze\u0144 uzupe\u0142niaj\u0105 inne niezwyk\u0142e detale, w tym przypominaj\u0105cy chmur\u0119 sufit wykonany ze zgniecionej tkaniny, przeszklenie o&nbsp;fakturze zbli\u017conej do s\u0142oj\u00f3w drewna i&nbsp;krzes\u0142a, kt\u00f3re wygl\u0105daj\u0105 jakby zosta\u0142y wyrze\u017abione z&nbsp;blok\u00f3w lodu.<\/p>\n\n\n\n<p>Lokal, mimo \u017ce ma \u0142\u0105czn\u0105 powierzchni\u0119 700&nbsp;m<sup>2<\/sup>, mo\u017ce przyj\u0105\u0107 r\u00f3wnocze\u015bnie tylko 24 go\u015bci.<\/p>\n\n\n\n<p>Dla tych, kt\u00f3rzy mieliby ochot\u0119 odwiedzi\u0107 t\u0119 restauracj\u0119 wa\u017cna informacja: rezerwacji trzeba dokona\u0107 kilka miesi\u0119cy wcze\u015bniej wp\u0142acaj\u0105c 100 \u20ac, kt\u00f3re b\u0119d\u0105 rozliczone przy rachunku. Maksymalnie, grupa dla kt\u00f3rej rezerwujemy miejsca, nie mo\u017ce przekroczy\u0107 6 os\u00f3b.<\/p>\n\n\n\n<p>Po potwierdzeniu rezerwacji go\u015bcie otrzymuj\u0105 kod do drzwi wej\u015bciowych.<\/p>\n\n\n\n<div style=\"height:100px\" aria-hidden=\"true\" class=\"wp-block-spacer\"><\/div>\n\n\n\n<p>\u0179r\u00f3d\u0142o: <a href=\"https:\/\/www.kurierkamieniarski.pl\/artykuly\/o-kamieniu\/919-enigma-restauracja-nie-z-tego-wiata.html\" target=\"_blank\" rel=\"noreferrer noopener\">Kurier kamieniarski<\/a><\/p>\n\n\n\n<p>Autor: Kurier Kamieniarski&nbsp;&nbsp;&nbsp;|&nbsp;&nbsp;&nbsp;Data: wtorek, 26 czerwca 2018<\/p>\n","protected":false},"excerpt":{"rendered":"<p>Razem podczas przegl\u0105dania sieci zwr\u00f3cili\u015bmy uwag\u0119 na zdj\u0119cie bardzo designerskiego wn\u0119trza. Pocz\u0105tkowo chcieli\u015bmy porzuci\u0107 ten&#8230;<\/p>\n","protected":false},"author":31,"featured_media":2837,"comment_status":"closed","ping_status":"closed","sticky":false,"template":"","format":"standard","meta":{"ngg_post_thumbnail":0},"categories":[382],"tags":[],"yoast_head":"<!-- This site is optimized with the Yoast SEO plugin v19.1 - https:\/\/yoast.com\/wordpress\/plugins\/seo\/ -->\n<title>ENIGMA \u2013 RESTAURACJA NIE Z TEGO \u015aWIATA - Sv\u011bt Kamene<\/title>\n<meta name=\"description\" content=\"Uk\u00e1zalo se, \u017ee v projektu sice nebylo vyu\u017eito kamene, ale objekt byl realizov\u00e1n ze sp\u00e9kan\u00e9ho nebo tzv. syntetick\u00e9ho kamene.\" \/>\n<meta name=\"robots\" content=\"index, follow, max-snippet:-1, max-image-preview:large, max-video-preview:-1\" \/>\n<link rel=\"canonical\" href=\"https:\/\/svetkamene.eu\/index.php\/pl\/2022\/06\/17\/enigma-restauracja-nie-z-tego-swiata\/\" \/>\n<meta property=\"og:locale\" content=\"cs_CZ\" \/>\n<meta property=\"og:type\" content=\"article\" \/>\n<meta property=\"og:title\" content=\"ENIGMA \u2013 RESTAURACJA NIE Z TEGO \u015aWIATA - Sv\u011bt Kamene\" \/>\n<meta property=\"og:description\" content=\"Uk\u00e1zalo se, \u017ee v projektu sice nebylo vyu\u017eito kamene, ale objekt byl realizov\u00e1n ze sp\u00e9kan\u00e9ho nebo tzv. syntetick\u00e9ho kamene.\" \/>\n<meta property=\"og:url\" content=\"https:\/\/svetkamene.eu\/index.php\/pl\/2022\/06\/17\/enigma-restauracja-nie-z-tego-swiata\/\" \/>\n<meta property=\"og:site_name\" content=\"Sv\u011bt Kamene\" \/>\n<meta property=\"article:published_time\" content=\"2022-06-17T12:00:00+00:00\" \/>\n<meta property=\"article:modified_time\" content=\"2022-06-11T19:57:58+00:00\" \/>\n<meta property=\"og:image\" content=\"https:\/\/svetkamene.eu\/wp-content\/uploads\/2021\/01\/3_18enigma1.jpg\" \/>\n\t<meta property=\"og:image:width\" content=\"640\" \/>\n\t<meta property=\"og:image:height\" content=\"479\" \/>\n\t<meta property=\"og:image:type\" content=\"image\/jpeg\" \/>\n<meta name=\"twitter:card\" content=\"summary_large_image\" \/>\n<meta name=\"twitter:label1\" content=\"Napsal(a)\" \/>\n\t<meta name=\"twitter:data1\" content=\"Martina Hovorkov\u00e1\" \/>\n\t<meta name=\"twitter:label2\" content=\"Odhadovan\u00e1 doba \u010dten\u00ed\" \/>\n\t<meta name=\"twitter:data2\" content=\"3 minuty\" \/>\n<script type=\"application\/ld+json\" class=\"yoast-schema-graph\">{\"@context\":\"https:\/\/schema.org\",\"@graph\":[{\"@type\":\"WebSite\",\"@id\":\"https:\/\/svetkamene.eu\/#website\",\"url\":\"https:\/\/svetkamene.eu\/\",\"name\":\"Sv\u011bt Kamene\",\"description\":\"Port\u00e1l informuj\u00edc\u00ed o v\u0161em co souvis\u00ed s kamenem\",\"potentialAction\":[{\"@type\":\"SearchAction\",\"target\":{\"@type\":\"EntryPoint\",\"urlTemplate\":\"https:\/\/svetkamene.eu\/?s={search_term_string}\"},\"query-input\":\"required name=search_term_string\"}],\"inLanguage\":\"cs\"},{\"@type\":\"ImageObject\",\"inLanguage\":\"cs\",\"@id\":\"https:\/\/svetkamene.eu\/index.php\/pl\/2022\/06\/17\/enigma-restauracja-nie-z-tego-swiata\/#primaryimage\",\"url\":\"https:\/\/svetkamene.eu\/wp-content\/uploads\/2021\/01\/3_18enigma1.jpg\",\"contentUrl\":\"https:\/\/svetkamene.eu\/wp-content\/uploads\/2021\/01\/3_18enigma1.jpg\",\"width\":640,\"height\":479,\"caption\":\"RESTAURANTE ENIGMA BARCELONA JORDI ADRIA\"},{\"@type\":\"WebPage\",\"@id\":\"https:\/\/svetkamene.eu\/index.php\/pl\/2022\/06\/17\/enigma-restauracja-nie-z-tego-swiata\/#webpage\",\"url\":\"https:\/\/svetkamene.eu\/index.php\/pl\/2022\/06\/17\/enigma-restauracja-nie-z-tego-swiata\/\",\"name\":\"ENIGMA \u2013 RESTAURACJA NIE Z TEGO \u015aWIATA - Sv\u011bt Kamene\",\"isPartOf\":{\"@id\":\"https:\/\/svetkamene.eu\/#website\"},\"primaryImageOfPage\":{\"@id\":\"https:\/\/svetkamene.eu\/index.php\/pl\/2022\/06\/17\/enigma-restauracja-nie-z-tego-swiata\/#primaryimage\"},\"datePublished\":\"2022-06-17T12:00:00+00:00\",\"dateModified\":\"2022-06-11T19:57:58+00:00\",\"author\":{\"@id\":\"https:\/\/svetkamene.eu\/#\/schema\/person\/63ecc926d3eacc6248c818270a6bbe23\"},\"description\":\"Uk\u00e1zalo se, \u017ee v projektu sice nebylo vyu\u017eito kamene, ale objekt byl realizov\u00e1n ze sp\u00e9kan\u00e9ho nebo tzv. syntetick\u00e9ho kamene.\",\"breadcrumb\":{\"@id\":\"https:\/\/svetkamene.eu\/index.php\/pl\/2022\/06\/17\/enigma-restauracja-nie-z-tego-swiata\/#breadcrumb\"},\"inLanguage\":\"cs\",\"potentialAction\":[{\"@type\":\"ReadAction\",\"target\":[\"https:\/\/svetkamene.eu\/index.php\/pl\/2022\/06\/17\/enigma-restauracja-nie-z-tego-swiata\/\"]}]},{\"@type\":\"BreadcrumbList\",\"@id\":\"https:\/\/svetkamene.eu\/index.php\/pl\/2022\/06\/17\/enigma-restauracja-nie-z-tego-swiata\/#breadcrumb\",\"itemListElement\":[{\"@type\":\"ListItem\",\"position\":1,\"name\":\"Dom\u016f\",\"item\":\"https:\/\/svetkamene.eu\/\"},{\"@type\":\"ListItem\",\"position\":2,\"name\":\"ENIGMA \u2013 RESTAURACJA NIE Z TEGO \u015aWIATA\"}]},{\"@type\":\"Person\",\"@id\":\"https:\/\/svetkamene.eu\/#\/schema\/person\/63ecc926d3eacc6248c818270a6bbe23\",\"name\":\"Martina Hovorkov\u00e1\",\"image\":{\"@type\":\"ImageObject\",\"inLanguage\":\"cs\",\"@id\":\"https:\/\/svetkamene.eu\/#\/schema\/person\/image\/\",\"url\":\"https:\/\/secure.gravatar.com\/avatar\/ab907f59548aa3bd3e4b7d266ef68fd1?s=96&d=mm&r=g\",\"contentUrl\":\"https:\/\/secure.gravatar.com\/avatar\/ab907f59548aa3bd3e4b7d266ef68fd1?s=96&d=mm&r=g\",\"caption\":\"Martina Hovorkov\u00e1\"},\"url\":\"https:\/\/svetkamene.eu\/index.php\/author\/hovorkova\/\"}]}<\/script>\n<!-- \/ Yoast SEO plugin. -->","yoast_head_json":{"title":"ENIGMA \u2013 RESTAURACJA NIE Z TEGO \u015aWIATA - Sv\u011bt Kamene","description":"Uk\u00e1zalo se, \u017ee v projektu sice nebylo vyu\u017eito kamene, ale objekt byl realizov\u00e1n ze sp\u00e9kan\u00e9ho nebo tzv. syntetick\u00e9ho kamene.","robots":{"index":"index","follow":"follow","max-snippet":"max-snippet:-1","max-image-preview":"max-image-preview:large","max-video-preview":"max-video-preview:-1"},"canonical":"https:\/\/svetkamene.eu\/index.php\/pl\/2022\/06\/17\/enigma-restauracja-nie-z-tego-swiata\/","og_locale":"cs_CZ","og_type":"article","og_title":"ENIGMA \u2013 RESTAURACJA NIE Z TEGO \u015aWIATA - Sv\u011bt Kamene","og_description":"Uk\u00e1zalo se, \u017ee v projektu sice nebylo vyu\u017eito kamene, ale objekt byl realizov\u00e1n ze sp\u00e9kan\u00e9ho nebo tzv. syntetick\u00e9ho kamene.","og_url":"https:\/\/svetkamene.eu\/index.php\/pl\/2022\/06\/17\/enigma-restauracja-nie-z-tego-swiata\/","og_site_name":"Sv\u011bt Kamene","article_published_time":"2022-06-17T12:00:00+00:00","article_modified_time":"2022-06-11T19:57:58+00:00","og_image":[{"width":640,"height":479,"url":"https:\/\/svetkamene.eu\/wp-content\/uploads\/2021\/01\/3_18enigma1.jpg","type":"image\/jpeg"}],"twitter_card":"summary_large_image","twitter_misc":{"Napsal(a)":"Martina Hovorkov\u00e1","Odhadovan\u00e1 doba \u010dten\u00ed":"3 minuty"},"schema":{"@context":"https:\/\/schema.org","@graph":[{"@type":"WebSite","@id":"https:\/\/svetkamene.eu\/#website","url":"https:\/\/svetkamene.eu\/","name":"Sv\u011bt Kamene","description":"Port\u00e1l informuj\u00edc\u00ed o v\u0161em co souvis\u00ed s kamenem","potentialAction":[{"@type":"SearchAction","target":{"@type":"EntryPoint","urlTemplate":"https:\/\/svetkamene.eu\/?s={search_term_string}"},"query-input":"required name=search_term_string"}],"inLanguage":"cs"},{"@type":"ImageObject","inLanguage":"cs","@id":"https:\/\/svetkamene.eu\/index.php\/pl\/2022\/06\/17\/enigma-restauracja-nie-z-tego-swiata\/#primaryimage","url":"https:\/\/svetkamene.eu\/wp-content\/uploads\/2021\/01\/3_18enigma1.jpg","contentUrl":"https:\/\/svetkamene.eu\/wp-content\/uploads\/2021\/01\/3_18enigma1.jpg","width":640,"height":479,"caption":"RESTAURANTE ENIGMA BARCELONA JORDI ADRIA"},{"@type":"WebPage","@id":"https:\/\/svetkamene.eu\/index.php\/pl\/2022\/06\/17\/enigma-restauracja-nie-z-tego-swiata\/#webpage","url":"https:\/\/svetkamene.eu\/index.php\/pl\/2022\/06\/17\/enigma-restauracja-nie-z-tego-swiata\/","name":"ENIGMA \u2013 RESTAURACJA NIE Z TEGO \u015aWIATA - Sv\u011bt Kamene","isPartOf":{"@id":"https:\/\/svetkamene.eu\/#website"},"primaryImageOfPage":{"@id":"https:\/\/svetkamene.eu\/index.php\/pl\/2022\/06\/17\/enigma-restauracja-nie-z-tego-swiata\/#primaryimage"},"datePublished":"2022-06-17T12:00:00+00:00","dateModified":"2022-06-11T19:57:58+00:00","author":{"@id":"https:\/\/svetkamene.eu\/#\/schema\/person\/63ecc926d3eacc6248c818270a6bbe23"},"description":"Uk\u00e1zalo se, \u017ee v projektu sice nebylo vyu\u017eito kamene, ale objekt byl realizov\u00e1n ze sp\u00e9kan\u00e9ho nebo tzv. syntetick\u00e9ho kamene.","breadcrumb":{"@id":"https:\/\/svetkamene.eu\/index.php\/pl\/2022\/06\/17\/enigma-restauracja-nie-z-tego-swiata\/#breadcrumb"},"inLanguage":"cs","potentialAction":[{"@type":"ReadAction","target":["https:\/\/svetkamene.eu\/index.php\/pl\/2022\/06\/17\/enigma-restauracja-nie-z-tego-swiata\/"]}]},{"@type":"BreadcrumbList","@id":"https:\/\/svetkamene.eu\/index.php\/pl\/2022\/06\/17\/enigma-restauracja-nie-z-tego-swiata\/#breadcrumb","itemListElement":[{"@type":"ListItem","position":1,"name":"Dom\u016f","item":"https:\/\/svetkamene.eu\/"},{"@type":"ListItem","position":2,"name":"ENIGMA \u2013 RESTAURACJA NIE Z TEGO \u015aWIATA"}]},{"@type":"Person","@id":"https:\/\/svetkamene.eu\/#\/schema\/person\/63ecc926d3eacc6248c818270a6bbe23","name":"Martina Hovorkov\u00e1","image":{"@type":"ImageObject","inLanguage":"cs","@id":"https:\/\/svetkamene.eu\/#\/schema\/person\/image\/","url":"https:\/\/secure.gravatar.com\/avatar\/ab907f59548aa3bd3e4b7d266ef68fd1?s=96&d=mm&r=g","contentUrl":"https:\/\/secure.gravatar.com\/avatar\/ab907f59548aa3bd3e4b7d266ef68fd1?s=96&d=mm&r=g","caption":"Martina Hovorkov\u00e1"},"url":"https:\/\/svetkamene.eu\/index.php\/author\/hovorkova\/"}]}},"_links":{"self":[{"href":"https:\/\/svetkamene.eu\/index.php\/wp-json\/wp\/v2\/posts\/6148"}],"collection":[{"href":"https:\/\/svetkamene.eu\/index.php\/wp-json\/wp\/v2\/posts"}],"about":[{"href":"https:\/\/svetkamene.eu\/index.php\/wp-json\/wp\/v2\/types\/post"}],"author":[{"embeddable":true,"href":"https:\/\/svetkamene.eu\/index.php\/wp-json\/wp\/v2\/users\/31"}],"replies":[{"embeddable":true,"href":"https:\/\/svetkamene.eu\/index.php\/wp-json\/wp\/v2\/comments?post=6148"}],"version-history":[{"count":2,"href":"https:\/\/svetkamene.eu\/index.php\/wp-json\/wp\/v2\/posts\/6148\/revisions"}],"predecessor-version":[{"id":7921,"href":"https:\/\/svetkamene.eu\/index.php\/wp-json\/wp\/v2\/posts\/6148\/revisions\/7921"}],"wp:featuredmedia":[{"embeddable":true,"href":"https:\/\/svetkamene.eu\/index.php\/wp-json\/wp\/v2\/media\/2837"}],"wp:attachment":[{"href":"https:\/\/svetkamene.eu\/index.php\/wp-json\/wp\/v2\/media?parent=6148"}],"wp:term":[{"taxonomy":"category","embeddable":true,"href":"https:\/\/svetkamene.eu\/index.php\/wp-json\/wp\/v2\/categories?post=6148"},{"taxonomy":"post_tag","embeddable":true,"href":"https:\/\/svetkamene.eu\/index.php\/wp-json\/wp\/v2\/tags?post=6148"}],"curies":[{"name":"wp","href":"https:\/\/api.w.org\/{rel}","templated":true}]}}