{"id":6068,"date":"2022-06-01T23:00:00","date_gmt":"2022-06-01T21:00:00","guid":{"rendered":"https:\/\/beta.svetkamene.eu\/?p=6068"},"modified":"2022-06-10T11:36:36","modified_gmt":"2022-06-10T09:36:36","slug":"flekowanie-kamienia","status":"publish","type":"post","link":"https:\/\/svetkamene.eu\/index.php\/pl\/2022\/06\/01\/flekowanie-kamienia\/","title":{"rendered":"FLEKOWANIE KAMIENIA"},"content":{"rendered":"\n<p><strong>Kamieniarz to bardzo wa\u017cny wsp\u00f3\u0142pracownik konserwatora zabytk\u00f3w. Swoje umiej\u0119tno\u015bci zwi\u0105zane z&nbsp;obr\u00f3bk\u0105 kamienia wykorzystuje przy prostych pracach renowacyjnych, ale tak\u017ce przy rekonstrukcjach z\u0142o\u017conych detali architektonicznych.<\/strong><\/p>\n\n\n\n<div style=\"height:47px\" aria-hidden=\"true\" class=\"wp-block-spacer\"><\/div>\n\n\n\n<p>Wa\u017cnym elementem pracy kamieniarza na istniej\u0105cej zabytkowej kamieniarce jest flekowanie kamienia, czyli uzupe\u0142niania w nim ubytk\u00f3w. Flekowanie jest stosowane w\u202fmiejscach ubytk\u00f3w zbyt du\u017cych na szpachlowanie, ale zbyt ma\u0142ych, by konieczna by\u0142a rekonstrukcja ca\u0142ego detalu architektonicznego.<\/p>\n\n\n\n<p>Pierwszym etapem jest dob\u00f3r materia\u0142u. Idealn\u0105 sytuacj\u0105 jest, gdy do flekowania u\u017cyty zostanie materia\u0142 z\u202ftego samego z\u0142o\u017ca, z\u202fkt\u00f3rego powsta\u0142 naprawiany element. Nie jest to \u0142atwe. Naprawa zwykle dotyczy obiekt\u00f3w, kt\u00f3re powsta\u0142y kilka wiek\u00f3w temu i\u202fprzez ten czas wiele z\u0142\u00f3\u017c zosta\u0142o wyeksploatowanych, zamkni\u0119tych, lub zmieni\u0142o swoje przeznaczenie. Nie zawsze jest te\u017c mo\u017cliwo\u015b\u0107 dotarcia do informacji o\u202fpochodzeniu materia\u0142u u\u017cytego w\u202fczasie budowania obiektu. Zawsze jednak nale\u017cy dobiera\u0107 materia\u0142 najbardziej zbli\u017cony do pierwotnego kolorem i\u202fstruktur\u0105 oraz wielko\u015bci\u0105 i&nbsp;kszta\u0142tem ziarna.<\/p>\n\n\n\n<p>Flekowanie zaczynamy od pomiar\u00f3w ubytku i&nbsp;przygotowania materia\u0142u. Nast\u0119pnie wykonujemy wyci\u0119cie w\u202felemencie architektonicznym, kt\u00f3re ma za zadanie wyr\u00f3wna\u0107 kraw\u0119dzie ubytku. Do tak wykonanego wyci\u0119cia dopasowuje si\u0119 fleka, a&nbsp;nast\u0119pnie wkleja, gdy jego kraw\u0119dzie najdok\u0142adniej przylegaj\u0105 do kraw\u0119dzi ubytku. Do monta\u017cu wype\u0142nienia mo\u017cna u\u017cy\u0107 kotew. Przyjmuje si\u0119, \u017ce flek powinien nieco wystawa\u0107 z\u202fmiejsca ubytku i\u202fko\u0144cowe doszlifowanie powinno odby\u0107 si\u0119 ju\u017c po&nbsp;zamontowaniu. W ten spos\u00f3b uzyskuje si\u0119 r\u00f3wnie\u017c lepsze scalenie kolorystyczne z\u202foryginalnym materia\u0142em.<\/p>\n\n\n\n<p>W niekt\u00f3rych technikach flekowania pozostawia si\u0119 naturalny kolor \u0142aty. Ma ona swoich przeciwnik\u00f3w i\u202fzwolennik\u00f3w, budzi te\u017c r\u00f3\u017cne komentarze natury estetycznej. Na szcz\u0119\u015bcie dla kamieniarzy decyzj\u0119 o\u202fzastosowanej technice podejmuje konserwator.<\/p>\n\n\n\n<p>Flekowanie ma za zadanie odtworzenie uszkodzonych element\u00f3w, zabezpieczenie przed dalsz\u0105 degradacj\u0105 oraz poprawienie estetyki obiektu. Jest jednak jeden aspekt, nad kt\u00f3rym nale\u017cy si\u0119 dok\u0142adniej zastanowi\u0107 w\u202fczasie podejmowania prac renowacyjnych. To \u015blady historii takie jak: dziury po&nbsp;kulach, \u015blady po&nbsp;ostrzeniu szabli o\u202fpiaskowiec czy ma\u0142e otwory tzw. pokutniczek. Osobi\u015bcie jestem zwolennikiem pozostawiania takich \u015blad\u00f3w \u2013 s\u0105 elementem obiektu.<\/p>\n\n\n\n<div style=\"height:100px\" aria-hidden=\"true\" class=\"wp-block-spacer\"><\/div>\n\n\n\n<p>\u0179r\u00f3d\u0142o: <a href=\"https:\/\/www.kurierkamieniarski.pl\/artykuly\/o-kamieniu\/1082-flekowanie-kamienia.html\" target=\"_blank\" rel=\"noreferrer noopener\">Kurier kamieniarski<\/a><\/p>\n\n\n\n<p>Autor: Dariusz Dembi\u0144ska&nbsp;&nbsp;&nbsp;|&nbsp;&nbsp;&nbsp;Data: wtorek, 02 lipca 2019<\/p>\n","protected":false},"excerpt":{"rendered":"<p>Kamieniarz to bardzo wa\u017cny wsp\u00f3\u0142pracownik konserwatora zabytk\u00f3w. Swoje umiej\u0119tno\u015bci zwi\u0105zane z&nbsp;obr\u00f3bk\u0105 kamienia wykorzystuje przy prostych&#8230;<\/p>\n","protected":false},"author":31,"featured_media":3094,"comment_status":"closed","ping_status":"closed","sticky":false,"template":"","format":"standard","meta":{"ngg_post_thumbnail":0},"categories":[374],"tags":[],"yoast_head":"<!-- This site is optimized with the Yoast SEO plugin v19.1 - https:\/\/yoast.com\/wordpress\/plugins\/seo\/ -->\n<title>FLEKOWANIE KAMIENIA - Sv\u011bt Kamene<\/title>\n<meta name=\"description\" content=\"D\u016fle\u017eit\u00fdm prvkem pr\u00e1ce kamen\u00edka na st\u00e1vaj\u00edc\u00edm historick\u00e9m kamenick\u00e9m objektu je plombov\u00e1n\u00ed, tj. vypl\u0148ov\u00e1n\u00ed jeho dutin.\" \/>\n<meta name=\"robots\" content=\"index, follow, max-snippet:-1, max-image-preview:large, max-video-preview:-1\" \/>\n<link rel=\"canonical\" href=\"https:\/\/svetkamene.eu\/index.php\/pl\/2022\/06\/01\/flekowanie-kamienia\/\" \/>\n<meta property=\"og:locale\" content=\"cs_CZ\" \/>\n<meta property=\"og:type\" content=\"article\" \/>\n<meta property=\"og:title\" content=\"FLEKOWANIE KAMIENIA - Sv\u011bt Kamene\" \/>\n<meta property=\"og:description\" content=\"D\u016fle\u017eit\u00fdm prvkem pr\u00e1ce kamen\u00edka na st\u00e1vaj\u00edc\u00edm historick\u00e9m kamenick\u00e9m objektu je plombov\u00e1n\u00ed, tj. vypl\u0148ov\u00e1n\u00ed jeho dutin.\" \/>\n<meta property=\"og:url\" content=\"https:\/\/svetkamene.eu\/index.php\/pl\/2022\/06\/01\/flekowanie-kamienia\/\" \/>\n<meta property=\"og:site_name\" content=\"Sv\u011bt Kamene\" \/>\n<meta property=\"article:published_time\" content=\"2022-06-01T21:00:00+00:00\" \/>\n<meta property=\"article:modified_time\" content=\"2022-06-10T09:36:36+00:00\" \/>\n<meta property=\"og:image\" content=\"https:\/\/svetkamene.eu\/wp-content\/uploads\/2021\/01\/100_fl1.jpg\" \/>\n\t<meta property=\"og:image:width\" content=\"640\" \/>\n\t<meta property=\"og:image:height\" content=\"302\" \/>\n\t<meta property=\"og:image:type\" content=\"image\/jpeg\" \/>\n<meta name=\"twitter:card\" content=\"summary_large_image\" \/>\n<meta name=\"twitter:label1\" content=\"Napsal(a)\" \/>\n\t<meta name=\"twitter:data1\" content=\"Martina Hovorkov\u00e1\" \/>\n\t<meta name=\"twitter:label2\" content=\"Odhadovan\u00e1 doba \u010dten\u00ed\" \/>\n\t<meta name=\"twitter:data2\" content=\"2 minuty\" \/>\n<script type=\"application\/ld+json\" class=\"yoast-schema-graph\">{\"@context\":\"https:\/\/schema.org\",\"@graph\":[{\"@type\":\"WebSite\",\"@id\":\"https:\/\/svetkamene.eu\/#website\",\"url\":\"https:\/\/svetkamene.eu\/\",\"name\":\"Sv\u011bt Kamene\",\"description\":\"Port\u00e1l informuj\u00edc\u00ed o v\u0161em co souvis\u00ed s kamenem\",\"potentialAction\":[{\"@type\":\"SearchAction\",\"target\":{\"@type\":\"EntryPoint\",\"urlTemplate\":\"https:\/\/svetkamene.eu\/?s={search_term_string}\"},\"query-input\":\"required name=search_term_string\"}],\"inLanguage\":\"cs\"},{\"@type\":\"ImageObject\",\"inLanguage\":\"cs\",\"@id\":\"https:\/\/svetkamene.eu\/index.php\/pl\/2022\/06\/01\/flekowanie-kamienia\/#primaryimage\",\"url\":\"https:\/\/svetkamene.eu\/wp-content\/uploads\/2021\/01\/100_fl1.jpg\",\"contentUrl\":\"https:\/\/svetkamene.eu\/wp-content\/uploads\/2021\/01\/100_fl1.jpg\",\"width\":640,\"height\":302,\"caption\":\"uk\u00e1zka opravy \u0159\u00edmsy z p\u0159\u00edrodn\u00edho kamene\"},{\"@type\":\"WebPage\",\"@id\":\"https:\/\/svetkamene.eu\/index.php\/pl\/2022\/06\/01\/flekowanie-kamienia\/#webpage\",\"url\":\"https:\/\/svetkamene.eu\/index.php\/pl\/2022\/06\/01\/flekowanie-kamienia\/\",\"name\":\"FLEKOWANIE KAMIENIA - Sv\u011bt Kamene\",\"isPartOf\":{\"@id\":\"https:\/\/svetkamene.eu\/#website\"},\"primaryImageOfPage\":{\"@id\":\"https:\/\/svetkamene.eu\/index.php\/pl\/2022\/06\/01\/flekowanie-kamienia\/#primaryimage\"},\"datePublished\":\"2022-06-01T21:00:00+00:00\",\"dateModified\":\"2022-06-10T09:36:36+00:00\",\"author\":{\"@id\":\"https:\/\/svetkamene.eu\/#\/schema\/person\/63ecc926d3eacc6248c818270a6bbe23\"},\"description\":\"D\u016fle\u017eit\u00fdm prvkem pr\u00e1ce kamen\u00edka na st\u00e1vaj\u00edc\u00edm historick\u00e9m kamenick\u00e9m objektu je plombov\u00e1n\u00ed, tj. vypl\u0148ov\u00e1n\u00ed jeho dutin.\",\"breadcrumb\":{\"@id\":\"https:\/\/svetkamene.eu\/index.php\/pl\/2022\/06\/01\/flekowanie-kamienia\/#breadcrumb\"},\"inLanguage\":\"cs\",\"potentialAction\":[{\"@type\":\"ReadAction\",\"target\":[\"https:\/\/svetkamene.eu\/index.php\/pl\/2022\/06\/01\/flekowanie-kamienia\/\"]}]},{\"@type\":\"BreadcrumbList\",\"@id\":\"https:\/\/svetkamene.eu\/index.php\/pl\/2022\/06\/01\/flekowanie-kamienia\/#breadcrumb\",\"itemListElement\":[{\"@type\":\"ListItem\",\"position\":1,\"name\":\"Dom\u016f\",\"item\":\"https:\/\/svetkamene.eu\/\"},{\"@type\":\"ListItem\",\"position\":2,\"name\":\"FLEKOWANIE KAMIENIA\"}]},{\"@type\":\"Person\",\"@id\":\"https:\/\/svetkamene.eu\/#\/schema\/person\/63ecc926d3eacc6248c818270a6bbe23\",\"name\":\"Martina Hovorkov\u00e1\",\"image\":{\"@type\":\"ImageObject\",\"inLanguage\":\"cs\",\"@id\":\"https:\/\/svetkamene.eu\/#\/schema\/person\/image\/\",\"url\":\"https:\/\/secure.gravatar.com\/avatar\/ab907f59548aa3bd3e4b7d266ef68fd1?s=96&d=mm&r=g\",\"contentUrl\":\"https:\/\/secure.gravatar.com\/avatar\/ab907f59548aa3bd3e4b7d266ef68fd1?s=96&d=mm&r=g\",\"caption\":\"Martina Hovorkov\u00e1\"},\"url\":\"https:\/\/svetkamene.eu\/index.php\/author\/hovorkova\/\"}]}<\/script>\n<!-- \/ Yoast SEO plugin. -->","yoast_head_json":{"title":"FLEKOWANIE KAMIENIA - Sv\u011bt Kamene","description":"D\u016fle\u017eit\u00fdm prvkem pr\u00e1ce kamen\u00edka na st\u00e1vaj\u00edc\u00edm historick\u00e9m kamenick\u00e9m objektu je plombov\u00e1n\u00ed, tj. vypl\u0148ov\u00e1n\u00ed jeho dutin.","robots":{"index":"index","follow":"follow","max-snippet":"max-snippet:-1","max-image-preview":"max-image-preview:large","max-video-preview":"max-video-preview:-1"},"canonical":"https:\/\/svetkamene.eu\/index.php\/pl\/2022\/06\/01\/flekowanie-kamienia\/","og_locale":"cs_CZ","og_type":"article","og_title":"FLEKOWANIE KAMIENIA - Sv\u011bt Kamene","og_description":"D\u016fle\u017eit\u00fdm prvkem pr\u00e1ce kamen\u00edka na st\u00e1vaj\u00edc\u00edm historick\u00e9m kamenick\u00e9m objektu je plombov\u00e1n\u00ed, tj. vypl\u0148ov\u00e1n\u00ed jeho dutin.","og_url":"https:\/\/svetkamene.eu\/index.php\/pl\/2022\/06\/01\/flekowanie-kamienia\/","og_site_name":"Sv\u011bt Kamene","article_published_time":"2022-06-01T21:00:00+00:00","article_modified_time":"2022-06-10T09:36:36+00:00","og_image":[{"width":640,"height":302,"url":"https:\/\/svetkamene.eu\/wp-content\/uploads\/2021\/01\/100_fl1.jpg","type":"image\/jpeg"}],"twitter_card":"summary_large_image","twitter_misc":{"Napsal(a)":"Martina Hovorkov\u00e1","Odhadovan\u00e1 doba \u010dten\u00ed":"2 minuty"},"schema":{"@context":"https:\/\/schema.org","@graph":[{"@type":"WebSite","@id":"https:\/\/svetkamene.eu\/#website","url":"https:\/\/svetkamene.eu\/","name":"Sv\u011bt Kamene","description":"Port\u00e1l informuj\u00edc\u00ed o v\u0161em co souvis\u00ed s kamenem","potentialAction":[{"@type":"SearchAction","target":{"@type":"EntryPoint","urlTemplate":"https:\/\/svetkamene.eu\/?s={search_term_string}"},"query-input":"required name=search_term_string"}],"inLanguage":"cs"},{"@type":"ImageObject","inLanguage":"cs","@id":"https:\/\/svetkamene.eu\/index.php\/pl\/2022\/06\/01\/flekowanie-kamienia\/#primaryimage","url":"https:\/\/svetkamene.eu\/wp-content\/uploads\/2021\/01\/100_fl1.jpg","contentUrl":"https:\/\/svetkamene.eu\/wp-content\/uploads\/2021\/01\/100_fl1.jpg","width":640,"height":302,"caption":"uk\u00e1zka opravy \u0159\u00edmsy z p\u0159\u00edrodn\u00edho kamene"},{"@type":"WebPage","@id":"https:\/\/svetkamene.eu\/index.php\/pl\/2022\/06\/01\/flekowanie-kamienia\/#webpage","url":"https:\/\/svetkamene.eu\/index.php\/pl\/2022\/06\/01\/flekowanie-kamienia\/","name":"FLEKOWANIE KAMIENIA - Sv\u011bt Kamene","isPartOf":{"@id":"https:\/\/svetkamene.eu\/#website"},"primaryImageOfPage":{"@id":"https:\/\/svetkamene.eu\/index.php\/pl\/2022\/06\/01\/flekowanie-kamienia\/#primaryimage"},"datePublished":"2022-06-01T21:00:00+00:00","dateModified":"2022-06-10T09:36:36+00:00","author":{"@id":"https:\/\/svetkamene.eu\/#\/schema\/person\/63ecc926d3eacc6248c818270a6bbe23"},"description":"D\u016fle\u017eit\u00fdm prvkem pr\u00e1ce kamen\u00edka na st\u00e1vaj\u00edc\u00edm historick\u00e9m kamenick\u00e9m objektu je plombov\u00e1n\u00ed, tj. vypl\u0148ov\u00e1n\u00ed jeho dutin.","breadcrumb":{"@id":"https:\/\/svetkamene.eu\/index.php\/pl\/2022\/06\/01\/flekowanie-kamienia\/#breadcrumb"},"inLanguage":"cs","potentialAction":[{"@type":"ReadAction","target":["https:\/\/svetkamene.eu\/index.php\/pl\/2022\/06\/01\/flekowanie-kamienia\/"]}]},{"@type":"BreadcrumbList","@id":"https:\/\/svetkamene.eu\/index.php\/pl\/2022\/06\/01\/flekowanie-kamienia\/#breadcrumb","itemListElement":[{"@type":"ListItem","position":1,"name":"Dom\u016f","item":"https:\/\/svetkamene.eu\/"},{"@type":"ListItem","position":2,"name":"FLEKOWANIE KAMIENIA"}]},{"@type":"Person","@id":"https:\/\/svetkamene.eu\/#\/schema\/person\/63ecc926d3eacc6248c818270a6bbe23","name":"Martina Hovorkov\u00e1","image":{"@type":"ImageObject","inLanguage":"cs","@id":"https:\/\/svetkamene.eu\/#\/schema\/person\/image\/","url":"https:\/\/secure.gravatar.com\/avatar\/ab907f59548aa3bd3e4b7d266ef68fd1?s=96&d=mm&r=g","contentUrl":"https:\/\/secure.gravatar.com\/avatar\/ab907f59548aa3bd3e4b7d266ef68fd1?s=96&d=mm&r=g","caption":"Martina Hovorkov\u00e1"},"url":"https:\/\/svetkamene.eu\/index.php\/author\/hovorkova\/"}]}},"_links":{"self":[{"href":"https:\/\/svetkamene.eu\/index.php\/wp-json\/wp\/v2\/posts\/6068"}],"collection":[{"href":"https:\/\/svetkamene.eu\/index.php\/wp-json\/wp\/v2\/posts"}],"about":[{"href":"https:\/\/svetkamene.eu\/index.php\/wp-json\/wp\/v2\/types\/post"}],"author":[{"embeddable":true,"href":"https:\/\/svetkamene.eu\/index.php\/wp-json\/wp\/v2\/users\/31"}],"replies":[{"embeddable":true,"href":"https:\/\/svetkamene.eu\/index.php\/wp-json\/wp\/v2\/comments?post=6068"}],"version-history":[{"count":3,"href":"https:\/\/svetkamene.eu\/index.php\/wp-json\/wp\/v2\/posts\/6068\/revisions"}],"predecessor-version":[{"id":12043,"href":"https:\/\/svetkamene.eu\/index.php\/wp-json\/wp\/v2\/posts\/6068\/revisions\/12043"}],"wp:featuredmedia":[{"embeddable":true,"href":"https:\/\/svetkamene.eu\/index.php\/wp-json\/wp\/v2\/media\/3094"}],"wp:attachment":[{"href":"https:\/\/svetkamene.eu\/index.php\/wp-json\/wp\/v2\/media?parent=6068"}],"wp:term":[{"taxonomy":"category","embeddable":true,"href":"https:\/\/svetkamene.eu\/index.php\/wp-json\/wp\/v2\/categories?post=6068"},{"taxonomy":"post_tag","embeddable":true,"href":"https:\/\/svetkamene.eu\/index.php\/wp-json\/wp\/v2\/tags?post=6068"}],"curies":[{"name":"wp","href":"https:\/\/api.w.org\/{rel}","templated":true}]}}