{"id":5751,"date":"2020-11-21T18:26:00","date_gmt":"2020-11-21T17:26:00","guid":{"rendered":"https:\/\/beta.svetkamene.eu\/?p=5751"},"modified":"2021-10-12T08:28:31","modified_gmt":"2021-10-12T06:28:31","slug":"wydobycie-w-dolinie-obriho-dolu-czesc-1","status":"publish","type":"post","link":"https:\/\/svetkamene.eu\/index.php\/pl\/2020\/11\/21\/wydobycie-w-dolinie-obriho-dolu-czesc-1\/","title":{"rendered":"Wydobycie w dolinie Ob\u0159\u00edho dolu &#8211; cz\u0119\u015b\u0107 1"},"content":{"rendered":"\n<p><strong>Speleolodzy z&nbsp;Albe\u0159ic od wielu lat zajmuj\u0105 si\u0119 g\u00f3rniczymi i&nbsp;geologiczno-historycznymi badaniami dawnych wyrobisk g\u00f3rniczych w Karkonoszach, w tym doliny polodowcowej Ob\u0159\u00ed d\u016fl, najwi\u0119kszej lokality g\u00f3rniczej w Karkonoszach. <\/strong><\/p>\n\n\n\n<div style=\"height:46px\" aria-hidden=\"true\" class=\"wp-block-spacer\"><\/div>\n\n\n\n<p>Odkryli, \u017ce w masywie \u015anie\u017cki kryje si\u0119 bardzo dobrze zachowany kompleks rob\u00f3t g\u00f3rniczych, reprezentuj\u0105cy g\u00f3rnictwo w Karkonoszach od oko\u0142o XVI wieku do po\u0142owy ubieg\u0142ego wieku. Po&nbsp;wieloletnich staraniach w roku 2004 groto\u0142azom uda\u0142o si\u0119 osi\u0105gn\u0105\u0107 sw\u00f3j wymarzony cel &#8211; udost\u0119pni\u0107 zwiedzaj\u0105cym cz\u0119\u015b\u0107 kopalni Kov\u00e1rna.<\/p>\n\n\n\n<div style=\"height:46px\" aria-hidden=\"true\" class=\"wp-block-spacer\"><\/div>\n\n\n\n<h4>Historia<\/h4>\n\n\n\n<p>Wed\u0142ug starych przekaz\u00f3w ju\u017c w XII wieku przez Karkonosze prowadzi\u0142 szlak handlowy na \u015al\u0105sk. Ta droga&nbsp; by\u0142a u\u017cywana przez pierwszych poszukiwaczy, dlatego jest prawdopodobne, \u017ce drobne wydobycie metali mia\u0142o miejsce ju\u017c w g\u0142\u0119bokim \u015bredniowieczu. Mamy ju\u017c poszlaki pochodz\u0105ce z&nbsp;XI i&nbsp;XII wieku z&nbsp;R\u00fdchora i&nbsp;Svobody nad \u00dapou. Niemniej jednak poszukiwanie starych dzie\u0142 w Kopalni Olbrzymiej jest bardzo skomplikowane. Dzia\u0142alno\u015b\u0107 wydobywcza odbywa\u0142a si\u0119 tutaj z&nbsp;r\u00f3\u017cnymi przerwami a\u017c do lat 60. XX wieku, a&nbsp;ka\u017cde nowe wydobycie w du\u017cej mierze zaciera\u0142o \u015blady po&nbsp;starszej dzia\u0142alno\u015bci. Najstarsza udokumentowana wzmianka o&nbsp;miejscowym g\u00f3rnictwie zachowa\u0142a si\u0119 z&nbsp;1511 roku, gdzie podaje si\u0119, \u017ce do Trutnova przybyli mi\u015bnie\u0144scy g\u00f3rnicy, kt\u00f3rzy po&nbsp;awarii w sztolni na \u0160ibeni\u010dn\u00ed vrchu przenie\u015bli si\u0119 na tereny Ob\u0159\u00edho dolu. W 1534 roku sp\u00f3\u0142ka siedemnastu przedsi\u0119biorc\u00f3w poprosi\u0142a cesarza Ferdynanda II o&nbsp;przywilej wydobycia na terenach Ob\u0159\u00edho dolu. Ze wzgl\u0119du na odleg\u0142e po\u0142o\u017cenie kopalni zaplanowano wybudowanie huty, szybu oraz ca\u0142ej osady z&nbsp;karczm\u0105, browarem i&nbsp;innym zagospodarowaniem. \u00d3wczesny w\u0142adca Vrchlab\u00ed Kry\u0161tof Gendorf z&nbsp;Karyntii, cesarski doradca w sprawach g\u00f3rnictwa i&nbsp;mennictwa, nie popar\u0142 tego pomys\u0142u, g\u0142\u00f3wnie z&nbsp;tego powodu, \u017ce stworzy\u0142oby to konkurencj\u0119 dla jego w\u0142asnych kopal\u0144 \u017celaza w Herl\u00edkovicach i&nbsp;Mar\u0161ovie. Wed\u0142ug ustale\u0144 wydobycie nadal odbywa\u0142o si\u0119 w kilku miejscach. W 1570 roku przedsi\u0119biorca g\u00f3rniczy i&nbsp;poszukiwacz Hans Seyfert znalaz\u0142 tu pot\u0119\u017cne z\u0142o\u017ca rud miedzi, o\u0142owiu i&nbsp;arsenu.<\/p>\n\n\n\n<div style=\"height:49px\" aria-hidden=\"true\" class=\"wp-block-spacer\"><\/div>\n\n\n\n<h4>Kopalnia Kov\u00e1rna<\/h4>\n\n\n\n<p>G\u0142\u00f3wne wydobycie koncentrowa\u0142o si\u0119 w wyrobiskach Kov\u00e1rna i&nbsp;Gustav, kt\u00f3re g\u0142\u0119boko pod powierzchni\u0105 by\u0142y ze sob\u0105 po\u0142\u0105czone. W literaturze podaje si\u0119, \u017ce ca\u0142kowita g\u0142\u0119boko\u015b\u0107 kopalni wynosi\u0142a 140&nbsp;m a&nbsp;zasi\u0119g poni\u017cej poziomu miejscowo\u015bci \u00dapa to 24,5&nbsp;m. Tych danych nie uda\u0142o si\u0119 jeszcze udowodni\u0107, poniewa\u017c podczas bada\u0144 geologicznych w latach 50.&nbsp;zasypano najni\u017csz\u0105 cz\u0119\u015b\u0107 kopalni. Dlatego podaje si\u0119, \u017ce g\u0142\u0119boko\u015b\u0107 kopalni wynosi zatem 100&nbsp;m. Na czeskie warunki g\u0142\u0119boko\u015b\u0107 ta nie jest du\u017ca, ale odleg\u0142o\u015b\u0107 teren\u00f3w Ob\u0159\u00edho dolu i&nbsp;panuj\u0105ce tam ekstremalne warunki klimatyczne bardzo utrudnia\u0142y \u017cycie g\u00f3rnikom. Rud\u0119 i&nbsp;odpady przer\u00f3bcze wydobywano z&nbsp;g\u0142\u0119bin r\u0119cznie lub tylko za pomoc\u0105 prostych wci\u0105garek lub przyci\u0105garek. Nie odnaleziono \u017cadnego innego sprz\u0119tu g\u00f3rniczego ani jego szcz\u0105tk\u00f3w, nie ma o&nbsp;nich te\u017c \u017cadnej wzmianki w \u017ar\u00f3d\u0142ach historycznych. W niekt\u00f3rych cz\u0119\u015bciach znajduj\u0105 si\u0119 sekcje wspinaczkowe &#8211; drewniane konstrukcje z&nbsp;platformami, kt\u00f3re s\u0105 po\u0142\u0105czone drabinami. Nie by\u0142y to klasyczne drabiny, te odnaleziono w liczbie tylko kilku sztuk, ale by\u0142y to drabiny jednostopniowe zwane wspinaczami (mocna k\u0142oda z&nbsp;rze\u017abionymi stopniami na stopy). W kopalni zachowa\u0142y si\u0119 i&nbsp;takie drabiny o&nbsp;d\u0142ugo\u015bci pi\u0119\u0107 metr\u00f3w, a&nbsp;wej\u015bcie po&nbsp;nich z\u00a0nieckami pe\u0142nymi rudy lub koszami na grzbiecie musia\u0142o by\u0107 wyczynem prawie, \u017ce kaskaderskim. Wydobycie by\u0142o r\u0119czne za pomoc\u0105 \u017celaza i&nbsp;m\u0142ota lub przez podpalanie. Najpopularniejszym paliwem by\u0142o lokalne drewno, a&nbsp;najwydajniejsza temperatura pod\u0142o\u017cenia ognia wynosi\u0142a oko\u0142o 600\u00b0C. W tej metodzie rozpalano ogie\u0144 grzewczy na licu korytarza, ska\u0142a pali\u0142a si\u0119, a&nbsp;nast\u0119pnie gwa\u0142townie j\u0105 ch\u0142odzono \u2013 przez polewanie wod\u0105. Rezultatem by\u0142a pop\u0119kana, a&nbsp;przez to \u0142atwiejsza do wydobycia ska\u0142a. Proces wydobycia przy u\u017cyciu tylko d\u0142uta i&nbsp;m\u0142ota by\u0142 bardzo powolny, zaledwie kilka centymetr\u00f3w dziennie. Ale w przypadku medoty podpalania, wydobywano jeden metr lub wi\u0119cej podczas jednej zmiany. Podczas podpalania du\u017cych kom\u00f3r by\u0142 to metr sze\u015bcienny oderwanej ska\u0142y.<\/p>\n\n\n\n<div style=\"height:100px\" aria-hidden=\"true\" class=\"wp-block-spacer\"><\/div>\n\n\n\n<p>\u0179r\u00f3d\u0142o: \u00a0<a href=\"http:\/\/www.lomyatezba.cz\">www.lomyatezba.cz<\/a><\/p>\n","protected":false},"excerpt":{"rendered":"<p>Speleolodzy z&nbsp;Albe\u0159ic od wielu lat zajmuj\u0105 si\u0119 g\u00f3rniczymi i&nbsp;geologiczno-historycznymi badaniami dawnych wyrobisk g\u00f3rniczych w Karkonoszach,&#8230;<\/p>\n","protected":false},"author":31,"featured_media":2994,"comment_status":"closed","ping_status":"closed","sticky":false,"template":"","format":"standard","meta":{"ngg_post_thumbnail":0},"categories":[374],"tags":[],"yoast_head":"<!-- This site is optimized with the Yoast SEO plugin v19.1 - https:\/\/yoast.com\/wordpress\/plugins\/seo\/ -->\n<title>Wydobycie w dolinie Ob\u0159\u00edho dolu - cz\u0119\u015b\u0107 1 - Sv\u011bt Kamene<\/title>\n<meta name=\"description\" content=\"Hlavn\u00ed t\u011b\u017eba se soust\u0159edila do d\u011bl Kov\u00e1rna a Gustav, kter\u00e9 byly nehluboko pod povrchem propojeny.\" \/>\n<meta name=\"robots\" content=\"index, follow, max-snippet:-1, max-image-preview:large, max-video-preview:-1\" \/>\n<link rel=\"canonical\" href=\"https:\/\/svetkamene.eu\/index.php\/pl\/2020\/11\/21\/wydobycie-w-dolinie-obriho-dolu-czesc-1\/\" \/>\n<meta property=\"og:locale\" content=\"cs_CZ\" \/>\n<meta property=\"og:type\" content=\"article\" \/>\n<meta property=\"og:title\" content=\"Wydobycie w dolinie Ob\u0159\u00edho dolu - cz\u0119\u015b\u0107 1 - Sv\u011bt Kamene\" \/>\n<meta property=\"og:description\" content=\"Hlavn\u00ed t\u011b\u017eba se soust\u0159edila do d\u011bl Kov\u00e1rna a Gustav, kter\u00e9 byly nehluboko pod povrchem propojeny.\" \/>\n<meta property=\"og:url\" content=\"https:\/\/svetkamene.eu\/index.php\/pl\/2020\/11\/21\/wydobycie-w-dolinie-obriho-dolu-czesc-1\/\" \/>\n<meta property=\"og:site_name\" content=\"Sv\u011bt Kamene\" \/>\n<meta property=\"article:published_time\" content=\"2020-11-21T17:26:00+00:00\" \/>\n<meta property=\"article:modified_time\" content=\"2021-10-12T06:28:31+00:00\" \/>\n<meta property=\"og:image\" content=\"https:\/\/svetkamene.eu\/wp-content\/uploads\/2021\/01\/9b61c9add26ae66de11f78f97af7a160_M.jpg\" \/>\n\t<meta property=\"og:image:width\" content=\"746\" \/>\n\t<meta property=\"og:image:height\" content=\"495\" \/>\n\t<meta property=\"og:image:type\" content=\"image\/jpeg\" \/>\n<meta name=\"twitter:card\" content=\"summary_large_image\" \/>\n<meta name=\"twitter:label1\" content=\"Napsal(a)\" \/>\n\t<meta name=\"twitter:data1\" content=\"Martina Hovorkov\u00e1\" \/>\n\t<meta name=\"twitter:label2\" content=\"Odhadovan\u00e1 doba \u010dten\u00ed\" \/>\n\t<meta name=\"twitter:data2\" content=\"4 minuty\" \/>\n<script type=\"application\/ld+json\" class=\"yoast-schema-graph\">{\"@context\":\"https:\/\/schema.org\",\"@graph\":[{\"@type\":\"WebSite\",\"@id\":\"https:\/\/svetkamene.eu\/#website\",\"url\":\"https:\/\/svetkamene.eu\/\",\"name\":\"Sv\u011bt Kamene\",\"description\":\"Port\u00e1l informuj\u00edc\u00ed o v\u0161em co souvis\u00ed s kamenem\",\"potentialAction\":[{\"@type\":\"SearchAction\",\"target\":{\"@type\":\"EntryPoint\",\"urlTemplate\":\"https:\/\/svetkamene.eu\/?s={search_term_string}\"},\"query-input\":\"required name=search_term_string\"}],\"inLanguage\":\"cs\"},{\"@type\":\"ImageObject\",\"inLanguage\":\"cs\",\"@id\":\"https:\/\/svetkamene.eu\/index.php\/pl\/2020\/11\/21\/wydobycie-w-dolinie-obriho-dolu-czesc-1\/#primaryimage\",\"url\":\"https:\/\/svetkamene.eu\/wp-content\/uploads\/2021\/01\/9b61c9add26ae66de11f78f97af7a160_M.jpg\",\"contentUrl\":\"https:\/\/svetkamene.eu\/wp-content\/uploads\/2021\/01\/9b61c9add26ae66de11f78f97af7a160_M.jpg\",\"width\":746,\"height\":495,\"caption\":\"Pohled v lese na d\u0159ev\u011bnou chaloupku u kter\u00e9 je zaparkovan\u00fd reziv\u00fd voz\u00edk na uhl\u00ed na zhruba 150 centimetrov\u00e9m kusu kolej\u00ed. Nalevo od voz\u00edku jsou kameny a pa\u0159ezy, pohled je na zasn\u011b\u017eenou zimn\u00ed krajinu s cca 5 a\u017e 10 cm sn\u011bhu\"},{\"@type\":\"WebPage\",\"@id\":\"https:\/\/svetkamene.eu\/index.php\/pl\/2020\/11\/21\/wydobycie-w-dolinie-obriho-dolu-czesc-1\/#webpage\",\"url\":\"https:\/\/svetkamene.eu\/index.php\/pl\/2020\/11\/21\/wydobycie-w-dolinie-obriho-dolu-czesc-1\/\",\"name\":\"Wydobycie w dolinie Ob\u0159\u00edho dolu - cz\u0119\u015b\u0107 1 - Sv\u011bt Kamene\",\"isPartOf\":{\"@id\":\"https:\/\/svetkamene.eu\/#website\"},\"primaryImageOfPage\":{\"@id\":\"https:\/\/svetkamene.eu\/index.php\/pl\/2020\/11\/21\/wydobycie-w-dolinie-obriho-dolu-czesc-1\/#primaryimage\"},\"datePublished\":\"2020-11-21T17:26:00+00:00\",\"dateModified\":\"2021-10-12T06:28:31+00:00\",\"author\":{\"@id\":\"https:\/\/svetkamene.eu\/#\/schema\/person\/63ecc926d3eacc6248c818270a6bbe23\"},\"description\":\"Hlavn\u00ed t\u011b\u017eba se soust\u0159edila do d\u011bl Kov\u00e1rna a Gustav, kter\u00e9 byly nehluboko pod povrchem propojeny.\",\"breadcrumb\":{\"@id\":\"https:\/\/svetkamene.eu\/index.php\/pl\/2020\/11\/21\/wydobycie-w-dolinie-obriho-dolu-czesc-1\/#breadcrumb\"},\"inLanguage\":\"cs\",\"potentialAction\":[{\"@type\":\"ReadAction\",\"target\":[\"https:\/\/svetkamene.eu\/index.php\/pl\/2020\/11\/21\/wydobycie-w-dolinie-obriho-dolu-czesc-1\/\"]}]},{\"@type\":\"BreadcrumbList\",\"@id\":\"https:\/\/svetkamene.eu\/index.php\/pl\/2020\/11\/21\/wydobycie-w-dolinie-obriho-dolu-czesc-1\/#breadcrumb\",\"itemListElement\":[{\"@type\":\"ListItem\",\"position\":1,\"name\":\"Dom\u016f\",\"item\":\"https:\/\/svetkamene.eu\/\"},{\"@type\":\"ListItem\",\"position\":2,\"name\":\"Wydobycie w dolinie Ob\u0159\u00edho dolu &#8211; cz\u0119\u015b\u0107 1\"}]},{\"@type\":\"Person\",\"@id\":\"https:\/\/svetkamene.eu\/#\/schema\/person\/63ecc926d3eacc6248c818270a6bbe23\",\"name\":\"Martina Hovorkov\u00e1\",\"image\":{\"@type\":\"ImageObject\",\"inLanguage\":\"cs\",\"@id\":\"https:\/\/svetkamene.eu\/#\/schema\/person\/image\/\",\"url\":\"https:\/\/secure.gravatar.com\/avatar\/ab907f59548aa3bd3e4b7d266ef68fd1?s=96&d=mm&r=g\",\"contentUrl\":\"https:\/\/secure.gravatar.com\/avatar\/ab907f59548aa3bd3e4b7d266ef68fd1?s=96&d=mm&r=g\",\"caption\":\"Martina Hovorkov\u00e1\"},\"url\":\"https:\/\/svetkamene.eu\/index.php\/author\/hovorkova\/\"}]}<\/script>\n<!-- \/ Yoast SEO plugin. -->","yoast_head_json":{"title":"Wydobycie w dolinie Ob\u0159\u00edho dolu - cz\u0119\u015b\u0107 1 - Sv\u011bt Kamene","description":"Hlavn\u00ed t\u011b\u017eba se soust\u0159edila do d\u011bl Kov\u00e1rna a Gustav, kter\u00e9 byly nehluboko pod povrchem propojeny.","robots":{"index":"index","follow":"follow","max-snippet":"max-snippet:-1","max-image-preview":"max-image-preview:large","max-video-preview":"max-video-preview:-1"},"canonical":"https:\/\/svetkamene.eu\/index.php\/pl\/2020\/11\/21\/wydobycie-w-dolinie-obriho-dolu-czesc-1\/","og_locale":"cs_CZ","og_type":"article","og_title":"Wydobycie w dolinie Ob\u0159\u00edho dolu - cz\u0119\u015b\u0107 1 - Sv\u011bt Kamene","og_description":"Hlavn\u00ed t\u011b\u017eba se soust\u0159edila do d\u011bl Kov\u00e1rna a Gustav, kter\u00e9 byly nehluboko pod povrchem propojeny.","og_url":"https:\/\/svetkamene.eu\/index.php\/pl\/2020\/11\/21\/wydobycie-w-dolinie-obriho-dolu-czesc-1\/","og_site_name":"Sv\u011bt Kamene","article_published_time":"2020-11-21T17:26:00+00:00","article_modified_time":"2021-10-12T06:28:31+00:00","og_image":[{"width":746,"height":495,"url":"https:\/\/svetkamene.eu\/wp-content\/uploads\/2021\/01\/9b61c9add26ae66de11f78f97af7a160_M.jpg","type":"image\/jpeg"}],"twitter_card":"summary_large_image","twitter_misc":{"Napsal(a)":"Martina Hovorkov\u00e1","Odhadovan\u00e1 doba \u010dten\u00ed":"4 minuty"},"schema":{"@context":"https:\/\/schema.org","@graph":[{"@type":"WebSite","@id":"https:\/\/svetkamene.eu\/#website","url":"https:\/\/svetkamene.eu\/","name":"Sv\u011bt Kamene","description":"Port\u00e1l informuj\u00edc\u00ed o v\u0161em co souvis\u00ed s kamenem","potentialAction":[{"@type":"SearchAction","target":{"@type":"EntryPoint","urlTemplate":"https:\/\/svetkamene.eu\/?s={search_term_string}"},"query-input":"required name=search_term_string"}],"inLanguage":"cs"},{"@type":"ImageObject","inLanguage":"cs","@id":"https:\/\/svetkamene.eu\/index.php\/pl\/2020\/11\/21\/wydobycie-w-dolinie-obriho-dolu-czesc-1\/#primaryimage","url":"https:\/\/svetkamene.eu\/wp-content\/uploads\/2021\/01\/9b61c9add26ae66de11f78f97af7a160_M.jpg","contentUrl":"https:\/\/svetkamene.eu\/wp-content\/uploads\/2021\/01\/9b61c9add26ae66de11f78f97af7a160_M.jpg","width":746,"height":495,"caption":"Pohled v lese na d\u0159ev\u011bnou chaloupku u kter\u00e9 je zaparkovan\u00fd reziv\u00fd voz\u00edk na uhl\u00ed na zhruba 150 centimetrov\u00e9m kusu kolej\u00ed. Nalevo od voz\u00edku jsou kameny a pa\u0159ezy, pohled je na zasn\u011b\u017eenou zimn\u00ed krajinu s cca 5 a\u017e 10 cm sn\u011bhu"},{"@type":"WebPage","@id":"https:\/\/svetkamene.eu\/index.php\/pl\/2020\/11\/21\/wydobycie-w-dolinie-obriho-dolu-czesc-1\/#webpage","url":"https:\/\/svetkamene.eu\/index.php\/pl\/2020\/11\/21\/wydobycie-w-dolinie-obriho-dolu-czesc-1\/","name":"Wydobycie w dolinie Ob\u0159\u00edho dolu - cz\u0119\u015b\u0107 1 - Sv\u011bt Kamene","isPartOf":{"@id":"https:\/\/svetkamene.eu\/#website"},"primaryImageOfPage":{"@id":"https:\/\/svetkamene.eu\/index.php\/pl\/2020\/11\/21\/wydobycie-w-dolinie-obriho-dolu-czesc-1\/#primaryimage"},"datePublished":"2020-11-21T17:26:00+00:00","dateModified":"2021-10-12T06:28:31+00:00","author":{"@id":"https:\/\/svetkamene.eu\/#\/schema\/person\/63ecc926d3eacc6248c818270a6bbe23"},"description":"Hlavn\u00ed t\u011b\u017eba se soust\u0159edila do d\u011bl Kov\u00e1rna a Gustav, kter\u00e9 byly nehluboko pod povrchem propojeny.","breadcrumb":{"@id":"https:\/\/svetkamene.eu\/index.php\/pl\/2020\/11\/21\/wydobycie-w-dolinie-obriho-dolu-czesc-1\/#breadcrumb"},"inLanguage":"cs","potentialAction":[{"@type":"ReadAction","target":["https:\/\/svetkamene.eu\/index.php\/pl\/2020\/11\/21\/wydobycie-w-dolinie-obriho-dolu-czesc-1\/"]}]},{"@type":"BreadcrumbList","@id":"https:\/\/svetkamene.eu\/index.php\/pl\/2020\/11\/21\/wydobycie-w-dolinie-obriho-dolu-czesc-1\/#breadcrumb","itemListElement":[{"@type":"ListItem","position":1,"name":"Dom\u016f","item":"https:\/\/svetkamene.eu\/"},{"@type":"ListItem","position":2,"name":"Wydobycie w dolinie Ob\u0159\u00edho dolu &#8211; cz\u0119\u015b\u0107 1"}]},{"@type":"Person","@id":"https:\/\/svetkamene.eu\/#\/schema\/person\/63ecc926d3eacc6248c818270a6bbe23","name":"Martina Hovorkov\u00e1","image":{"@type":"ImageObject","inLanguage":"cs","@id":"https:\/\/svetkamene.eu\/#\/schema\/person\/image\/","url":"https:\/\/secure.gravatar.com\/avatar\/ab907f59548aa3bd3e4b7d266ef68fd1?s=96&d=mm&r=g","contentUrl":"https:\/\/secure.gravatar.com\/avatar\/ab907f59548aa3bd3e4b7d266ef68fd1?s=96&d=mm&r=g","caption":"Martina Hovorkov\u00e1"},"url":"https:\/\/svetkamene.eu\/index.php\/author\/hovorkova\/"}]}},"_links":{"self":[{"href":"https:\/\/svetkamene.eu\/index.php\/wp-json\/wp\/v2\/posts\/5751"}],"collection":[{"href":"https:\/\/svetkamene.eu\/index.php\/wp-json\/wp\/v2\/posts"}],"about":[{"href":"https:\/\/svetkamene.eu\/index.php\/wp-json\/wp\/v2\/types\/post"}],"author":[{"embeddable":true,"href":"https:\/\/svetkamene.eu\/index.php\/wp-json\/wp\/v2\/users\/31"}],"replies":[{"embeddable":true,"href":"https:\/\/svetkamene.eu\/index.php\/wp-json\/wp\/v2\/comments?post=5751"}],"version-history":[{"count":1,"href":"https:\/\/svetkamene.eu\/index.php\/wp-json\/wp\/v2\/posts\/5751\/revisions"}],"predecessor-version":[{"id":5752,"href":"https:\/\/svetkamene.eu\/index.php\/wp-json\/wp\/v2\/posts\/5751\/revisions\/5752"}],"wp:featuredmedia":[{"embeddable":true,"href":"https:\/\/svetkamene.eu\/index.php\/wp-json\/wp\/v2\/media\/2994"}],"wp:attachment":[{"href":"https:\/\/svetkamene.eu\/index.php\/wp-json\/wp\/v2\/media?parent=5751"}],"wp:term":[{"taxonomy":"category","embeddable":true,"href":"https:\/\/svetkamene.eu\/index.php\/wp-json\/wp\/v2\/categories?post=5751"},{"taxonomy":"post_tag","embeddable":true,"href":"https:\/\/svetkamene.eu\/index.php\/wp-json\/wp\/v2\/tags?post=5751"}],"curies":[{"name":"wp","href":"https:\/\/api.w.org\/{rel}","templated":true}]}}