{"id":5379,"date":"2021-02-17T23:13:00","date_gmt":"2021-02-17T22:13:00","guid":{"rendered":"https:\/\/beta.svetkamene.eu\/?p=5379"},"modified":"2021-10-05T11:17:54","modified_gmt":"2021-10-05T09:17:54","slug":"hadrianswall-oder-der-grose-romische-wall-teil-1","status":"publish","type":"post","link":"https:\/\/svetkamene.eu\/index.php\/de\/2021\/02\/17\/hadrianswall-oder-der-grose-romische-wall-teil-1\/","title":{"rendered":"Hadrianswall oder der Gro\u00dfe R\u00f6mische Wall &#8211; Teil 1"},"content":{"rendered":"\n<p><strong>Wenn wir \u201edie Mauer&#8220; sagen, denken die meisten von uns sofort an die Gro\u00dfe Mauer in China. Jemandem wird sicher das Musikalbum einer ph\u00e4nomenalen Rockband in den Sinn kommen. Und wenn wir eine Weile bei diesem Thema bleiben, fallen uns sicher \u201edie Berliner Mauer&#8220; und zweifellos auch \u201eder Hadrianswall&#8220; ein.<\/strong><\/p>\n\n\n\n<div style=\"height:49px\" aria-hidden=\"true\" class=\"wp-block-spacer\"><\/div>\n\n\n\n<p>Diejenigen von uns, die nicht die Geschichte des Altertums studiert haben, und das sind viele, wissen&nbsp; \u00fcber Hadrian selbst und seinen Wall nur das, dass es ihn gibt und dass der Wall an der Grenze zwischen England und Schottland steht.<\/p>\n\n\n\n<p>In den folgenden Zeilen werde ich versuchen, ein wenig mehr \u00fcber den Hadrianswall zu schreiben und dar\u00fcber hinaus noch eine weitere \u201eMauer&#8220; (im Folgenden \u201eder Wall&#8220; genannt) zu erw\u00e4hnen, von der ich bis unl\u00e4ngst keine Ahnung hatte.<\/p>\n\n\n\n<div style=\"height:46px\" aria-hidden=\"true\" class=\"wp-block-spacer\"><\/div>\n\n\n\n<h4>Historische Fakten<\/h4>\n\n\n\n<p>Zu Beginn einige historische Fakten, Daten, Namen und technische Angaben. Hadrian (117 n. Chr. &#8211; 138 n. Chr.) \u00fcbernahm den Kaiserthron von Trajan, der ihn wenige Tage vor seinem Tod adoptierte und ihm die Macht \u00fcbergab. Jeder, der in der Schule in Geschichte aufgepasst hat, wird sich daran erinnern, dass das R\u00f6mische Reich seine gr\u00f6\u00dfte Ausdehnung unter der Herrschaft von Kaiser Trajan erreichte.<\/p>\n\n\n\n<figure class=\"wp-block-image size-large\"><img loading=\"lazy\" width=\"746\" height=\"427\" src=\"https:\/\/beta.svetkamene.eu\/wp-content\/uploads\/2021\/10\/01-1-3.png\" alt=\"\" class=\"wp-image-5380\" srcset=\"https:\/\/svetkamene.eu\/wp-content\/uploads\/2021\/10\/01-1-3.png 746w, https:\/\/svetkamene.eu\/wp-content\/uploads\/2021\/10\/01-1-3-300x172.png 300w\" sizes=\"(max-width: 746px) 100vw, 746px\" \/><\/figure>\n\n\n\n<p>Im Inneren war es politisch stabil, aber in den neu eroberten Gebieten gab es endlose Unruhen. Das galt sogar zwischen England und Schottland.<\/p>\n\n\n\n<p>Um die Insel friedlich zu besiedeln, war es notwendig, die Lage zu stabilisieren, die fast st\u00e4ndigen Angriffe aus Kaledonien (der r\u00f6mische Name f\u00fcr das Gebiet des heutigen Schottlands) zu beenden und die bis jetzt unklare Grenze zu Rom abzustecken. Im Jahr 122 n. Chr. besuchte Hadrian pers\u00f6nlich die Briten (der r\u00f6mische Name f\u00fcr die Insel) und gab die Anweisung, eine Verteidigungsmauer an der engsten Stelle des heutigen Englands zu errichten, von der M\u00fcndung des Flusses Tyne (wo heute die Stadt Newcastle liegt) bis zur Bucht Solway Firth (dem heutigen Ort Bowness on Solway).<\/p>\n\n\n\n<figure class=\"wp-block-image size-large\"><img loading=\"lazy\" width=\"746\" height=\"266\" src=\"https:\/\/beta.svetkamene.eu\/wp-content\/uploads\/2021\/10\/02-5.jpg\" alt=\"\" class=\"wp-image-5383\" srcset=\"https:\/\/svetkamene.eu\/wp-content\/uploads\/2021\/10\/02-5.jpg 746w, https:\/\/svetkamene.eu\/wp-content\/uploads\/2021\/10\/02-5-300x107.jpg 300w\" sizes=\"(max-width: 746px) 100vw, 746px\" \/><\/figure>\n\n\n\n<p>Obwohl dies der schmalste Ort Englands ist, betr\u00e4gt die Entfernung zwischen den beiden Punkten 117 Kilometer (79 r\u00f6mische Meilen). Hadrian muss sich seiner Entscheidung voll bewusst gewesen sein. Ein solches Gro\u00dfprojekt erfordert einen enormen menschlichen Einsatz, unvorstellbare Anforderungen an Transport und Bewegung vom Material, an die Versorgung und enorme finanzielle Aufwendungen.<\/p>\n\n\n\n<div style=\"height:49px\" aria-hidden=\"true\" class=\"wp-block-spacer\"><\/div>\n\n\n\n<h4>Baufortschritt<\/h4>\n\n\n\n<p>Ein Jahr sp\u00e4ter, im Jahr 123 n. Chr., begann der Bau der Verteidigungsmauer. Fast zw\u00f6lftausend M\u00e4nner waren daran beteiligt. Sie waren keine Sklaven, sondern spezielle r\u00f6mische Legionen, die sowohl f\u00fcr den Kampf als auch f\u00fcr den allgemeinen Bau ausgebildet waren.<\/p>\n\n\n\n<p>Urspr\u00fcnglich sollte die Verteidigungsmauer drei Meter breit und f\u00fcnf Meter hoch sein, aber in den ersten Tagen des Baus wurde die Ma\u00dfe auf zwei Meter Breite und vier Meter H\u00f6he reduziert. Auch das westliche Ende der Mauer war nur aus aufgesch\u00fctteter Erde mit einer Holzpalisade darauf gebaut. All dies geschah in der Absicht, die Fertigstellung so weit wie m\u00f6glich zu beschleunigen. Trotzdem mussten 765.000 Kubikmeter Stein abgebaut und transportiert werden. (Zur Erinnerung: Die Cheops-Pyramide enth\u00e4lt gesch\u00e4tzte 2,3 Millionen Quadratmeter Stein und brauchte zwanzig Jahre, um gebaut zu werden).<\/p>\n\n\n\n<p>In einigen Abschnitten wurde ein vier Meter tiefer trichterf\u00f6rmiger Graben vor der Mauer ausgehoben. Ihre ganze L\u00e4nge entlang f\u00fchrte der Weg hinter der Mauer, der f\u00fcr den Materialtransport und sp\u00e4ter f\u00fcr den Transport von Truppen und Versorgung genutzt wurde. Diese Stra\u00dfe wird auch heute noch benutzt. Der Kern der Mauer war bis zu zwei Metern mit Kalk verbunden, der Rest der H\u00f6he wurde trocken aufgebaut.<\/p>\n\n\n\n<p>Die Konstruktion ist interessant, weil die einzelnen Reihen der Steinbl\u00f6cke dem Gel\u00e4nde folgen, auch in den steilsten Abschnitten auf und ab. Es wurde \u00fcberhaupt nicht versucht, sie horizontal zu halten.<\/p>\n\n\n\n<div style=\"height:100px\" aria-hidden=\"true\" class=\"wp-block-spacer\"><\/div>\n\n\n\n<p>Quelle: <a href=\"https:\/\/www.lomyatezba.cz\/\" target=\"_blank\" rel=\"noreferrer noopener\">Lomy a&nbsp;t\u011b\u017eba<\/a><\/p>\n","protected":false},"excerpt":{"rendered":"<p>Wenn wir \u201edie Mauer&#8220; sagen, denken die meisten von uns sofort an die Gro\u00dfe Mauer&#8230;<\/p>\n","protected":false},"author":31,"featured_media":1344,"comment_status":"closed","ping_status":"closed","sticky":false,"template":"","format":"standard","meta":{"ngg_post_thumbnail":0},"categories":[378],"tags":[],"yoast_head":"<!-- This site is optimized with the Yoast SEO plugin v19.1 - https:\/\/yoast.com\/wordpress\/plugins\/seo\/ -->\n<title>Hadrianswall oder der Gro\u00dfe R\u00f6mische Wall - Teil 1 - Sv\u011bt Kamene<\/title>\n<meta name=\"robots\" content=\"index, follow, max-snippet:-1, max-image-preview:large, max-video-preview:-1\" \/>\n<link rel=\"canonical\" href=\"https:\/\/svetkamene.eu\/index.php\/de\/2021\/02\/17\/hadrianswall-oder-der-grose-romische-wall-teil-1\/\" \/>\n<meta property=\"og:locale\" content=\"cs_CZ\" \/>\n<meta property=\"og:type\" content=\"article\" \/>\n<meta property=\"og:title\" content=\"Hadrianswall oder der Gro\u00dfe R\u00f6mische Wall - Teil 1 - Sv\u011bt Kamene\" \/>\n<meta property=\"og:description\" content=\"Wenn wir \u201edie Mauer&#8220; sagen, denken die meisten von uns sofort an die Gro\u00dfe Mauer...\" \/>\n<meta property=\"og:url\" content=\"https:\/\/svetkamene.eu\/index.php\/de\/2021\/02\/17\/hadrianswall-oder-der-grose-romische-wall-teil-1\/\" \/>\n<meta property=\"og:site_name\" content=\"Sv\u011bt Kamene\" \/>\n<meta property=\"article:published_time\" content=\"2021-02-17T22:13:00+00:00\" \/>\n<meta property=\"article:modified_time\" content=\"2021-10-05T09:17:54+00:00\" \/>\n<meta property=\"og:image\" content=\"https:\/\/svetkamene.eu\/wp-content\/uploads\/2020\/04\/1-14-768x1024.png\" \/>\n\t<meta property=\"og:image:width\" content=\"768\" \/>\n\t<meta property=\"og:image:height\" content=\"1024\" \/>\n\t<meta property=\"og:image:type\" content=\"image\/png\" \/>\n<meta name=\"twitter:card\" content=\"summary_large_image\" \/>\n<meta name=\"twitter:label1\" content=\"Napsal(a)\" \/>\n\t<meta name=\"twitter:data1\" content=\"Martina Hovorkov\u00e1\" \/>\n\t<meta name=\"twitter:label2\" content=\"Odhadovan\u00e1 doba \u010dten\u00ed\" \/>\n\t<meta name=\"twitter:data2\" content=\"3 minuty\" \/>\n<script type=\"application\/ld+json\" class=\"yoast-schema-graph\">{\"@context\":\"https:\/\/schema.org\",\"@graph\":[{\"@type\":\"WebSite\",\"@id\":\"https:\/\/svetkamene.eu\/#website\",\"url\":\"https:\/\/svetkamene.eu\/\",\"name\":\"Sv\u011bt Kamene\",\"description\":\"Port\u00e1l informuj\u00edc\u00ed o v\u0161em co souvis\u00ed s kamenem\",\"potentialAction\":[{\"@type\":\"SearchAction\",\"target\":{\"@type\":\"EntryPoint\",\"urlTemplate\":\"https:\/\/svetkamene.eu\/?s={search_term_string}\"},\"query-input\":\"required name=search_term_string\"}],\"inLanguage\":\"cs\"},{\"@type\":\"ImageObject\",\"inLanguage\":\"cs\",\"@id\":\"https:\/\/svetkamene.eu\/index.php\/de\/2021\/02\/17\/hadrianswall-oder-der-grose-romische-wall-teil-1\/#primaryimage\",\"url\":\"https:\/\/svetkamene.eu\/wp-content\/uploads\/2020\/04\/1-14.png\",\"contentUrl\":\"https:\/\/svetkamene.eu\/wp-content\/uploads\/2020\/04\/1-14.png\",\"width\":815,\"height\":1086,\"caption\":\"Hrobka - ilustra\u010dn\u00ed text\"},{\"@type\":\"WebPage\",\"@id\":\"https:\/\/svetkamene.eu\/index.php\/de\/2021\/02\/17\/hadrianswall-oder-der-grose-romische-wall-teil-1\/#webpage\",\"url\":\"https:\/\/svetkamene.eu\/index.php\/de\/2021\/02\/17\/hadrianswall-oder-der-grose-romische-wall-teil-1\/\",\"name\":\"Hadrianswall oder der Gro\u00dfe R\u00f6mische Wall - Teil 1 - Sv\u011bt Kamene\",\"isPartOf\":{\"@id\":\"https:\/\/svetkamene.eu\/#website\"},\"primaryImageOfPage\":{\"@id\":\"https:\/\/svetkamene.eu\/index.php\/de\/2021\/02\/17\/hadrianswall-oder-der-grose-romische-wall-teil-1\/#primaryimage\"},\"datePublished\":\"2021-02-17T22:13:00+00:00\",\"dateModified\":\"2021-10-05T09:17:54+00:00\",\"author\":{\"@id\":\"https:\/\/svetkamene.eu\/#\/schema\/person\/63ecc926d3eacc6248c818270a6bbe23\"},\"breadcrumb\":{\"@id\":\"https:\/\/svetkamene.eu\/index.php\/de\/2021\/02\/17\/hadrianswall-oder-der-grose-romische-wall-teil-1\/#breadcrumb\"},\"inLanguage\":\"cs\",\"potentialAction\":[{\"@type\":\"ReadAction\",\"target\":[\"https:\/\/svetkamene.eu\/index.php\/de\/2021\/02\/17\/hadrianswall-oder-der-grose-romische-wall-teil-1\/\"]}]},{\"@type\":\"BreadcrumbList\",\"@id\":\"https:\/\/svetkamene.eu\/index.php\/de\/2021\/02\/17\/hadrianswall-oder-der-grose-romische-wall-teil-1\/#breadcrumb\",\"itemListElement\":[{\"@type\":\"ListItem\",\"position\":1,\"name\":\"Dom\u016f\",\"item\":\"https:\/\/svetkamene.eu\/\"},{\"@type\":\"ListItem\",\"position\":2,\"name\":\"Hadrianswall oder der Gro\u00dfe R\u00f6mische Wall &#8211; Teil 1\"}]},{\"@type\":\"Person\",\"@id\":\"https:\/\/svetkamene.eu\/#\/schema\/person\/63ecc926d3eacc6248c818270a6bbe23\",\"name\":\"Martina Hovorkov\u00e1\",\"image\":{\"@type\":\"ImageObject\",\"inLanguage\":\"cs\",\"@id\":\"https:\/\/svetkamene.eu\/#\/schema\/person\/image\/\",\"url\":\"https:\/\/secure.gravatar.com\/avatar\/ab907f59548aa3bd3e4b7d266ef68fd1?s=96&d=mm&r=g\",\"contentUrl\":\"https:\/\/secure.gravatar.com\/avatar\/ab907f59548aa3bd3e4b7d266ef68fd1?s=96&d=mm&r=g\",\"caption\":\"Martina Hovorkov\u00e1\"},\"url\":\"https:\/\/svetkamene.eu\/index.php\/author\/hovorkova\/\"}]}<\/script>\n<!-- \/ Yoast SEO plugin. -->","yoast_head_json":{"title":"Hadrianswall oder der Gro\u00dfe R\u00f6mische Wall - Teil 1 - Sv\u011bt Kamene","robots":{"index":"index","follow":"follow","max-snippet":"max-snippet:-1","max-image-preview":"max-image-preview:large","max-video-preview":"max-video-preview:-1"},"canonical":"https:\/\/svetkamene.eu\/index.php\/de\/2021\/02\/17\/hadrianswall-oder-der-grose-romische-wall-teil-1\/","og_locale":"cs_CZ","og_type":"article","og_title":"Hadrianswall oder der Gro\u00dfe R\u00f6mische Wall - Teil 1 - Sv\u011bt Kamene","og_description":"Wenn wir \u201edie Mauer&#8220; sagen, denken die meisten von uns sofort an die Gro\u00dfe Mauer...","og_url":"https:\/\/svetkamene.eu\/index.php\/de\/2021\/02\/17\/hadrianswall-oder-der-grose-romische-wall-teil-1\/","og_site_name":"Sv\u011bt Kamene","article_published_time":"2021-02-17T22:13:00+00:00","article_modified_time":"2021-10-05T09:17:54+00:00","og_image":[{"width":768,"height":1024,"url":"https:\/\/svetkamene.eu\/wp-content\/uploads\/2020\/04\/1-14-768x1024.png","type":"image\/png"}],"twitter_card":"summary_large_image","twitter_misc":{"Napsal(a)":"Martina Hovorkov\u00e1","Odhadovan\u00e1 doba \u010dten\u00ed":"3 minuty"},"schema":{"@context":"https:\/\/schema.org","@graph":[{"@type":"WebSite","@id":"https:\/\/svetkamene.eu\/#website","url":"https:\/\/svetkamene.eu\/","name":"Sv\u011bt Kamene","description":"Port\u00e1l informuj\u00edc\u00ed o v\u0161em co souvis\u00ed s kamenem","potentialAction":[{"@type":"SearchAction","target":{"@type":"EntryPoint","urlTemplate":"https:\/\/svetkamene.eu\/?s={search_term_string}"},"query-input":"required name=search_term_string"}],"inLanguage":"cs"},{"@type":"ImageObject","inLanguage":"cs","@id":"https:\/\/svetkamene.eu\/index.php\/de\/2021\/02\/17\/hadrianswall-oder-der-grose-romische-wall-teil-1\/#primaryimage","url":"https:\/\/svetkamene.eu\/wp-content\/uploads\/2020\/04\/1-14.png","contentUrl":"https:\/\/svetkamene.eu\/wp-content\/uploads\/2020\/04\/1-14.png","width":815,"height":1086,"caption":"Hrobka - ilustra\u010dn\u00ed text"},{"@type":"WebPage","@id":"https:\/\/svetkamene.eu\/index.php\/de\/2021\/02\/17\/hadrianswall-oder-der-grose-romische-wall-teil-1\/#webpage","url":"https:\/\/svetkamene.eu\/index.php\/de\/2021\/02\/17\/hadrianswall-oder-der-grose-romische-wall-teil-1\/","name":"Hadrianswall oder der Gro\u00dfe R\u00f6mische Wall - Teil 1 - Sv\u011bt Kamene","isPartOf":{"@id":"https:\/\/svetkamene.eu\/#website"},"primaryImageOfPage":{"@id":"https:\/\/svetkamene.eu\/index.php\/de\/2021\/02\/17\/hadrianswall-oder-der-grose-romische-wall-teil-1\/#primaryimage"},"datePublished":"2021-02-17T22:13:00+00:00","dateModified":"2021-10-05T09:17:54+00:00","author":{"@id":"https:\/\/svetkamene.eu\/#\/schema\/person\/63ecc926d3eacc6248c818270a6bbe23"},"breadcrumb":{"@id":"https:\/\/svetkamene.eu\/index.php\/de\/2021\/02\/17\/hadrianswall-oder-der-grose-romische-wall-teil-1\/#breadcrumb"},"inLanguage":"cs","potentialAction":[{"@type":"ReadAction","target":["https:\/\/svetkamene.eu\/index.php\/de\/2021\/02\/17\/hadrianswall-oder-der-grose-romische-wall-teil-1\/"]}]},{"@type":"BreadcrumbList","@id":"https:\/\/svetkamene.eu\/index.php\/de\/2021\/02\/17\/hadrianswall-oder-der-grose-romische-wall-teil-1\/#breadcrumb","itemListElement":[{"@type":"ListItem","position":1,"name":"Dom\u016f","item":"https:\/\/svetkamene.eu\/"},{"@type":"ListItem","position":2,"name":"Hadrianswall oder der Gro\u00dfe R\u00f6mische Wall &#8211; Teil 1"}]},{"@type":"Person","@id":"https:\/\/svetkamene.eu\/#\/schema\/person\/63ecc926d3eacc6248c818270a6bbe23","name":"Martina Hovorkov\u00e1","image":{"@type":"ImageObject","inLanguage":"cs","@id":"https:\/\/svetkamene.eu\/#\/schema\/person\/image\/","url":"https:\/\/secure.gravatar.com\/avatar\/ab907f59548aa3bd3e4b7d266ef68fd1?s=96&d=mm&r=g","contentUrl":"https:\/\/secure.gravatar.com\/avatar\/ab907f59548aa3bd3e4b7d266ef68fd1?s=96&d=mm&r=g","caption":"Martina Hovorkov\u00e1"},"url":"https:\/\/svetkamene.eu\/index.php\/author\/hovorkova\/"}]}},"_links":{"self":[{"href":"https:\/\/svetkamene.eu\/index.php\/wp-json\/wp\/v2\/posts\/5379"}],"collection":[{"href":"https:\/\/svetkamene.eu\/index.php\/wp-json\/wp\/v2\/posts"}],"about":[{"href":"https:\/\/svetkamene.eu\/index.php\/wp-json\/wp\/v2\/types\/post"}],"author":[{"embeddable":true,"href":"https:\/\/svetkamene.eu\/index.php\/wp-json\/wp\/v2\/users\/31"}],"replies":[{"embeddable":true,"href":"https:\/\/svetkamene.eu\/index.php\/wp-json\/wp\/v2\/comments?post=5379"}],"version-history":[{"count":2,"href":"https:\/\/svetkamene.eu\/index.php\/wp-json\/wp\/v2\/posts\/5379\/revisions"}],"predecessor-version":[{"id":5384,"href":"https:\/\/svetkamene.eu\/index.php\/wp-json\/wp\/v2\/posts\/5379\/revisions\/5384"}],"wp:featuredmedia":[{"embeddable":true,"href":"https:\/\/svetkamene.eu\/index.php\/wp-json\/wp\/v2\/media\/1344"}],"wp:attachment":[{"href":"https:\/\/svetkamene.eu\/index.php\/wp-json\/wp\/v2\/media?parent=5379"}],"wp:term":[{"taxonomy":"category","embeddable":true,"href":"https:\/\/svetkamene.eu\/index.php\/wp-json\/wp\/v2\/categories?post=5379"},{"taxonomy":"post_tag","embeddable":true,"href":"https:\/\/svetkamene.eu\/index.php\/wp-json\/wp\/v2\/tags?post=5379"}],"curies":[{"name":"wp","href":"https:\/\/api.w.org\/{rel}","templated":true}]}}