{"id":5212,"date":"2020-06-26T22:59:00","date_gmt":"2020-06-26T20:59:00","guid":{"rendered":"https:\/\/beta.svetkamene.eu\/?p=5212"},"modified":"2021-10-05T00:26:09","modified_gmt":"2021-10-04T22:26:09","slug":"jaki-kamien-nadaje-sie-do-gabionow","status":"publish","type":"post","link":"https:\/\/svetkamene.eu\/index.php\/pl\/2020\/06\/26\/jaki-kamien-nadaje-sie-do-gabionow\/","title":{"rendered":"Jaki kamie\u0144 nadaje si\u0119 do gabion\u00f3w?"},"content":{"rendered":"\n<p><strong>Gabiony, opr\u00f3cz kamieniem, mo\u017cna r\u00f3wnie\u017c wysypa\u0107 glin\u0105 (oczywi\u015bcie w po\u0142\u0105czeniu z&nbsp;geow\u0142\u00f3knin\u0105 po&nbsp;widocznych stronach, kt\u00f3re utrzymuj\u0105 glin\u0119 w \u015brodku). Mo\u017cliwe s\u0105 r\u00f3wnie\u017c kombinacje kamienia i&nbsp;drewna twardego. Jednak, kiedy m\u00f3wimy o&nbsp;gabionach i&nbsp;kamieniu, trzeba wiedzie\u0107, \u017ce ka\u017cdy kamie\u0144 naprawd\u0119 nie nadaje si\u0119 do gabion\u00f3w.<\/strong><\/p>\n\n\n\n<div style=\"height:36px\" aria-hidden=\"true\" class=\"wp-block-spacer\"><\/div>\n\n\n\n<p>Mo\u017cna stosowa\u0107 tylko te rodzaje kamienia, kt\u00f3re gwarantuj\u0105, \u017ce ich struktura nie ulegnie zmianie pod wp\u0142ywem warunk\u00f3w klimatycznych. W zwi\u0105zku z\u00a0tym, u\u017cywany jest kamie\u0144 z&nbsp;certyfikatem \u017cywotno\u015bci co najmniej 15 lat. U\u017cycie nieodpowiedniego kamienia mo\u017ce nawet doprowadzi\u0107 do zniszczenia gabion\u00f3w.<\/p>\n\n\n\n<div style=\"height:34px\" aria-hidden=\"true\" class=\"wp-block-spacer\"><\/div>\n\n\n\n<h4>Wed\u0142ug czego wybieramy odpowiedni kamie\u0144 do gabion\u00f3w<\/h4>\n\n\n\n<p>Tak samo, jak wa\u017cny jest dob\u00f3r odpowiedniego materia\u0142u do produkcji koszy gabionowych, tak samo wa\u017cny jest r\u00f3wnie\u017c wyb\u00f3r kamienia lub kruszywa &#8211; materia\u0142u wype\u0142niaj\u0105cego. Kamie\u0144 dobieramy ze wzgl\u0119du na jego wytrzyma\u0142o\u015b\u0107 (musi posiada\u0107 atest \u017cywotno\u015bci minimum 15 lat, nie mo\u017ce by\u0107 rozszczepialny, musi by\u0107 twardy i&nbsp;nienasi\u0105kliwy), kolor, kszta\u0142t i&nbsp;wymiary. Zawsze bierzemy pod uwag\u0119 wielko\u015b\u0107 kamienia (czyli frakcj\u0119) w por\u00f3wnaniu z&nbsp;otworami konkretnej wybranej stalowej sieci koszy gabionowych. Frakcja wybranego kamienia jest zatem zale\u017cna od rozmiaru oczek sieci koszy gabionowych i&nbsp;musi by\u0107 od 1,5 do 3 razy wi\u0119ksza od oka sieci. Nie mo\u017cna wybiera\u0107 mniejszego kamienia, poniewa\u017c kamie\u0144 wypad\u0142by z&nbsp;koszy i&nbsp;konstrukcja by si\u0119 zawali\u0142a. Ponadto spadaj\u0105ce ma\u0142e kamienie mog\u0142yby zagrozi\u0107 zdrowiu przechodni\u00f3w. Najcz\u0119\u015bciej u\u017cywany jest kamie\u0144 o&nbsp;frakcji 32 &#8211; 63 lub 63 &#8211; 125.<\/p>\n\n\n\n<div style=\"height:30px\" aria-hidden=\"true\" class=\"wp-block-spacer\"><\/div>\n\n\n\n<h4>Ch\u0142onno\u015b\u0107 i&nbsp;mrozoodporno\u015b\u0107<\/h4>\n\n\n\n<p>Wybrany kamie\u0144 musi by\u0107 odporny na wp\u0142ywy klimatyczne a&nbsp;jego sk\u0142ad musi gwarantowa\u0107, \u017ce nie dojdzie do zmiany jego struktury. Przede wszystkim musi by\u0107 mrozoodporny, a&nbsp;wi\u0119c te\u017c minimalnie ch\u0142onny. Mr\u00f3z rozerwa\u0142by kamie\u0144 pod wp\u0142ywem zamarzni\u0119cia por\u00f3w naci\u0105gni\u0119tych wod\u0105.<\/p>\n\n\n\n<p>Ch\u0142onno\u015b\u0107 kamienia to stosunek masy wody pobranej przez kamie\u0144, kt\u00f3ry zosta\u0142 zanurzony w wodzie pod ci\u015bnieniem atmosferycznym na 48 godzin lub do momentu ustalenia masy do masy wysuszonego kamienia (wyra\u017cony w procentach). Ch\u0142onno\u015b\u0107 jest bezpo\u015brednio zwi\u0105zana z&nbsp;mrozoodporno\u015bci\u0105, poniewa\u017c najlepiej odporny na mr\u00f3z jest materia\u0142 niech\u0142onny. W przypadku mrozoodporno\u015bci m\u00f3wimy o&nbsp;wsp\u00f3\u0142czynniku mrozoodporno\u015bci po&nbsp;25 cyklach i&nbsp;jego warto\u015b\u0107 powinna by\u0107 jak najmniejsza.<\/p>\n\n\n\n<div class=\"wp-block-image\"><figure class=\"aligncenter\"><img src=\"https:\/\/img.ceskestavby.cz\/cache\/600x750-1\/i.ceskyinternet.cz\/clanky\/odstavce\/22442-550807-1_22106-549054-1_20090-540136-1_bayreuth_20090603_1097586387.jpg\" alt=\"Gabiony\"\/><\/figure><\/div>\n\n\n\n<div style=\"height:29px\" aria-hidden=\"true\" class=\"wp-block-spacer\"><\/div>\n\n\n\n<div class=\"wp-block-image\"><figure class=\"aligncenter\"><img src=\"https:\/\/img.ceskestavby.cz\/cache\/600x750-1\/i.ceskyinternet.cz\/clanky\/odstavce\/22442-550807-2_22106-549054-2_20090-540136-2_wernigerode2.jpg\" alt=\"Gabiony\"\/><\/figure><\/div>\n\n\n\n<div style=\"height:100px\" aria-hidden=\"true\" class=\"wp-block-spacer\"><\/div>\n\n\n\n<p>\u0179r\u00f3d\u0142o:\u00a0<a href=\"http:\/\/www.ceskestavby.cz\/\" target=\"_blank\" rel=\"noreferrer noopener\">www.ceskestavby.cz<\/a><\/p>\n","protected":false},"excerpt":{"rendered":"<p>Gabiony, opr\u00f3cz kamieniem, mo\u017cna r\u00f3wnie\u017c wysypa\u0107 glin\u0105 (oczywi\u015bcie w po\u0142\u0105czeniu z&nbsp;geow\u0142\u00f3knin\u0105 po&nbsp;widocznych stronach, kt\u00f3re utrzymuj\u0105&#8230;<\/p>\n","protected":false},"author":13,"featured_media":2092,"comment_status":"closed","ping_status":"closed","sticky":false,"template":"","format":"standard","meta":{"ngg_post_thumbnail":0},"categories":[382],"tags":[],"yoast_head":"<!-- This site is optimized with the Yoast SEO plugin v19.1 - https:\/\/yoast.com\/wordpress\/plugins\/seo\/ -->\n<title>Jaki kamie\u0144 nadaje si\u0119 do gabion\u00f3w? - Sv\u011bt Kamene<\/title>\n<meta name=\"description\" content=\"Stejn\u011b jako je d\u016fle\u017eit\u00e9 vybrat vhodn\u00fd materi\u00e1l k v\u00fdrob\u011b gabionov\u00fdch ko\u0161\u016f a v\u00fdztu\u017e\u00ed, je d\u016fle\u017eit\u00fd i v\u00fdb\u011br kamene, respektive kameniva.\" \/>\n<meta name=\"robots\" content=\"index, follow, max-snippet:-1, max-image-preview:large, max-video-preview:-1\" \/>\n<link rel=\"canonical\" href=\"https:\/\/svetkamene.eu\/index.php\/pl\/2020\/06\/26\/jaki-kamien-nadaje-sie-do-gabionow\/\" \/>\n<meta property=\"og:locale\" content=\"cs_CZ\" \/>\n<meta property=\"og:type\" content=\"article\" \/>\n<meta property=\"og:title\" content=\"Jaki kamie\u0144 nadaje si\u0119 do gabion\u00f3w? - Sv\u011bt Kamene\" \/>\n<meta property=\"og:description\" content=\"Stejn\u011b jako je d\u016fle\u017eit\u00e9 vybrat vhodn\u00fd materi\u00e1l k v\u00fdrob\u011b gabionov\u00fdch ko\u0161\u016f a v\u00fdztu\u017e\u00ed, je d\u016fle\u017eit\u00fd i v\u00fdb\u011br kamene, respektive kameniva.\" \/>\n<meta property=\"og:url\" content=\"https:\/\/svetkamene.eu\/index.php\/pl\/2020\/06\/26\/jaki-kamien-nadaje-sie-do-gabionow\/\" \/>\n<meta property=\"og:site_name\" content=\"Sv\u011bt Kamene\" \/>\n<meta property=\"article:published_time\" content=\"2020-06-26T20:59:00+00:00\" \/>\n<meta property=\"article:modified_time\" content=\"2021-10-04T22:26:09+00:00\" \/>\n<meta property=\"og:image\" content=\"https:\/\/svetkamene.eu\/wp-content\/uploads\/2021\/01\/22442-550810-1_4e64cfe39864e.jpg\" \/>\n\t<meta property=\"og:image:width\" content=\"1024\" \/>\n\t<meta property=\"og:image:height\" content=\"768\" \/>\n\t<meta property=\"og:image:type\" content=\"image\/jpeg\" \/>\n<meta name=\"twitter:card\" content=\"summary_large_image\" \/>\n<meta name=\"twitter:label1\" content=\"Napsal(a)\" \/>\n\t<meta name=\"twitter:data1\" content=\"Kate\u0159ina Markvartov\u00e1\" \/>\n\t<meta name=\"twitter:label2\" content=\"Odhadovan\u00e1 doba \u010dten\u00ed\" \/>\n\t<meta name=\"twitter:data2\" content=\"2 minuty\" \/>\n<script type=\"application\/ld+json\" class=\"yoast-schema-graph\">{\"@context\":\"https:\/\/schema.org\",\"@graph\":[{\"@type\":\"WebSite\",\"@id\":\"https:\/\/svetkamene.eu\/#website\",\"url\":\"https:\/\/svetkamene.eu\/\",\"name\":\"Sv\u011bt Kamene\",\"description\":\"Port\u00e1l informuj\u00edc\u00ed o v\u0161em co souvis\u00ed s kamenem\",\"potentialAction\":[{\"@type\":\"SearchAction\",\"target\":{\"@type\":\"EntryPoint\",\"urlTemplate\":\"https:\/\/svetkamene.eu\/?s={search_term_string}\"},\"query-input\":\"required name=search_term_string\"}],\"inLanguage\":\"cs\"},{\"@type\":\"ImageObject\",\"inLanguage\":\"cs\",\"@id\":\"https:\/\/svetkamene.eu\/index.php\/pl\/2020\/06\/26\/jaki-kamien-nadaje-sie-do-gabionow\/#primaryimage\",\"url\":\"https:\/\/svetkamene.eu\/wp-content\/uploads\/2021\/01\/22442-550810-1_4e64cfe39864e.jpg\",\"contentUrl\":\"https:\/\/svetkamene.eu\/wp-content\/uploads\/2021\/01\/22442-550810-1_4e64cfe39864e.jpg\",\"width\":1024,\"height\":768,\"caption\":\"oblo\u017een\u00ed gar\u00e1\u017ee tvo\u0159en\u00e9 z gabion\u016f\"},{\"@type\":\"WebPage\",\"@id\":\"https:\/\/svetkamene.eu\/index.php\/pl\/2020\/06\/26\/jaki-kamien-nadaje-sie-do-gabionow\/#webpage\",\"url\":\"https:\/\/svetkamene.eu\/index.php\/pl\/2020\/06\/26\/jaki-kamien-nadaje-sie-do-gabionow\/\",\"name\":\"Jaki kamie\u0144 nadaje si\u0119 do gabion\u00f3w? - Sv\u011bt Kamene\",\"isPartOf\":{\"@id\":\"https:\/\/svetkamene.eu\/#website\"},\"primaryImageOfPage\":{\"@id\":\"https:\/\/svetkamene.eu\/index.php\/pl\/2020\/06\/26\/jaki-kamien-nadaje-sie-do-gabionow\/#primaryimage\"},\"datePublished\":\"2020-06-26T20:59:00+00:00\",\"dateModified\":\"2021-10-04T22:26:09+00:00\",\"author\":{\"@id\":\"https:\/\/svetkamene.eu\/#\/schema\/person\/9796ccd50eb4bef1ae8524fac2dfbc9a\"},\"description\":\"Stejn\u011b jako je d\u016fle\u017eit\u00e9 vybrat vhodn\u00fd materi\u00e1l k v\u00fdrob\u011b gabionov\u00fdch ko\u0161\u016f a v\u00fdztu\u017e\u00ed, je d\u016fle\u017eit\u00fd i v\u00fdb\u011br kamene, respektive kameniva.\",\"breadcrumb\":{\"@id\":\"https:\/\/svetkamene.eu\/index.php\/pl\/2020\/06\/26\/jaki-kamien-nadaje-sie-do-gabionow\/#breadcrumb\"},\"inLanguage\":\"cs\",\"potentialAction\":[{\"@type\":\"ReadAction\",\"target\":[\"https:\/\/svetkamene.eu\/index.php\/pl\/2020\/06\/26\/jaki-kamien-nadaje-sie-do-gabionow\/\"]}]},{\"@type\":\"BreadcrumbList\",\"@id\":\"https:\/\/svetkamene.eu\/index.php\/pl\/2020\/06\/26\/jaki-kamien-nadaje-sie-do-gabionow\/#breadcrumb\",\"itemListElement\":[{\"@type\":\"ListItem\",\"position\":1,\"name\":\"Dom\u016f\",\"item\":\"https:\/\/svetkamene.eu\/\"},{\"@type\":\"ListItem\",\"position\":2,\"name\":\"Jaki kamie\u0144 nadaje si\u0119 do gabion\u00f3w?\"}]},{\"@type\":\"Person\",\"@id\":\"https:\/\/svetkamene.eu\/#\/schema\/person\/9796ccd50eb4bef1ae8524fac2dfbc9a\",\"name\":\"Kate\u0159ina Markvartov\u00e1\",\"image\":{\"@type\":\"ImageObject\",\"inLanguage\":\"cs\",\"@id\":\"https:\/\/svetkamene.eu\/#\/schema\/person\/image\/\",\"url\":\"https:\/\/secure.gravatar.com\/avatar\/9c2d86222d8e1ce7b67da7f6ec0761a7?s=96&d=mm&r=g\",\"contentUrl\":\"https:\/\/secure.gravatar.com\/avatar\/9c2d86222d8e1ce7b67da7f6ec0761a7?s=96&d=mm&r=g\",\"caption\":\"Kate\u0159ina Markvartov\u00e1\"},\"url\":\"https:\/\/svetkamene.eu\/index.php\/author\/ka-markvartovagmail-com\/\"}]}<\/script>\n<!-- \/ Yoast SEO plugin. -->","yoast_head_json":{"title":"Jaki kamie\u0144 nadaje si\u0119 do gabion\u00f3w? - Sv\u011bt Kamene","description":"Stejn\u011b jako je d\u016fle\u017eit\u00e9 vybrat vhodn\u00fd materi\u00e1l k v\u00fdrob\u011b gabionov\u00fdch ko\u0161\u016f a v\u00fdztu\u017e\u00ed, je d\u016fle\u017eit\u00fd i v\u00fdb\u011br kamene, respektive kameniva.","robots":{"index":"index","follow":"follow","max-snippet":"max-snippet:-1","max-image-preview":"max-image-preview:large","max-video-preview":"max-video-preview:-1"},"canonical":"https:\/\/svetkamene.eu\/index.php\/pl\/2020\/06\/26\/jaki-kamien-nadaje-sie-do-gabionow\/","og_locale":"cs_CZ","og_type":"article","og_title":"Jaki kamie\u0144 nadaje si\u0119 do gabion\u00f3w? - Sv\u011bt Kamene","og_description":"Stejn\u011b jako je d\u016fle\u017eit\u00e9 vybrat vhodn\u00fd materi\u00e1l k v\u00fdrob\u011b gabionov\u00fdch ko\u0161\u016f a v\u00fdztu\u017e\u00ed, je d\u016fle\u017eit\u00fd i v\u00fdb\u011br kamene, respektive kameniva.","og_url":"https:\/\/svetkamene.eu\/index.php\/pl\/2020\/06\/26\/jaki-kamien-nadaje-sie-do-gabionow\/","og_site_name":"Sv\u011bt Kamene","article_published_time":"2020-06-26T20:59:00+00:00","article_modified_time":"2021-10-04T22:26:09+00:00","og_image":[{"width":1024,"height":768,"url":"https:\/\/svetkamene.eu\/wp-content\/uploads\/2021\/01\/22442-550810-1_4e64cfe39864e.jpg","type":"image\/jpeg"}],"twitter_card":"summary_large_image","twitter_misc":{"Napsal(a)":"Kate\u0159ina Markvartov\u00e1","Odhadovan\u00e1 doba \u010dten\u00ed":"2 minuty"},"schema":{"@context":"https:\/\/schema.org","@graph":[{"@type":"WebSite","@id":"https:\/\/svetkamene.eu\/#website","url":"https:\/\/svetkamene.eu\/","name":"Sv\u011bt Kamene","description":"Port\u00e1l informuj\u00edc\u00ed o v\u0161em co souvis\u00ed s kamenem","potentialAction":[{"@type":"SearchAction","target":{"@type":"EntryPoint","urlTemplate":"https:\/\/svetkamene.eu\/?s={search_term_string}"},"query-input":"required name=search_term_string"}],"inLanguage":"cs"},{"@type":"ImageObject","inLanguage":"cs","@id":"https:\/\/svetkamene.eu\/index.php\/pl\/2020\/06\/26\/jaki-kamien-nadaje-sie-do-gabionow\/#primaryimage","url":"https:\/\/svetkamene.eu\/wp-content\/uploads\/2021\/01\/22442-550810-1_4e64cfe39864e.jpg","contentUrl":"https:\/\/svetkamene.eu\/wp-content\/uploads\/2021\/01\/22442-550810-1_4e64cfe39864e.jpg","width":1024,"height":768,"caption":"oblo\u017een\u00ed gar\u00e1\u017ee tvo\u0159en\u00e9 z gabion\u016f"},{"@type":"WebPage","@id":"https:\/\/svetkamene.eu\/index.php\/pl\/2020\/06\/26\/jaki-kamien-nadaje-sie-do-gabionow\/#webpage","url":"https:\/\/svetkamene.eu\/index.php\/pl\/2020\/06\/26\/jaki-kamien-nadaje-sie-do-gabionow\/","name":"Jaki kamie\u0144 nadaje si\u0119 do gabion\u00f3w? - Sv\u011bt Kamene","isPartOf":{"@id":"https:\/\/svetkamene.eu\/#website"},"primaryImageOfPage":{"@id":"https:\/\/svetkamene.eu\/index.php\/pl\/2020\/06\/26\/jaki-kamien-nadaje-sie-do-gabionow\/#primaryimage"},"datePublished":"2020-06-26T20:59:00+00:00","dateModified":"2021-10-04T22:26:09+00:00","author":{"@id":"https:\/\/svetkamene.eu\/#\/schema\/person\/9796ccd50eb4bef1ae8524fac2dfbc9a"},"description":"Stejn\u011b jako je d\u016fle\u017eit\u00e9 vybrat vhodn\u00fd materi\u00e1l k v\u00fdrob\u011b gabionov\u00fdch ko\u0161\u016f a v\u00fdztu\u017e\u00ed, je d\u016fle\u017eit\u00fd i v\u00fdb\u011br kamene, respektive kameniva.","breadcrumb":{"@id":"https:\/\/svetkamene.eu\/index.php\/pl\/2020\/06\/26\/jaki-kamien-nadaje-sie-do-gabionow\/#breadcrumb"},"inLanguage":"cs","potentialAction":[{"@type":"ReadAction","target":["https:\/\/svetkamene.eu\/index.php\/pl\/2020\/06\/26\/jaki-kamien-nadaje-sie-do-gabionow\/"]}]},{"@type":"BreadcrumbList","@id":"https:\/\/svetkamene.eu\/index.php\/pl\/2020\/06\/26\/jaki-kamien-nadaje-sie-do-gabionow\/#breadcrumb","itemListElement":[{"@type":"ListItem","position":1,"name":"Dom\u016f","item":"https:\/\/svetkamene.eu\/"},{"@type":"ListItem","position":2,"name":"Jaki kamie\u0144 nadaje si\u0119 do gabion\u00f3w?"}]},{"@type":"Person","@id":"https:\/\/svetkamene.eu\/#\/schema\/person\/9796ccd50eb4bef1ae8524fac2dfbc9a","name":"Kate\u0159ina Markvartov\u00e1","image":{"@type":"ImageObject","inLanguage":"cs","@id":"https:\/\/svetkamene.eu\/#\/schema\/person\/image\/","url":"https:\/\/secure.gravatar.com\/avatar\/9c2d86222d8e1ce7b67da7f6ec0761a7?s=96&d=mm&r=g","contentUrl":"https:\/\/secure.gravatar.com\/avatar\/9c2d86222d8e1ce7b67da7f6ec0761a7?s=96&d=mm&r=g","caption":"Kate\u0159ina Markvartov\u00e1"},"url":"https:\/\/svetkamene.eu\/index.php\/author\/ka-markvartovagmail-com\/"}]}},"_links":{"self":[{"href":"https:\/\/svetkamene.eu\/index.php\/wp-json\/wp\/v2\/posts\/5212"}],"collection":[{"href":"https:\/\/svetkamene.eu\/index.php\/wp-json\/wp\/v2\/posts"}],"about":[{"href":"https:\/\/svetkamene.eu\/index.php\/wp-json\/wp\/v2\/types\/post"}],"author":[{"embeddable":true,"href":"https:\/\/svetkamene.eu\/index.php\/wp-json\/wp\/v2\/users\/13"}],"replies":[{"embeddable":true,"href":"https:\/\/svetkamene.eu\/index.php\/wp-json\/wp\/v2\/comments?post=5212"}],"version-history":[{"count":1,"href":"https:\/\/svetkamene.eu\/index.php\/wp-json\/wp\/v2\/posts\/5212\/revisions"}],"predecessor-version":[{"id":5213,"href":"https:\/\/svetkamene.eu\/index.php\/wp-json\/wp\/v2\/posts\/5212\/revisions\/5213"}],"wp:featuredmedia":[{"embeddable":true,"href":"https:\/\/svetkamene.eu\/index.php\/wp-json\/wp\/v2\/media\/2092"}],"wp:attachment":[{"href":"https:\/\/svetkamene.eu\/index.php\/wp-json\/wp\/v2\/media?parent=5212"}],"wp:term":[{"taxonomy":"category","embeddable":true,"href":"https:\/\/svetkamene.eu\/index.php\/wp-json\/wp\/v2\/categories?post=5212"},{"taxonomy":"post_tag","embeddable":true,"href":"https:\/\/svetkamene.eu\/index.php\/wp-json\/wp\/v2\/tags?post=5212"}],"curies":[{"name":"wp","href":"https:\/\/api.w.org\/{rel}","templated":true}]}}