{"id":4319,"date":"2020-06-22T23:11:00","date_gmt":"2020-06-22T21:11:00","guid":{"rendered":"https:\/\/beta.svetkamene.eu\/?p=4319"},"modified":"2021-10-03T11:18:01","modified_gmt":"2021-10-03T09:18:01","slug":"przywrocmy-staremu-kamieniu-mlodzienczy-wyglad","status":"publish","type":"post","link":"https:\/\/svetkamene.eu\/index.php\/pl\/2020\/06\/22\/przywrocmy-staremu-kamieniu-mlodzienczy-wyglad\/","title":{"rendered":"Przywr\u00f3\u0107my staremu kamieniu m\u0142odzie\u0144czy wygl\u0105d"},"content":{"rendered":"\n<p><strong>Nawet stary kamie\u0144 mo\u017ce wygl\u0105da\u0107 jak nowy i&nbsp;jest na to prosty spos\u00f3b. Z&nbsp;pewno\u015bci\u0105 bardziej sensowne jest zachowanie oryginalnego kamienia naturalnego i&nbsp;przywr\u00f3cenie mu utraconej \u015bwietno\u015bci ni\u017c zast\u0105pienie go nowym. Naturalne materia\u0142y z&nbsp;czasem si\u0119 zu\u017cywaj\u0105, ale nawet kamie\u0144 mo\u017cna odnawia\u0107 w dowolnej formie, podobnie jak na przyk\u0142ad szlifujemy i&nbsp;malujemy naturalne drewno.<\/strong><\/p>\n\n\n\n<div style=\"height:32px\" aria-hidden=\"true\" class=\"wp-block-spacer\"><\/div>\n\n\n\n<p>Niezale\u017cnie od rodzaju kamienia, z&nbsp;pewno\u015bci\u0105 zosta\u0142 on ukszta\u0142towany przez z\u0142o\u017cone naturalne procesy, kt\u00f3re nada\u0142y mu wygl\u0105d, w\u0142a\u015bciwo\u015bci i&nbsp;charakter. Kamie\u0144 ma r\u00f3wnie\u017c swoje miejsce w nowoczesnej architekturze budowlanej, nie tylko historycznej. Kamie\u0144 jest d\u0142ugowieczny i&nbsp;dlatego sta\u0142 si\u0119 idealnym materia\u0142em budowlanym, co odpowiada jego cenie. Ponadto jest trwa\u0142y, plastyczny, twardy i&nbsp;ma niepowtarzalny wygl\u0105d. Mo\u017cna powiedzie\u0107, \u017ce ka\u017cdy kamie\u0144 to kompletny orygina\u0142 o&nbsp;niepowtarzalnym kszta\u0142cie, fakturze i&nbsp;kolorze.<\/p>\n\n\n\n<figure class=\"wp-block-image size-large\"><img loading=\"lazy\" width=\"600\" height=\"451\" src=\"https:\/\/beta.svetkamene.eu\/wp-content\/uploads\/2021\/10\/26841-573929-1-renovace-sloupu-marianske-lazne.jpg\" alt=\"\" class=\"wp-image-4320\" srcset=\"https:\/\/svetkamene.eu\/wp-content\/uploads\/2021\/10\/26841-573929-1-renovace-sloupu-marianske-lazne.jpg 600w, https:\/\/svetkamene.eu\/wp-content\/uploads\/2021\/10\/26841-573929-1-renovace-sloupu-marianske-lazne-300x226.jpg 300w\" sizes=\"(max-width: 600px) 100vw, 600px\" \/><\/figure>\n\n\n\n<p>Kamie\u0144 naturalny stosujemy we wn\u0119trzach i&nbsp;na zewn\u0105trz budynk\u00f3w, a&nbsp;tak\u017ce w ogrodach i&nbsp;parkach, w przestrzeni publicznej. Bardzo \u0142adnie prezentuj\u0105 si\u0119 kamienne p\u0142ytki i&nbsp;kostka brukowa, kamienne coko\u0142y i&nbsp;schody. Jednak bez wzgl\u0119du na to, jak jest kamie\u0144 wykorzystywany, czas zawsze pozostawi na nim swoje \u015blady. Dlatego z&nbsp;czasem konieczne jest o\u017cywienie kamienia, ale nie jest to czynno\u015b\u0107, kt\u00f3r\u0105 normalnie mo\u017cna by wykona\u0107 samodzielnie. Na czym polega czyszczenie i&nbsp;renowacja kamienia?<\/p>\n\n\n\n<figure class=\"wp-block-image size-large\"><img loading=\"lazy\" width=\"600\" height=\"288\" src=\"https:\/\/beta.svetkamene.eu\/wp-content\/uploads\/2021\/10\/26841-574395-1-renovovane-a-povrchove-osetrene-kamenne-schodiste.jpg\" alt=\"\" class=\"wp-image-4321\" srcset=\"https:\/\/svetkamene.eu\/wp-content\/uploads\/2021\/10\/26841-574395-1-renovovane-a-povrchove-osetrene-kamenne-schodiste.jpg 600w, https:\/\/svetkamene.eu\/wp-content\/uploads\/2021\/10\/26841-574395-1-renovovane-a-povrchove-osetrene-kamenne-schodiste-300x144.jpg 300w\" sizes=\"(max-width: 600px) 100vw, 600px\" \/><\/figure>\n\n\n\n<div style=\"height:43px\" aria-hidden=\"true\" class=\"wp-block-spacer\"><\/div>\n\n\n\n<h4>Jak mo\u017cna wyczy\u015bci\u0107 kamie\u0144?<\/h4>\n\n\n\n<p>W przypadku kamienia naturalnego istnieje kilka mo\u017cliwo\u015bci jego czyszczenia i&nbsp;renowacji, a&nbsp;nawet restaurowania. Mo\u017cna zastosowa\u0107 metody mechaniczne, chemiczne lub kombinacj\u0119 tych metod. Na pocz\u0105tku konieczna jest ocena stanu kamienia i&nbsp;spos\u00f3b jego wykorzystania. Nast\u0119pnie proponowana jest metoda renowacji. Wa\u017cne jest r\u00f3wnie\u017c, czy odnawiany kamie\u0144 znajduje si\u0119 wewn\u0105trz czy na zewn\u0105trz, i&nbsp;to czy kamie\u0144 by\u0142 odnawiany w przesz\u0142o\u015bci a&nbsp;je\u015bli tak, to w jaki spos\u00f3b.<\/p>\n\n\n\n<figure class=\"wp-block-image size-large\"><img loading=\"lazy\" width=\"599\" height=\"450\" src=\"https:\/\/beta.svetkamene.eu\/wp-content\/uploads\/2021\/10\/26841-574396-1-renovovane-kamenne-schodiste.jpg\" alt=\"\" class=\"wp-image-4322\" srcset=\"https:\/\/svetkamene.eu\/wp-content\/uploads\/2021\/10\/26841-574396-1-renovovane-kamenne-schodiste.jpg 599w, https:\/\/svetkamene.eu\/wp-content\/uploads\/2021\/10\/26841-574396-1-renovovane-kamenne-schodiste-300x225.jpg 300w\" sizes=\"(max-width: 599px) 100vw, 599px\" \/><\/figure>\n\n\n\n<p>Opr\u00f3cz podzia\u0142u sposobu renowacji kamienia na mechaniczn\u0105 i&nbsp;chemiczn\u0105 m\u00f3wimy r\u00f3wnie\u017c o&nbsp;metodzie na sucho i&nbsp;na mokro. Metoda na sucho to mechaniczny spos\u00f3b czyszczenia kamienia. Szczotkowanie czy\u015bci powierzchni\u0119 kamienia z&nbsp;jednoczesn\u0105 utrat\u0105 warstwy kamienia o&nbsp;oko\u0142o milimetr. Im bardziej zwietrza\u0142a jest powierzchnia, tym dochodzi do wi\u0119kszego ubytku kamienia. Czyszczenie mechaniczne na sucho odbywa si\u0119 za pomoc\u0105 pistoletu pneumatycznego bez u\u017cycia \u015brodk\u00f3w \u015bciernych i&nbsp;chemikali\u00f3w. Szczeg\u00f3lnie nadaje si\u0119 do wn\u0119trz, poniewa\u017c odpadami s\u0105 tylko lu\u017ane zabrudzenia i&nbsp;pozosta\u0142o\u015bci kamieni. Metoda ta jest r\u00f3wnie\u017c nazywana tzw.szorstkowaniem (mechaniczne gwintowanie powierzchni kamienia). Rezultat tej metody jest ostatecznie taki sam, jak gdyby\u015bmy u\u017cywali metody strumieniowo-\u015bciernej.<\/p>\n\n\n\n<figure class=\"wp-block-image size-large\"><img loading=\"lazy\" width=\"800\" height=\"600\" src=\"https:\/\/beta.svetkamene.eu\/wp-content\/uploads\/2021\/10\/26841-574397-1-renovovany-balkon.jpg\" alt=\"\" class=\"wp-image-4323\" srcset=\"https:\/\/svetkamene.eu\/wp-content\/uploads\/2021\/10\/26841-574397-1-renovovany-balkon.jpg 800w, https:\/\/svetkamene.eu\/wp-content\/uploads\/2021\/10\/26841-574397-1-renovovany-balkon-300x225.jpg 300w, https:\/\/svetkamene.eu\/wp-content\/uploads\/2021\/10\/26841-574397-1-renovovany-balkon-768x576.jpg 768w\" sizes=\"(max-width: 800px) 100vw, 800px\" \/><\/figure>\n\n\n\n<p>Metoda na mokro to w rzeczywisto\u015bci piaskowanie powierzchni za pomoc\u0105 maszyny wysokoci\u015bnieniowej przy u\u017cyciu \u015bciernego piasku kwarcowego i&nbsp;wody. Metoda na mokro jest stosowana g\u0142\u00f3wnie na powierzchniach i&nbsp;kamiennych elementach znajduj\u0105cych si\u0119 na zewn\u0119trz. W tej metodzie zastosowane \u015bcierniwo i&nbsp;zanieczyszczona woda s\u0105 rozprowadzane do otoczenia, ale nie dochodzi do wydzielania kurzu, kt\u00f3ry jest niepo\u017c\u0105dany w \u015brodowisku. Nie stosuje si\u0119 jej w przestrzeniach wewn\u0119trznych, gdzie zanieczyszczona woda mog\u0142aby wsi\u0105ka\u0107 w mur, a&nbsp;materia\u0142 \u015bcierny by\u0142by rozprowadzony praktycznie wsz\u0119dzie.<\/p>\n\n\n\n<figure class=\"wp-block-image size-large\"><img loading=\"lazy\" width=\"800\" height=\"600\" src=\"https:\/\/beta.svetkamene.eu\/wp-content\/uploads\/2021\/10\/26841-574398-1-renovovany-kamenny-kriz.jpg\" alt=\"\" class=\"wp-image-4324\" srcset=\"https:\/\/svetkamene.eu\/wp-content\/uploads\/2021\/10\/26841-574398-1-renovovany-kamenny-kriz.jpg 800w, https:\/\/svetkamene.eu\/wp-content\/uploads\/2021\/10\/26841-574398-1-renovovany-kamenny-kriz-300x225.jpg 300w, https:\/\/svetkamene.eu\/wp-content\/uploads\/2021\/10\/26841-574398-1-renovovany-kamenny-kriz-768x576.jpg 768w\" sizes=\"(max-width: 800px) 100vw, 800px\" \/><\/figure>\n\n\n\n<p>Metoda na sucho nadaje si\u0119 tylko do czyszczenia nieuszkodzonych powierzchni, tj.&nbsp;takich, kt\u00f3rych g\u00f3rna warstwa powierzchni jest tylko zabrudzona (nieuszkodzona). Czyszczenie na sucho przebiega w dw\u00f3ch fazach, w pierwszej usuwane s\u0105 zanieczyszczenia powierzchni, w drugiej zneutralizujemy reszt\u0119 detergentu. \u015arodek czyszcz\u0105cy nale\u017cy usun\u0105\u0107, aby nie m\u00f3g\u0142 ju\u017c powodowa\u0107 zniszczenia powierzchni kamienia. Gdy tylko kamie\u0144 obrobiony chemicznie wyschnie, jest hydrofobizowany (zabieg zmniejszenia ch\u0142onno\u015bci powierzchni).<\/p>\n\n\n\n<figure class=\"wp-block-image size-large\"><img loading=\"lazy\" width=\"600\" height=\"451\" src=\"https:\/\/beta.svetkamene.eu\/wp-content\/uploads\/2021\/10\/26841-574399-1-renovovana-kamenna-zaruben.jpg\" alt=\"\" class=\"wp-image-4325\" srcset=\"https:\/\/svetkamene.eu\/wp-content\/uploads\/2021\/10\/26841-574399-1-renovovana-kamenna-zaruben.jpg 600w, https:\/\/svetkamene.eu\/wp-content\/uploads\/2021\/10\/26841-574399-1-renovovana-kamenna-zaruben-300x226.jpg 300w\" sizes=\"(max-width: 600px) 100vw, 600px\" \/><\/figure>\n\n\n\n<div style=\"height:100px\" aria-hidden=\"true\" class=\"wp-block-spacer\"><\/div>\n\n\n\n<p>\u0179r\u00f3d\u0142o: <a href=\"https:\/\/www.ceskestavby.cz\/\" target=\"_blank\" rel=\"noreferrer noopener\">www.ceskestavby.cz<\/a><\/p>\n","protected":false},"excerpt":{"rendered":"<p>Nawet stary kamie\u0144 mo\u017ce wygl\u0105da\u0107 jak nowy i&nbsp;jest na to prosty spos\u00f3b. Z&nbsp;pewno\u015bci\u0105 bardziej sensowne&#8230;<\/p>\n","protected":false},"author":13,"featured_media":1987,"comment_status":"closed","ping_status":"closed","sticky":false,"template":"","format":"standard","meta":{"ngg_post_thumbnail":0},"categories":[382],"tags":[],"yoast_head":"<!-- This site is optimized with the Yoast SEO plugin v19.1 - https:\/\/yoast.com\/wordpress\/plugins\/seo\/ -->\n<title>Przywr\u00f3\u0107my staremu kamieniu m\u0142odzie\u0144czy wygl\u0105d - Sv\u011bt Kamene<\/title>\n<meta name=\"robots\" content=\"index, follow, max-snippet:-1, max-image-preview:large, max-video-preview:-1\" \/>\n<link rel=\"canonical\" href=\"https:\/\/svetkamene.eu\/index.php\/pl\/2020\/06\/22\/przywrocmy-staremu-kamieniu-mlodzienczy-wyglad\/\" \/>\n<meta property=\"og:locale\" content=\"cs_CZ\" \/>\n<meta property=\"og:type\" content=\"article\" \/>\n<meta property=\"og:title\" content=\"Przywr\u00f3\u0107my staremu kamieniu m\u0142odzie\u0144czy wygl\u0105d - Sv\u011bt Kamene\" \/>\n<meta property=\"og:description\" content=\"Nawet stary kamie\u0144 mo\u017ce wygl\u0105da\u0107 jak nowy i&nbsp;jest na to prosty spos\u00f3b. Z&nbsp;pewno\u015bci\u0105 bardziej sensowne...\" \/>\n<meta property=\"og:url\" content=\"https:\/\/svetkamene.eu\/index.php\/pl\/2020\/06\/22\/przywrocmy-staremu-kamieniu-mlodzienczy-wyglad\/\" \/>\n<meta property=\"og:site_name\" content=\"Sv\u011bt Kamene\" \/>\n<meta property=\"article:published_time\" content=\"2020-06-22T21:11:00+00:00\" \/>\n<meta property=\"article:modified_time\" content=\"2021-10-03T09:18:01+00:00\" \/>\n<meta property=\"og:image\" content=\"https:\/\/svetkamene.eu\/wp-content\/uploads\/2021\/01\/155602490826.jpg\" \/>\n\t<meta property=\"og:image:width\" content=\"970\" \/>\n\t<meta property=\"og:image:height\" content=\"676\" \/>\n\t<meta property=\"og:image:type\" content=\"image\/jpeg\" \/>\n<meta name=\"twitter:card\" content=\"summary_large_image\" \/>\n<meta name=\"twitter:label1\" content=\"Napsal(a)\" \/>\n\t<meta name=\"twitter:data1\" content=\"Kate\u0159ina Markvartov\u00e1\" \/>\n\t<meta name=\"twitter:label2\" content=\"Odhadovan\u00e1 doba \u010dten\u00ed\" \/>\n\t<meta name=\"twitter:data2\" content=\"3 minuty\" \/>\n<script type=\"application\/ld+json\" class=\"yoast-schema-graph\">{\"@context\":\"https:\/\/schema.org\",\"@graph\":[{\"@type\":\"WebSite\",\"@id\":\"https:\/\/svetkamene.eu\/#website\",\"url\":\"https:\/\/svetkamene.eu\/\",\"name\":\"Sv\u011bt Kamene\",\"description\":\"Port\u00e1l informuj\u00edc\u00ed o v\u0161em co souvis\u00ed s kamenem\",\"potentialAction\":[{\"@type\":\"SearchAction\",\"target\":{\"@type\":\"EntryPoint\",\"urlTemplate\":\"https:\/\/svetkamene.eu\/?s={search_term_string}\"},\"query-input\":\"required name=search_term_string\"}],\"inLanguage\":\"cs\"},{\"@type\":\"ImageObject\",\"inLanguage\":\"cs\",\"@id\":\"https:\/\/svetkamene.eu\/index.php\/pl\/2020\/06\/22\/przywrocmy-staremu-kamieniu-mlodzienczy-wyglad\/#primaryimage\",\"url\":\"https:\/\/svetkamene.eu\/wp-content\/uploads\/2021\/01\/155602490826.jpg\",\"contentUrl\":\"https:\/\/svetkamene.eu\/wp-content\/uploads\/2021\/01\/155602490826.jpg\",\"width\":970,\"height\":676,\"caption\":\"fotografie historick\u00e9ho podloub\u00ed v historick\u00e9 \u010d\u00e1sti m\u011bsta kolem kter\u00e9ho jdou 2 d\u00e1my st\u0159edn\u00edho v\u011bku\"},{\"@type\":\"WebPage\",\"@id\":\"https:\/\/svetkamene.eu\/index.php\/pl\/2020\/06\/22\/przywrocmy-staremu-kamieniu-mlodzienczy-wyglad\/#webpage\",\"url\":\"https:\/\/svetkamene.eu\/index.php\/pl\/2020\/06\/22\/przywrocmy-staremu-kamieniu-mlodzienczy-wyglad\/\",\"name\":\"Przywr\u00f3\u0107my staremu kamieniu m\u0142odzie\u0144czy wygl\u0105d - Sv\u011bt Kamene\",\"isPartOf\":{\"@id\":\"https:\/\/svetkamene.eu\/#website\"},\"primaryImageOfPage\":{\"@id\":\"https:\/\/svetkamene.eu\/index.php\/pl\/2020\/06\/22\/przywrocmy-staremu-kamieniu-mlodzienczy-wyglad\/#primaryimage\"},\"datePublished\":\"2020-06-22T21:11:00+00:00\",\"dateModified\":\"2021-10-03T09:18:01+00:00\",\"author\":{\"@id\":\"https:\/\/svetkamene.eu\/#\/schema\/person\/9796ccd50eb4bef1ae8524fac2dfbc9a\"},\"breadcrumb\":{\"@id\":\"https:\/\/svetkamene.eu\/index.php\/pl\/2020\/06\/22\/przywrocmy-staremu-kamieniu-mlodzienczy-wyglad\/#breadcrumb\"},\"inLanguage\":\"cs\",\"potentialAction\":[{\"@type\":\"ReadAction\",\"target\":[\"https:\/\/svetkamene.eu\/index.php\/pl\/2020\/06\/22\/przywrocmy-staremu-kamieniu-mlodzienczy-wyglad\/\"]}]},{\"@type\":\"BreadcrumbList\",\"@id\":\"https:\/\/svetkamene.eu\/index.php\/pl\/2020\/06\/22\/przywrocmy-staremu-kamieniu-mlodzienczy-wyglad\/#breadcrumb\",\"itemListElement\":[{\"@type\":\"ListItem\",\"position\":1,\"name\":\"Dom\u016f\",\"item\":\"https:\/\/svetkamene.eu\/\"},{\"@type\":\"ListItem\",\"position\":2,\"name\":\"Przywr\u00f3\u0107my staremu kamieniu m\u0142odzie\u0144czy wygl\u0105d\"}]},{\"@type\":\"Person\",\"@id\":\"https:\/\/svetkamene.eu\/#\/schema\/person\/9796ccd50eb4bef1ae8524fac2dfbc9a\",\"name\":\"Kate\u0159ina Markvartov\u00e1\",\"image\":{\"@type\":\"ImageObject\",\"inLanguage\":\"cs\",\"@id\":\"https:\/\/svetkamene.eu\/#\/schema\/person\/image\/\",\"url\":\"https:\/\/secure.gravatar.com\/avatar\/9c2d86222d8e1ce7b67da7f6ec0761a7?s=96&d=mm&r=g\",\"contentUrl\":\"https:\/\/secure.gravatar.com\/avatar\/9c2d86222d8e1ce7b67da7f6ec0761a7?s=96&d=mm&r=g\",\"caption\":\"Kate\u0159ina Markvartov\u00e1\"},\"url\":\"https:\/\/svetkamene.eu\/index.php\/author\/ka-markvartovagmail-com\/\"}]}<\/script>\n<!-- \/ Yoast SEO plugin. -->","yoast_head_json":{"title":"Przywr\u00f3\u0107my staremu kamieniu m\u0142odzie\u0144czy wygl\u0105d - Sv\u011bt Kamene","robots":{"index":"index","follow":"follow","max-snippet":"max-snippet:-1","max-image-preview":"max-image-preview:large","max-video-preview":"max-video-preview:-1"},"canonical":"https:\/\/svetkamene.eu\/index.php\/pl\/2020\/06\/22\/przywrocmy-staremu-kamieniu-mlodzienczy-wyglad\/","og_locale":"cs_CZ","og_type":"article","og_title":"Przywr\u00f3\u0107my staremu kamieniu m\u0142odzie\u0144czy wygl\u0105d - Sv\u011bt Kamene","og_description":"Nawet stary kamie\u0144 mo\u017ce wygl\u0105da\u0107 jak nowy i&nbsp;jest na to prosty spos\u00f3b. Z&nbsp;pewno\u015bci\u0105 bardziej sensowne...","og_url":"https:\/\/svetkamene.eu\/index.php\/pl\/2020\/06\/22\/przywrocmy-staremu-kamieniu-mlodzienczy-wyglad\/","og_site_name":"Sv\u011bt Kamene","article_published_time":"2020-06-22T21:11:00+00:00","article_modified_time":"2021-10-03T09:18:01+00:00","og_image":[{"width":970,"height":676,"url":"https:\/\/svetkamene.eu\/wp-content\/uploads\/2021\/01\/155602490826.jpg","type":"image\/jpeg"}],"twitter_card":"summary_large_image","twitter_misc":{"Napsal(a)":"Kate\u0159ina Markvartov\u00e1","Odhadovan\u00e1 doba \u010dten\u00ed":"3 minuty"},"schema":{"@context":"https:\/\/schema.org","@graph":[{"@type":"WebSite","@id":"https:\/\/svetkamene.eu\/#website","url":"https:\/\/svetkamene.eu\/","name":"Sv\u011bt Kamene","description":"Port\u00e1l informuj\u00edc\u00ed o v\u0161em co souvis\u00ed s kamenem","potentialAction":[{"@type":"SearchAction","target":{"@type":"EntryPoint","urlTemplate":"https:\/\/svetkamene.eu\/?s={search_term_string}"},"query-input":"required name=search_term_string"}],"inLanguage":"cs"},{"@type":"ImageObject","inLanguage":"cs","@id":"https:\/\/svetkamene.eu\/index.php\/pl\/2020\/06\/22\/przywrocmy-staremu-kamieniu-mlodzienczy-wyglad\/#primaryimage","url":"https:\/\/svetkamene.eu\/wp-content\/uploads\/2021\/01\/155602490826.jpg","contentUrl":"https:\/\/svetkamene.eu\/wp-content\/uploads\/2021\/01\/155602490826.jpg","width":970,"height":676,"caption":"fotografie historick\u00e9ho podloub\u00ed v historick\u00e9 \u010d\u00e1sti m\u011bsta kolem kter\u00e9ho jdou 2 d\u00e1my st\u0159edn\u00edho v\u011bku"},{"@type":"WebPage","@id":"https:\/\/svetkamene.eu\/index.php\/pl\/2020\/06\/22\/przywrocmy-staremu-kamieniu-mlodzienczy-wyglad\/#webpage","url":"https:\/\/svetkamene.eu\/index.php\/pl\/2020\/06\/22\/przywrocmy-staremu-kamieniu-mlodzienczy-wyglad\/","name":"Przywr\u00f3\u0107my staremu kamieniu m\u0142odzie\u0144czy wygl\u0105d - Sv\u011bt Kamene","isPartOf":{"@id":"https:\/\/svetkamene.eu\/#website"},"primaryImageOfPage":{"@id":"https:\/\/svetkamene.eu\/index.php\/pl\/2020\/06\/22\/przywrocmy-staremu-kamieniu-mlodzienczy-wyglad\/#primaryimage"},"datePublished":"2020-06-22T21:11:00+00:00","dateModified":"2021-10-03T09:18:01+00:00","author":{"@id":"https:\/\/svetkamene.eu\/#\/schema\/person\/9796ccd50eb4bef1ae8524fac2dfbc9a"},"breadcrumb":{"@id":"https:\/\/svetkamene.eu\/index.php\/pl\/2020\/06\/22\/przywrocmy-staremu-kamieniu-mlodzienczy-wyglad\/#breadcrumb"},"inLanguage":"cs","potentialAction":[{"@type":"ReadAction","target":["https:\/\/svetkamene.eu\/index.php\/pl\/2020\/06\/22\/przywrocmy-staremu-kamieniu-mlodzienczy-wyglad\/"]}]},{"@type":"BreadcrumbList","@id":"https:\/\/svetkamene.eu\/index.php\/pl\/2020\/06\/22\/przywrocmy-staremu-kamieniu-mlodzienczy-wyglad\/#breadcrumb","itemListElement":[{"@type":"ListItem","position":1,"name":"Dom\u016f","item":"https:\/\/svetkamene.eu\/"},{"@type":"ListItem","position":2,"name":"Przywr\u00f3\u0107my staremu kamieniu m\u0142odzie\u0144czy wygl\u0105d"}]},{"@type":"Person","@id":"https:\/\/svetkamene.eu\/#\/schema\/person\/9796ccd50eb4bef1ae8524fac2dfbc9a","name":"Kate\u0159ina Markvartov\u00e1","image":{"@type":"ImageObject","inLanguage":"cs","@id":"https:\/\/svetkamene.eu\/#\/schema\/person\/image\/","url":"https:\/\/secure.gravatar.com\/avatar\/9c2d86222d8e1ce7b67da7f6ec0761a7?s=96&d=mm&r=g","contentUrl":"https:\/\/secure.gravatar.com\/avatar\/9c2d86222d8e1ce7b67da7f6ec0761a7?s=96&d=mm&r=g","caption":"Kate\u0159ina Markvartov\u00e1"},"url":"https:\/\/svetkamene.eu\/index.php\/author\/ka-markvartovagmail-com\/"}]}},"_links":{"self":[{"href":"https:\/\/svetkamene.eu\/index.php\/wp-json\/wp\/v2\/posts\/4319"}],"collection":[{"href":"https:\/\/svetkamene.eu\/index.php\/wp-json\/wp\/v2\/posts"}],"about":[{"href":"https:\/\/svetkamene.eu\/index.php\/wp-json\/wp\/v2\/types\/post"}],"author":[{"embeddable":true,"href":"https:\/\/svetkamene.eu\/index.php\/wp-json\/wp\/v2\/users\/13"}],"replies":[{"embeddable":true,"href":"https:\/\/svetkamene.eu\/index.php\/wp-json\/wp\/v2\/comments?post=4319"}],"version-history":[{"count":1,"href":"https:\/\/svetkamene.eu\/index.php\/wp-json\/wp\/v2\/posts\/4319\/revisions"}],"predecessor-version":[{"id":4326,"href":"https:\/\/svetkamene.eu\/index.php\/wp-json\/wp\/v2\/posts\/4319\/revisions\/4326"}],"wp:featuredmedia":[{"embeddable":true,"href":"https:\/\/svetkamene.eu\/index.php\/wp-json\/wp\/v2\/media\/1987"}],"wp:attachment":[{"href":"https:\/\/svetkamene.eu\/index.php\/wp-json\/wp\/v2\/media?parent=4319"}],"wp:term":[{"taxonomy":"category","embeddable":true,"href":"https:\/\/svetkamene.eu\/index.php\/wp-json\/wp\/v2\/categories?post=4319"},{"taxonomy":"post_tag","embeddable":true,"href":"https:\/\/svetkamene.eu\/index.php\/wp-json\/wp\/v2\/tags?post=4319"}],"curies":[{"name":"wp","href":"https:\/\/api.w.org\/{rel}","templated":true}]}}