{"id":4267,"date":"2020-11-10T00:07:00","date_gmt":"2020-11-09T23:07:00","guid":{"rendered":"https:\/\/beta.svetkamene.eu\/?p=4267"},"modified":"2021-10-02T21:37:14","modified_gmt":"2021-10-02T19:37:14","slug":"die-steinreihen-von-kounov","status":"publish","type":"post","link":"https:\/\/svetkamene.eu\/index.php\/de\/2020\/11\/10\/die-steinreihen-von-kounov\/","title":{"rendered":"Die Steinreihen von Kounov"},"content":{"rendered":"\n<p><strong>Die Steinreihen von Kounov ziehen Laien und Experten an. Es ist ein interessanter Ort auf dem Plateau in der N\u00e4he von Kounov (Rakovn\u00edk-Bezirk).<\/strong><\/p>\n\n\n\n<div style=\"height:22px\" aria-hidden=\"true\" class=\"wp-block-spacer\"><\/div>\n\n\n\n<p>Eine Menge von Steinen, die in regelm\u00e4\u00dfige Reihen angeordnet sind, fesselt jeden, der planm\u00e4\u00dfig oder zuf\u00e4llig w\u00e4hrend der \u00fcblichen Wanderung durch sch\u00f6ne Natur herkommt. Hier gibt es auch einige viel gr\u00f6\u00dfere Steine, die ihren eigenen Namen haben.<\/p>\n\n\n\n<p>Eine interessante Frage ist die Herkunft von Steinen, da es nirgendwo in der Umgebung eine \u00e4hnliche Steinsorte gibt. So ist es klar, dass sie hierher zu einem bestimmten Zweck aus einer gr\u00f6\u00dferen Entfernung gebracht wurden. Es gibt zwar Theorien, warum und zu welchem Zweck die Steine hier so verlegt wurden, aber eine Menge von Fragen bleiben trotzdem unbeantwortet. Wir k\u00f6nnen also unsere Phantasie und Vorstellungen loslassen und k\u00f6nnen auch selbst versuchen, einige Antworten mit unseren Erfahrungen und Kenntnissen ganz logisch zu erfinden.<\/p>\n\n\n\n<figure class=\"wp-block-image size-large\"><img loading=\"lazy\" width=\"746\" height=\"497\" src=\"https:\/\/beta.svetkamene.eu\/wp-content\/uploads\/2021\/10\/6111134b69b9dcb9c953bb227317f7fc_M-2.jpg\" alt=\"\" class=\"wp-image-4268\" srcset=\"https:\/\/svetkamene.eu\/wp-content\/uploads\/2021\/10\/6111134b69b9dcb9c953bb227317f7fc_M-2.jpg 746w, https:\/\/svetkamene.eu\/wp-content\/uploads\/2021\/10\/6111134b69b9dcb9c953bb227317f7fc_M-2-300x200.jpg 300w, https:\/\/svetkamene.eu\/wp-content\/uploads\/2021\/10\/6111134b69b9dcb9c953bb227317f7fc_M-2-675x450.jpg 675w\" sizes=\"(max-width: 746px) 100vw, 746px\" \/><\/figure>\n\n\n\n<div style=\"height:30px\" aria-hidden=\"true\" class=\"wp-block-spacer\"><\/div>\n\n\n\n<p>Kleine Pl\u00e4nerbr\u00fcche s\u00e4umen die gelbe Touristenwegstrecke von der Mut\u011bjovice-Bahnstation bis zu den Steinreihen aus Terti\u00e4rquarzit. Die Pl\u00e4nerplatte wurde einst hoch \u00fcbers urspr\u00fcngliche Meer gehoben. An diesem Ort haben urzeitliche Menschen viel sp\u00e4ter eine aus unserer heutigen Sicht sonderbare Struktur geschaffen, die auf den ersten Blick fesselt und deren Mission wir nur ahnen k\u00f6nnen.<\/p>\n\n\n\n<p>Nur ein Blick in den Wald mit Quarzsteinen, die viel \u00e4lter sind als der ganze Tafelberg, kann den neugierigen Wanderer nicht befriedigen. Die \u00fcberraschende Feststellung, dass Energie in zwei senkrechte Richtungen (Norden \u2013 S\u00fcden, Osten \u2013 Westen) ungef\u00e4hr am Ort unter der Mitte einiger Steine zusammenkommt, hat mich gezwungen, Zusammenh\u00e4nge unter diesen Steinen zu erforschen. Energie in zwei senkrechte Richtungen und so nah beieinander ist in der Natur einzigartig.&nbsp;<\/p>\n\n\n\n<figure class=\"wp-block-image size-large\"><img loading=\"lazy\" width=\"746\" height=\"272\" src=\"https:\/\/beta.svetkamene.eu\/wp-content\/uploads\/2021\/10\/01-2.jpg\" alt=\"\" class=\"wp-image-4269\" srcset=\"https:\/\/svetkamene.eu\/wp-content\/uploads\/2021\/10\/01-2.jpg 746w, https:\/\/svetkamene.eu\/wp-content\/uploads\/2021\/10\/01-2-300x109.jpg 300w\" sizes=\"(max-width: 746px) 100vw, 746px\" \/><\/figure>\n\n\n\n<div style=\"height:32px\" aria-hidden=\"true\" class=\"wp-block-spacer\"><\/div>\n\n\n\n<p>An die Forschung bin ich praktisch herangegangen. Viele Jahre arbeitete ich im Forschungszentrum der Projektorganisation. Dort lernte ich von meinen Geologenkollegen, nach unterirdischer Energie zu suchen. Ich suchte alle wichtigen Steine aus. Es gibt viele bedeutende Steine in Reihen. Das Beispiel f\u00fcr ihre Platzierung, die im Hauptkreis gezielt ist, ist in Abbildung 1. Gezielte Steine verglich ich mit einer Landkarte der arch\u00e4ologischen Erforschung des Orts (siehe Abbildung 2), wie sie von der Informationstafel am Weg bekannt ist. Im Vergleich dazu kann man zu einem Schluss kommen, dass Orte von verschwundenen Steinen nach senkrechten unterirdischen Energien gefunden werden k\u00f6nnen, was ich an der bekannten Lage des verschwundenen GIBBON II-Steins \u00fcberpr\u00fcfte.<\/p>\n\n\n\n<figure class=\"wp-block-image size-large\"><img loading=\"lazy\" width=\"650\" height=\"650\" src=\"https:\/\/beta.svetkamene.eu\/wp-content\/uploads\/2021\/10\/03-2.jpg\" alt=\"\" class=\"wp-image-4270\" srcset=\"https:\/\/svetkamene.eu\/wp-content\/uploads\/2021\/10\/03-2.jpg 650w, https:\/\/svetkamene.eu\/wp-content\/uploads\/2021\/10\/03-2-300x300.jpg 300w, https:\/\/svetkamene.eu\/wp-content\/uploads\/2021\/10\/03-2-150x150.jpg 150w\" sizes=\"(max-width: 650px) 100vw, 650px\" \/><\/figure>\n\n\n\n<div style=\"height:27px\" aria-hidden=\"true\" class=\"wp-block-spacer\"><\/div>\n\n\n\n<p>Der Vergleich zeigt, dass Pegas-, Gibbon I- und Gibbon II-Steine mit anderen Steinen wenigstens zwei Quadrate oder Trapezsteine mit Seiten von ca. 300&nbsp;m gebildet haben. Nach der energetischen Spur habe ich einen n\u00e4chsten Hauptstein in der Quadratecke gefunden. Ich habe ihn PEGARD genannt. Das ist ein Kompositum der W\u00f6rter PEGAS a&nbsp;GUARD.<\/p>\n\n\n\n<p>Weiter suchten wir nach anderen Stellen in den Ecken vom Viereck nach der energetischen Spur (Schutz an der Stelle verschwundener Steine), und ich markierte sie mit dem Namen G III und G IV (siehe Abb. 3). Die fehlenden Steine waren auf dem Platz des heutigen bes\u00e4ten Feldes.&nbsp;<\/p>\n\n\n\n<p>Oben genannte Feststellungen besprach ich mit dem bekannten Biotroniker und Heilpraktiker aus Ostb\u00f6hmen, Vladim\u00edr Bl\u00e1ha, der best\u00e4tigte, dass senkrechte Energien einen Schutzcharakter haben und sich nicht entfernen lassen. Nach seinen Worten werden \u00e4hnliche Energiekr\u00e4fte von geweihten Geistlichen f\u00fcr den Schutz z. B. der Kapellen und Altare angewendet. Biotroniker und Sensibiler aus M\u00e4hren, Old\u0159ich Hrad\u00edlek, stellte fest, dass sich unterirdische zwei Meter breite Feuerstellen unter den Steinen befinden.<\/p>\n\n\n\n<figure class=\"wp-block-image size-large\"><img loading=\"lazy\" width=\"746\" height=\"527\" src=\"https:\/\/beta.svetkamene.eu\/wp-content\/uploads\/2021\/10\/02-2.jpg\" alt=\"\" class=\"wp-image-4271\" srcset=\"https:\/\/svetkamene.eu\/wp-content\/uploads\/2021\/10\/02-2.jpg 746w, https:\/\/svetkamene.eu\/wp-content\/uploads\/2021\/10\/02-2-300x212.jpg 300w\" sizes=\"(max-width: 746px) 100vw, 746px\" \/><\/figure>\n\n\n\n<div style=\"height:27px\" aria-hidden=\"true\" class=\"wp-block-spacer\"><\/div>\n\n\n\n<p>Das zeigt, dass es um ein pr\u00e4historisches Bauwerk gr\u00f6\u00dferer Abmessungen und Bedeutung geht, als im arch\u00e4ologischen Plan des Naturlehrpfads markiert ist.<\/p>\n\n\n\n<div style=\"height:100px\" aria-hidden=\"true\" class=\"wp-block-spacer\"><\/div>\n\n\n\n<p>Quelle: <a href=\"https:\/\/www.lomyatezba.cz\/\">Lomy a&nbsp;t\u011b\u017eba<\/a><\/p>\n","protected":false},"excerpt":{"rendered":"<p>Die Steinreihen von Kounov ziehen Laien und Experten an. Es ist ein interessanter Ort auf&#8230;<\/p>\n","protected":false},"author":13,"featured_media":2943,"comment_status":"closed","ping_status":"closed","sticky":false,"template":"","format":"standard","meta":{"ngg_post_thumbnail":0},"categories":[378],"tags":[],"yoast_head":"<!-- This site is optimized with the Yoast SEO plugin v19.1 - https:\/\/yoast.com\/wordpress\/plugins\/seo\/ -->\n<title>Die Steinreihen von Kounov - Sv\u011bt Kamene<\/title>\n<meta name=\"description\" content=\"Existuj\u00ed teorie, pro\u010d a za jak\u00fdm \u00fa\u010delem tu kameny byly takto osazeny, ale st\u00e1le je i mnoho ot\u00e1zek nezodpov\u011bzen\u00fdch.\" \/>\n<meta name=\"robots\" content=\"index, follow, max-snippet:-1, max-image-preview:large, max-video-preview:-1\" \/>\n<link rel=\"canonical\" href=\"https:\/\/svetkamene.eu\/index.php\/de\/2020\/11\/10\/die-steinreihen-von-kounov\/\" \/>\n<meta property=\"og:locale\" content=\"cs_CZ\" \/>\n<meta property=\"og:type\" content=\"article\" \/>\n<meta property=\"og:title\" content=\"Die Steinreihen von Kounov - Sv\u011bt Kamene\" \/>\n<meta property=\"og:description\" content=\"Existuj\u00ed teorie, pro\u010d a za jak\u00fdm \u00fa\u010delem tu kameny byly takto osazeny, ale st\u00e1le je i mnoho ot\u00e1zek nezodpov\u011bzen\u00fdch.\" \/>\n<meta property=\"og:url\" content=\"https:\/\/svetkamene.eu\/index.php\/de\/2020\/11\/10\/die-steinreihen-von-kounov\/\" \/>\n<meta property=\"og:site_name\" content=\"Sv\u011bt Kamene\" \/>\n<meta property=\"article:published_time\" content=\"2020-11-09T23:07:00+00:00\" \/>\n<meta property=\"article:modified_time\" content=\"2021-10-02T19:37:14+00:00\" \/>\n<meta property=\"og:image\" content=\"https:\/\/svetkamene.eu\/wp-content\/uploads\/2021\/01\/01.jpg\" \/>\n\t<meta property=\"og:image:width\" content=\"746\" \/>\n\t<meta property=\"og:image:height\" content=\"272\" \/>\n\t<meta property=\"og:image:type\" content=\"image\/jpeg\" \/>\n<meta name=\"twitter:card\" content=\"summary_large_image\" \/>\n<meta name=\"twitter:label1\" content=\"Napsal(a)\" \/>\n\t<meta name=\"twitter:data1\" content=\"Kate\u0159ina Markvartov\u00e1\" \/>\n\t<meta name=\"twitter:label2\" content=\"Odhadovan\u00e1 doba \u010dten\u00ed\" \/>\n\t<meta name=\"twitter:data2\" content=\"3 minuty\" \/>\n<script type=\"application\/ld+json\" class=\"yoast-schema-graph\">{\"@context\":\"https:\/\/schema.org\",\"@graph\":[{\"@type\":\"WebSite\",\"@id\":\"https:\/\/svetkamene.eu\/#website\",\"url\":\"https:\/\/svetkamene.eu\/\",\"name\":\"Sv\u011bt Kamene\",\"description\":\"Port\u00e1l informuj\u00edc\u00ed o v\u0161em co souvis\u00ed s kamenem\",\"potentialAction\":[{\"@type\":\"SearchAction\",\"target\":{\"@type\":\"EntryPoint\",\"urlTemplate\":\"https:\/\/svetkamene.eu\/?s={search_term_string}\"},\"query-input\":\"required name=search_term_string\"}],\"inLanguage\":\"cs\"},{\"@type\":\"ImageObject\",\"inLanguage\":\"cs\",\"@id\":\"https:\/\/svetkamene.eu\/index.php\/de\/2020\/11\/10\/die-steinreihen-von-kounov\/#primaryimage\",\"url\":\"https:\/\/svetkamene.eu\/wp-content\/uploads\/2021\/01\/01.jpg\",\"contentUrl\":\"https:\/\/svetkamene.eu\/wp-content\/uploads\/2021\/01\/01.jpg\",\"width\":746,\"height\":272,\"caption\":\"pohled do krajiny bez kopc\u016f, na horizontu je \u0159ada strom\u016f\"},{\"@type\":\"WebPage\",\"@id\":\"https:\/\/svetkamene.eu\/index.php\/de\/2020\/11\/10\/die-steinreihen-von-kounov\/#webpage\",\"url\":\"https:\/\/svetkamene.eu\/index.php\/de\/2020\/11\/10\/die-steinreihen-von-kounov\/\",\"name\":\"Die Steinreihen von Kounov - Sv\u011bt Kamene\",\"isPartOf\":{\"@id\":\"https:\/\/svetkamene.eu\/#website\"},\"primaryImageOfPage\":{\"@id\":\"https:\/\/svetkamene.eu\/index.php\/de\/2020\/11\/10\/die-steinreihen-von-kounov\/#primaryimage\"},\"datePublished\":\"2020-11-09T23:07:00+00:00\",\"dateModified\":\"2021-10-02T19:37:14+00:00\",\"author\":{\"@id\":\"https:\/\/svetkamene.eu\/#\/schema\/person\/9796ccd50eb4bef1ae8524fac2dfbc9a\"},\"description\":\"Existuj\u00ed teorie, pro\u010d a za jak\u00fdm \u00fa\u010delem tu kameny byly takto osazeny, ale st\u00e1le je i mnoho ot\u00e1zek nezodpov\u011bzen\u00fdch.\",\"breadcrumb\":{\"@id\":\"https:\/\/svetkamene.eu\/index.php\/de\/2020\/11\/10\/die-steinreihen-von-kounov\/#breadcrumb\"},\"inLanguage\":\"cs\",\"potentialAction\":[{\"@type\":\"ReadAction\",\"target\":[\"https:\/\/svetkamene.eu\/index.php\/de\/2020\/11\/10\/die-steinreihen-von-kounov\/\"]}]},{\"@type\":\"BreadcrumbList\",\"@id\":\"https:\/\/svetkamene.eu\/index.php\/de\/2020\/11\/10\/die-steinreihen-von-kounov\/#breadcrumb\",\"itemListElement\":[{\"@type\":\"ListItem\",\"position\":1,\"name\":\"Dom\u016f\",\"item\":\"https:\/\/svetkamene.eu\/\"},{\"@type\":\"ListItem\",\"position\":2,\"name\":\"Die Steinreihen von Kounov\"}]},{\"@type\":\"Person\",\"@id\":\"https:\/\/svetkamene.eu\/#\/schema\/person\/9796ccd50eb4bef1ae8524fac2dfbc9a\",\"name\":\"Kate\u0159ina Markvartov\u00e1\",\"image\":{\"@type\":\"ImageObject\",\"inLanguage\":\"cs\",\"@id\":\"https:\/\/svetkamene.eu\/#\/schema\/person\/image\/\",\"url\":\"https:\/\/secure.gravatar.com\/avatar\/9c2d86222d8e1ce7b67da7f6ec0761a7?s=96&d=mm&r=g\",\"contentUrl\":\"https:\/\/secure.gravatar.com\/avatar\/9c2d86222d8e1ce7b67da7f6ec0761a7?s=96&d=mm&r=g\",\"caption\":\"Kate\u0159ina Markvartov\u00e1\"},\"url\":\"https:\/\/svetkamene.eu\/index.php\/author\/ka-markvartovagmail-com\/\"}]}<\/script>\n<!-- \/ Yoast SEO plugin. -->","yoast_head_json":{"title":"Die Steinreihen von Kounov - Sv\u011bt Kamene","description":"Existuj\u00ed teorie, pro\u010d a za jak\u00fdm \u00fa\u010delem tu kameny byly takto osazeny, ale st\u00e1le je i mnoho ot\u00e1zek nezodpov\u011bzen\u00fdch.","robots":{"index":"index","follow":"follow","max-snippet":"max-snippet:-1","max-image-preview":"max-image-preview:large","max-video-preview":"max-video-preview:-1"},"canonical":"https:\/\/svetkamene.eu\/index.php\/de\/2020\/11\/10\/die-steinreihen-von-kounov\/","og_locale":"cs_CZ","og_type":"article","og_title":"Die Steinreihen von Kounov - Sv\u011bt Kamene","og_description":"Existuj\u00ed teorie, pro\u010d a za jak\u00fdm \u00fa\u010delem tu kameny byly takto osazeny, ale st\u00e1le je i mnoho ot\u00e1zek nezodpov\u011bzen\u00fdch.","og_url":"https:\/\/svetkamene.eu\/index.php\/de\/2020\/11\/10\/die-steinreihen-von-kounov\/","og_site_name":"Sv\u011bt Kamene","article_published_time":"2020-11-09T23:07:00+00:00","article_modified_time":"2021-10-02T19:37:14+00:00","og_image":[{"width":746,"height":272,"url":"https:\/\/svetkamene.eu\/wp-content\/uploads\/2021\/01\/01.jpg","type":"image\/jpeg"}],"twitter_card":"summary_large_image","twitter_misc":{"Napsal(a)":"Kate\u0159ina Markvartov\u00e1","Odhadovan\u00e1 doba \u010dten\u00ed":"3 minuty"},"schema":{"@context":"https:\/\/schema.org","@graph":[{"@type":"WebSite","@id":"https:\/\/svetkamene.eu\/#website","url":"https:\/\/svetkamene.eu\/","name":"Sv\u011bt Kamene","description":"Port\u00e1l informuj\u00edc\u00ed o v\u0161em co souvis\u00ed s kamenem","potentialAction":[{"@type":"SearchAction","target":{"@type":"EntryPoint","urlTemplate":"https:\/\/svetkamene.eu\/?s={search_term_string}"},"query-input":"required name=search_term_string"}],"inLanguage":"cs"},{"@type":"ImageObject","inLanguage":"cs","@id":"https:\/\/svetkamene.eu\/index.php\/de\/2020\/11\/10\/die-steinreihen-von-kounov\/#primaryimage","url":"https:\/\/svetkamene.eu\/wp-content\/uploads\/2021\/01\/01.jpg","contentUrl":"https:\/\/svetkamene.eu\/wp-content\/uploads\/2021\/01\/01.jpg","width":746,"height":272,"caption":"pohled do krajiny bez kopc\u016f, na horizontu je \u0159ada strom\u016f"},{"@type":"WebPage","@id":"https:\/\/svetkamene.eu\/index.php\/de\/2020\/11\/10\/die-steinreihen-von-kounov\/#webpage","url":"https:\/\/svetkamene.eu\/index.php\/de\/2020\/11\/10\/die-steinreihen-von-kounov\/","name":"Die Steinreihen von Kounov - Sv\u011bt Kamene","isPartOf":{"@id":"https:\/\/svetkamene.eu\/#website"},"primaryImageOfPage":{"@id":"https:\/\/svetkamene.eu\/index.php\/de\/2020\/11\/10\/die-steinreihen-von-kounov\/#primaryimage"},"datePublished":"2020-11-09T23:07:00+00:00","dateModified":"2021-10-02T19:37:14+00:00","author":{"@id":"https:\/\/svetkamene.eu\/#\/schema\/person\/9796ccd50eb4bef1ae8524fac2dfbc9a"},"description":"Existuj\u00ed teorie, pro\u010d a za jak\u00fdm \u00fa\u010delem tu kameny byly takto osazeny, ale st\u00e1le je i mnoho ot\u00e1zek nezodpov\u011bzen\u00fdch.","breadcrumb":{"@id":"https:\/\/svetkamene.eu\/index.php\/de\/2020\/11\/10\/die-steinreihen-von-kounov\/#breadcrumb"},"inLanguage":"cs","potentialAction":[{"@type":"ReadAction","target":["https:\/\/svetkamene.eu\/index.php\/de\/2020\/11\/10\/die-steinreihen-von-kounov\/"]}]},{"@type":"BreadcrumbList","@id":"https:\/\/svetkamene.eu\/index.php\/de\/2020\/11\/10\/die-steinreihen-von-kounov\/#breadcrumb","itemListElement":[{"@type":"ListItem","position":1,"name":"Dom\u016f","item":"https:\/\/svetkamene.eu\/"},{"@type":"ListItem","position":2,"name":"Die Steinreihen von Kounov"}]},{"@type":"Person","@id":"https:\/\/svetkamene.eu\/#\/schema\/person\/9796ccd50eb4bef1ae8524fac2dfbc9a","name":"Kate\u0159ina Markvartov\u00e1","image":{"@type":"ImageObject","inLanguage":"cs","@id":"https:\/\/svetkamene.eu\/#\/schema\/person\/image\/","url":"https:\/\/secure.gravatar.com\/avatar\/9c2d86222d8e1ce7b67da7f6ec0761a7?s=96&d=mm&r=g","contentUrl":"https:\/\/secure.gravatar.com\/avatar\/9c2d86222d8e1ce7b67da7f6ec0761a7?s=96&d=mm&r=g","caption":"Kate\u0159ina Markvartov\u00e1"},"url":"https:\/\/svetkamene.eu\/index.php\/author\/ka-markvartovagmail-com\/"}]}},"_links":{"self":[{"href":"https:\/\/svetkamene.eu\/index.php\/wp-json\/wp\/v2\/posts\/4267"}],"collection":[{"href":"https:\/\/svetkamene.eu\/index.php\/wp-json\/wp\/v2\/posts"}],"about":[{"href":"https:\/\/svetkamene.eu\/index.php\/wp-json\/wp\/v2\/types\/post"}],"author":[{"embeddable":true,"href":"https:\/\/svetkamene.eu\/index.php\/wp-json\/wp\/v2\/users\/13"}],"replies":[{"embeddable":true,"href":"https:\/\/svetkamene.eu\/index.php\/wp-json\/wp\/v2\/comments?post=4267"}],"version-history":[{"count":1,"href":"https:\/\/svetkamene.eu\/index.php\/wp-json\/wp\/v2\/posts\/4267\/revisions"}],"predecessor-version":[{"id":4273,"href":"https:\/\/svetkamene.eu\/index.php\/wp-json\/wp\/v2\/posts\/4267\/revisions\/4273"}],"wp:featuredmedia":[{"embeddable":true,"href":"https:\/\/svetkamene.eu\/index.php\/wp-json\/wp\/v2\/media\/2943"}],"wp:attachment":[{"href":"https:\/\/svetkamene.eu\/index.php\/wp-json\/wp\/v2\/media?parent=4267"}],"wp:term":[{"taxonomy":"category","embeddable":true,"href":"https:\/\/svetkamene.eu\/index.php\/wp-json\/wp\/v2\/categories?post=4267"},{"taxonomy":"post_tag","embeddable":true,"href":"https:\/\/svetkamene.eu\/index.php\/wp-json\/wp\/v2\/tags?post=4267"}],"curies":[{"name":"wp","href":"https:\/\/api.w.org\/{rel}","templated":true}]}}