{"id":3679,"date":"2020-10-14T07:00:55","date_gmt":"2020-10-14T05:00:55","guid":{"rendered":"https:\/\/beta.svetkamene.eu\/?p=3679"},"modified":"2021-04-07T18:06:23","modified_gmt":"2021-04-07T16:06:23","slug":"jak-wykorzystac-kamien-naturalny-w-ogrodzie-w-domu-i-we-wnetrzu","status":"publish","type":"post","link":"https:\/\/svetkamene.eu\/index.php\/pl\/2020\/10\/14\/jak-wykorzystac-kamien-naturalny-w-ogrodzie-w-domu-i-we-wnetrzu\/","title":{"rendered":"Jak wykorzysta\u0107 kamie\u0144 naturalny w ogrodzie, w domu i&nbsp;we wn\u0119trzu"},"content":{"rendered":"\n<p><strong>Kdyby nie by\u0142o kamienia naturalnego nie mogliby\u015bmy dzisiaj podziwia\u0107 wi\u0119kszo\u015bci historycznych klejnot\u00f3w architektury. Ale wcze\u015bniej ludzie si\u0119 tym zbytnio nie przejmowali. Na przyk\u0142ad rozebrali rozpadaj\u0105cy si\u0119 zamek a&nbsp;kamie\u0144 wykorzystali na budow\u0119 w\u0142asnych dom\u00f3w, po&nbsp;czym z&nbsp;zamku pozosta\u0142o tylko wzg\u00f3rze, cz\u0119sto rozebrano nawet fundamenty. Fakt ten jednocze\u015bnie uszcz\u0119\u015bliwi\u0142 jak i&nbsp;zasmuci\u0142 wielu obecnych i&nbsp;by\u0142ych historyk\u00f3w. Z&nbsp;jednej strony maj\u0105 o&nbsp;czym duma\u0107, m\u0119dkowa\u0107 i&nbsp;spekulowa\u0107, a&nbsp;z\u00a0drugiej strony \u017ca\u0142uj\u0105, \u017ce zamek ju\u017c nie stoi tam, gdzie sta\u0142, ale sta\u0142 si\u0119 ch\u0142opsk\u0105 stodo\u0142\u0105, murem parafialnym albo cha\u0142up\u0105. Kamie\u0144 naturalny nigdy tak naprawd\u0119 nie wyszed\u0142 z&nbsp;mody, a&nbsp;obecnie jest oferowany w licznych formach jako p\u0142ytki do wn\u0119trz oraz do zastosowa\u0144 zewn\u0119trznych, jako kostka brukowa lub na przyk\u0142ad jako elementy do zastosowania w ogrodzie. Nie ma potrzeby rozbi\u00f3rki zamku s\u0105siada, kamienia jest pod dostatkiem i&nbsp;wyst\u0119puje w wielu wariantach.<\/strong><\/p>\n\n\n\n<div style=\"height:25px\" aria-hidden=\"true\" class=\"wp-block-spacer\"><\/div>\n\n\n\n<p>Kostka brukowa i&nbsp;p\u0142ytki z&nbsp;kamienia naturalnego znajd\u0105 swoje zastosowanie we wn\u0119trzach oraz przestrzeniach zewn\u0105trznych. Mimo, \u017ce obecnie nasta\u0142a tendencja zast\u0119powania kamienia znacznie ta\u0144sz\u0105, i&nbsp;dodatkowo do\u015b\u0107 podobn\u0105 do orygina\u0142u imitacj\u0105 z&nbsp;betonu, prawdziwy kamie\u0144 pozna ka\u017cdy na pierwszy rzut oka a&nbsp;jego trwa\u0142o\u015b\u0107 jest znacznie wi\u0119ksza, tak jak ka\u017cdy element z&nbsp;kamienia jest w swej postaci oryginalny, natomiast betonowy substytut (tzw. sztuczny kamie\u0144) powtarza si\u0119 w swych wzorach oraz teksturze. Elementy te s\u0105 wykonywane wg. szablonu, podczas gdy kamie\u0144 naturalny jest wydobywany i&nbsp;przetwarzany na r\u00f3\u017cne sposoby. To prawda, \u017ce \u200b\u200bwydobycie si\u0119 dzisiaj odbywa przy pomocy nowoczesnych technologii, w kt\u00f3rych praca fizyczna jest ograniczona do minimum, ale najwa\u017cniejsze jest to, \u017ce rezultaty tej pracy s\u0105 podobne jak wcze\u015bniej, nawet tysi\u0105ce lat temu na ca\u0142ym \u015bwiecie.<\/p>\n\n\n\n<figure class=\"wp-container-2 wp-block-gallery-1 wp-block-gallery columns-2 is-cropped\"><ul class=\"blocks-gallery-grid\"><li class=\"blocks-gallery-item\"><figure><img loading=\"lazy\" width=\"444\" height=\"625\" src=\"https:\/\/beta.svetkamene.eu\/wp-content\/uploads\/2020\/10\/28149-582652-1-25903-568203-2-clipboard38-1.jpg\" alt=\"\" data-id=\"3680\" data-full-url=\"https:\/\/beta.svetkamene.eu\/wp-content\/uploads\/2020\/10\/28149-582652-1-25903-568203-2-clipboard38-1.jpg\" data-link=\"https:\/\/beta.svetkamene.eu\/?attachment_id=3680\" class=\"wp-image-3680\" srcset=\"https:\/\/svetkamene.eu\/wp-content\/uploads\/2020\/10\/28149-582652-1-25903-568203-2-clipboard38-1.jpg 444w, https:\/\/svetkamene.eu\/wp-content\/uploads\/2020\/10\/28149-582652-1-25903-568203-2-clipboard38-1-213x300.jpg 213w\" sizes=\"(max-width: 444px) 100vw, 444px\" \/><\/figure><\/li><li class=\"blocks-gallery-item\"><figure><img loading=\"lazy\" width=\"466\" height=\"624\" src=\"https:\/\/beta.svetkamene.eu\/wp-content\/uploads\/2020\/10\/28149-582650-1-25903-568204-3-mramor-04-1.jpg\" alt=\"\" data-id=\"3681\" data-full-url=\"https:\/\/beta.svetkamene.eu\/wp-content\/uploads\/2020\/10\/28149-582650-1-25903-568204-3-mramor-04-1.jpg\" data-link=\"https:\/\/beta.svetkamene.eu\/?attachment_id=3681\" class=\"wp-image-3681\" srcset=\"https:\/\/svetkamene.eu\/wp-content\/uploads\/2020\/10\/28149-582650-1-25903-568204-3-mramor-04-1.jpg 466w, https:\/\/svetkamene.eu\/wp-content\/uploads\/2020\/10\/28149-582650-1-25903-568204-3-mramor-04-1-224x300.jpg 224w\" sizes=\"(max-width: 466px) 100vw, 466px\" \/><\/figure><\/li><\/ul><\/figure>\n\n\n\n<div style=\"height:23px\" aria-hidden=\"true\" class=\"wp-block-spacer\"><\/div>\n\n\n\n<p><strong>Szerokie mo\u017cliwo\u015bci zastosowa\u0144, zawsze oryginalny wygl\u0105d<\/strong><\/p>\n\n\n\n<p>Kamie\u0144 naturalny oferuje nam szeroki wachlarz zastosowa\u0144. Jego g\u0142\u00f3wn\u0105 zalet\u0105 jest wysoka warto\u015b\u0107 u\u017cytkowa. Ten szlachetny materia\u0142 o&nbsp;niezast\u0105pionych w\u0142a\u015bciwo\u015bciach technicznych jest trudny do podrobienia. \u017baden kawa\u0142ek kamienia na tej planecie nie jest dok\u0142adnie taki sam. To samo dotyczy p\u0142ytek z&nbsp;kamienia naturalnego i&nbsp;innych kamiennych produkt\u00f3w. Kszta\u0142ty, kolorystyka i&nbsp;wzory kamienia naturalnego s\u0105 niepowtarzalne. Szczeg\u00f3lnie ska\u0142y osadowe (piaskowiec, wapie\u0144) pozwalaj\u0105 na obserwacj\u0119 szeregu proces\u00f3w geologicznych, kt\u00f3re w przesz\u0142o\u015bci ukszta\u0142towa\u0142y wygl\u0105d konkretnego kamienia.<\/p>\n\n\n\n<p>Kamie\u0144 naturalny oferuje nam oryginalne, nietypowe rozwi\u0105zania. Do wyboru jest wiele rodzaj\u00f3w kamienia naturalnego. Opr\u00f3cz wspomnianego wapienia osadowego i&nbsp;piaskowca oferowane s\u0105 r\u00f3wnie\u017c marmur, \u0142upek, trawertyn, granit i&nbsp;inne materia\u0142y. Kamie\u0144 naturalny to materia\u0142 wysokiej jako\u015bci, o&nbsp;d\u0142ugiej \u017cywotno\u015bci oraz niewielkich wymaganiach konserwacyjnych i&nbsp;mo\u017cliwo\u015bci doskona\u0142ego \u0142\u0105czenia go z&nbsp;innymi materia\u0142ami, takimi jak drewno, metal, szk\u0142o, ceramika i&nbsp;inne. Ma wielostronne zastosowania i&nbsp;jest stosunkowo \u0142atwo dost\u0119pny.<\/p>\n\n\n\n<p>Kamie\u0144 naturalny mo\u017ce by\u0107 obrabiany na r\u00f3\u017cne kszta\u0142ty, rozmiary, grubo\u015bci i&nbsp;mo\u017ce by\u0107 wykonany w r\u00f3\u017cnych kolorach. Oferowane s\u0105 powierzchnie naturalne, antyczne i&nbsp;polerowane, nieregularne i&nbsp;regularne formaty, r\u00f3\u017cne rozmiary, z&nbsp;przyci\u0119tymi lub frezowanymi kraw\u0119dziami. Jeszcze wi\u0119ksza ni\u017c oferta rodzaj\u00f3w nawierzchni jest oferta p\u0142ytek.<\/p>\n\n\n\n<div style=\"height:100px\" aria-hidden=\"true\" class=\"wp-block-spacer\"><\/div>\n\n\n\n<p>\u0179r\u00f3d\u0142o: <a href=\"https:\/\/www.ceskestavby.cz\/\" target=\"_blank\" rel=\"noreferrer noopener\">www.ceskestavby.cz<\/a> <\/p>\n","protected":false},"excerpt":{"rendered":"<p>Kdyby nie by\u0142o kamienia naturalnego nie mogliby\u015bmy dzisiaj podziwia\u0107 wi\u0119kszo\u015bci historycznych klejnot\u00f3w architektury. Ale wcze\u015bniej&#8230;<\/p>\n","protected":false},"author":13,"featured_media":2351,"comment_status":"closed","ping_status":"closed","sticky":false,"template":"","format":"standard","meta":{"ngg_post_thumbnail":0},"categories":[382],"tags":[],"yoast_head":"<!-- This site is optimized with the Yoast SEO plugin v19.1 - https:\/\/yoast.com\/wordpress\/plugins\/seo\/ -->\n<title>Jak wykorzysta\u0107 kamie\u0144 naturalny w ogrodzie, w domu i we wn\u0119trzu - Sv\u011bt Kamene<\/title>\n<meta name=\"description\" content=\"P\u0159\u00edrodn\u00ed k\u00e1men p\u0159itom vlastn\u011b nikdy nevy\u0161el z m\u00f3dy, dnes je nab\u00edzen v podob\u00e1ch obklad\u016f, dla\u017eby, prvk\u016f pro zahrady, venkovn\u00edho obkladu\" \/>\n<meta name=\"robots\" content=\"index, follow, max-snippet:-1, max-image-preview:large, max-video-preview:-1\" \/>\n<link rel=\"canonical\" href=\"https:\/\/svetkamene.eu\/index.php\/pl\/2020\/10\/14\/jak-wykorzystac-kamien-naturalny-w-ogrodzie-w-domu-i-we-wnetrzu\/\" \/>\n<meta property=\"og:locale\" content=\"cs_CZ\" \/>\n<meta property=\"og:type\" content=\"article\" \/>\n<meta property=\"og:title\" content=\"Jak wykorzysta\u0107 kamie\u0144 naturalny w ogrodzie, w domu i we wn\u0119trzu - Sv\u011bt Kamene\" \/>\n<meta property=\"og:description\" content=\"P\u0159\u00edrodn\u00ed k\u00e1men p\u0159itom vlastn\u011b nikdy nevy\u0161el z m\u00f3dy, dnes je nab\u00edzen v podob\u00e1ch obklad\u016f, dla\u017eby, prvk\u016f pro zahrady, venkovn\u00edho obkladu\" \/>\n<meta property=\"og:url\" content=\"https:\/\/svetkamene.eu\/index.php\/pl\/2020\/10\/14\/jak-wykorzystac-kamien-naturalny-w-ogrodzie-w-domu-i-we-wnetrzu\/\" \/>\n<meta property=\"og:site_name\" content=\"Sv\u011bt Kamene\" \/>\n<meta property=\"article:published_time\" content=\"2020-10-14T05:00:55+00:00\" \/>\n<meta property=\"article:modified_time\" content=\"2021-04-07T16:06:23+00:00\" \/>\n<meta property=\"og:image\" content=\"https:\/\/svetkamene.eu\/wp-content\/uploads\/2021\/01\/28149-582412-1-5b150cba8350b.jpg\" \/>\n\t<meta property=\"og:image:width\" content=\"1055\" \/>\n\t<meta property=\"og:image:height\" content=\"710\" \/>\n\t<meta property=\"og:image:type\" content=\"image\/jpeg\" \/>\n<meta name=\"twitter:card\" content=\"summary_large_image\" \/>\n<meta name=\"twitter:label1\" content=\"Napsal(a)\" \/>\n\t<meta name=\"twitter:data1\" content=\"Kate\u0159ina Markvartov\u00e1\" \/>\n\t<meta name=\"twitter:label2\" content=\"Odhadovan\u00e1 doba \u010dten\u00ed\" \/>\n\t<meta name=\"twitter:data2\" content=\"3 minuty\" \/>\n<script type=\"application\/ld+json\" class=\"yoast-schema-graph\">{\"@context\":\"https:\/\/schema.org\",\"@graph\":[{\"@type\":\"WebSite\",\"@id\":\"https:\/\/svetkamene.eu\/#website\",\"url\":\"https:\/\/svetkamene.eu\/\",\"name\":\"Sv\u011bt Kamene\",\"description\":\"Port\u00e1l informuj\u00edc\u00ed o v\u0161em co souvis\u00ed s kamenem\",\"potentialAction\":[{\"@type\":\"SearchAction\",\"target\":{\"@type\":\"EntryPoint\",\"urlTemplate\":\"https:\/\/svetkamene.eu\/?s={search_term_string}\"},\"query-input\":\"required name=search_term_string\"}],\"inLanguage\":\"cs\"},{\"@type\":\"ImageObject\",\"inLanguage\":\"cs\",\"@id\":\"https:\/\/svetkamene.eu\/index.php\/pl\/2020\/10\/14\/jak-wykorzystac-kamien-naturalny-w-ogrodzie-w-domu-i-we-wnetrzu\/#primaryimage\",\"url\":\"https:\/\/svetkamene.eu\/wp-content\/uploads\/2021\/01\/28149-582412-1-5b150cba8350b.jpg\",\"contentUrl\":\"https:\/\/svetkamene.eu\/wp-content\/uploads\/2021\/01\/28149-582412-1-5b150cba8350b.jpg\",\"width\":1055,\"height\":710},{\"@type\":\"WebPage\",\"@id\":\"https:\/\/svetkamene.eu\/index.php\/pl\/2020\/10\/14\/jak-wykorzystac-kamien-naturalny-w-ogrodzie-w-domu-i-we-wnetrzu\/#webpage\",\"url\":\"https:\/\/svetkamene.eu\/index.php\/pl\/2020\/10\/14\/jak-wykorzystac-kamien-naturalny-w-ogrodzie-w-domu-i-we-wnetrzu\/\",\"name\":\"Jak wykorzysta\u0107 kamie\u0144 naturalny w ogrodzie, w domu i we wn\u0119trzu - Sv\u011bt Kamene\",\"isPartOf\":{\"@id\":\"https:\/\/svetkamene.eu\/#website\"},\"primaryImageOfPage\":{\"@id\":\"https:\/\/svetkamene.eu\/index.php\/pl\/2020\/10\/14\/jak-wykorzystac-kamien-naturalny-w-ogrodzie-w-domu-i-we-wnetrzu\/#primaryimage\"},\"datePublished\":\"2020-10-14T05:00:55+00:00\",\"dateModified\":\"2021-04-07T16:06:23+00:00\",\"author\":{\"@id\":\"https:\/\/svetkamene.eu\/#\/schema\/person\/9796ccd50eb4bef1ae8524fac2dfbc9a\"},\"description\":\"P\u0159\u00edrodn\u00ed k\u00e1men p\u0159itom vlastn\u011b nikdy nevy\u0161el z m\u00f3dy, dnes je nab\u00edzen v podob\u00e1ch obklad\u016f, dla\u017eby, prvk\u016f pro zahrady, venkovn\u00edho obkladu\",\"breadcrumb\":{\"@id\":\"https:\/\/svetkamene.eu\/index.php\/pl\/2020\/10\/14\/jak-wykorzystac-kamien-naturalny-w-ogrodzie-w-domu-i-we-wnetrzu\/#breadcrumb\"},\"inLanguage\":\"cs\",\"potentialAction\":[{\"@type\":\"ReadAction\",\"target\":[\"https:\/\/svetkamene.eu\/index.php\/pl\/2020\/10\/14\/jak-wykorzystac-kamien-naturalny-w-ogrodzie-w-domu-i-we-wnetrzu\/\"]}]},{\"@type\":\"BreadcrumbList\",\"@id\":\"https:\/\/svetkamene.eu\/index.php\/pl\/2020\/10\/14\/jak-wykorzystac-kamien-naturalny-w-ogrodzie-w-domu-i-we-wnetrzu\/#breadcrumb\",\"itemListElement\":[{\"@type\":\"ListItem\",\"position\":1,\"name\":\"Dom\u016f\",\"item\":\"https:\/\/svetkamene.eu\/\"},{\"@type\":\"ListItem\",\"position\":2,\"name\":\"Jak wykorzysta\u0107 kamie\u0144 naturalny w ogrodzie, w domu i&nbsp;we wn\u0119trzu\"}]},{\"@type\":\"Person\",\"@id\":\"https:\/\/svetkamene.eu\/#\/schema\/person\/9796ccd50eb4bef1ae8524fac2dfbc9a\",\"name\":\"Kate\u0159ina Markvartov\u00e1\",\"image\":{\"@type\":\"ImageObject\",\"inLanguage\":\"cs\",\"@id\":\"https:\/\/svetkamene.eu\/#\/schema\/person\/image\/\",\"url\":\"https:\/\/secure.gravatar.com\/avatar\/9c2d86222d8e1ce7b67da7f6ec0761a7?s=96&d=mm&r=g\",\"contentUrl\":\"https:\/\/secure.gravatar.com\/avatar\/9c2d86222d8e1ce7b67da7f6ec0761a7?s=96&d=mm&r=g\",\"caption\":\"Kate\u0159ina Markvartov\u00e1\"},\"url\":\"https:\/\/svetkamene.eu\/index.php\/author\/ka-markvartovagmail-com\/\"}]}<\/script>\n<!-- \/ Yoast SEO plugin. -->","yoast_head_json":{"title":"Jak wykorzysta\u0107 kamie\u0144 naturalny w ogrodzie, w domu i we wn\u0119trzu - Sv\u011bt Kamene","description":"P\u0159\u00edrodn\u00ed k\u00e1men p\u0159itom vlastn\u011b nikdy nevy\u0161el z m\u00f3dy, dnes je nab\u00edzen v podob\u00e1ch obklad\u016f, dla\u017eby, prvk\u016f pro zahrady, venkovn\u00edho obkladu","robots":{"index":"index","follow":"follow","max-snippet":"max-snippet:-1","max-image-preview":"max-image-preview:large","max-video-preview":"max-video-preview:-1"},"canonical":"https:\/\/svetkamene.eu\/index.php\/pl\/2020\/10\/14\/jak-wykorzystac-kamien-naturalny-w-ogrodzie-w-domu-i-we-wnetrzu\/","og_locale":"cs_CZ","og_type":"article","og_title":"Jak wykorzysta\u0107 kamie\u0144 naturalny w ogrodzie, w domu i we wn\u0119trzu - Sv\u011bt Kamene","og_description":"P\u0159\u00edrodn\u00ed k\u00e1men p\u0159itom vlastn\u011b nikdy nevy\u0161el z m\u00f3dy, dnes je nab\u00edzen v podob\u00e1ch obklad\u016f, dla\u017eby, prvk\u016f pro zahrady, venkovn\u00edho obkladu","og_url":"https:\/\/svetkamene.eu\/index.php\/pl\/2020\/10\/14\/jak-wykorzystac-kamien-naturalny-w-ogrodzie-w-domu-i-we-wnetrzu\/","og_site_name":"Sv\u011bt Kamene","article_published_time":"2020-10-14T05:00:55+00:00","article_modified_time":"2021-04-07T16:06:23+00:00","og_image":[{"width":1055,"height":710,"url":"https:\/\/svetkamene.eu\/wp-content\/uploads\/2021\/01\/28149-582412-1-5b150cba8350b.jpg","type":"image\/jpeg"}],"twitter_card":"summary_large_image","twitter_misc":{"Napsal(a)":"Kate\u0159ina Markvartov\u00e1","Odhadovan\u00e1 doba \u010dten\u00ed":"3 minuty"},"schema":{"@context":"https:\/\/schema.org","@graph":[{"@type":"WebSite","@id":"https:\/\/svetkamene.eu\/#website","url":"https:\/\/svetkamene.eu\/","name":"Sv\u011bt Kamene","description":"Port\u00e1l informuj\u00edc\u00ed o v\u0161em co souvis\u00ed s kamenem","potentialAction":[{"@type":"SearchAction","target":{"@type":"EntryPoint","urlTemplate":"https:\/\/svetkamene.eu\/?s={search_term_string}"},"query-input":"required name=search_term_string"}],"inLanguage":"cs"},{"@type":"ImageObject","inLanguage":"cs","@id":"https:\/\/svetkamene.eu\/index.php\/pl\/2020\/10\/14\/jak-wykorzystac-kamien-naturalny-w-ogrodzie-w-domu-i-we-wnetrzu\/#primaryimage","url":"https:\/\/svetkamene.eu\/wp-content\/uploads\/2021\/01\/28149-582412-1-5b150cba8350b.jpg","contentUrl":"https:\/\/svetkamene.eu\/wp-content\/uploads\/2021\/01\/28149-582412-1-5b150cba8350b.jpg","width":1055,"height":710},{"@type":"WebPage","@id":"https:\/\/svetkamene.eu\/index.php\/pl\/2020\/10\/14\/jak-wykorzystac-kamien-naturalny-w-ogrodzie-w-domu-i-we-wnetrzu\/#webpage","url":"https:\/\/svetkamene.eu\/index.php\/pl\/2020\/10\/14\/jak-wykorzystac-kamien-naturalny-w-ogrodzie-w-domu-i-we-wnetrzu\/","name":"Jak wykorzysta\u0107 kamie\u0144 naturalny w ogrodzie, w domu i we wn\u0119trzu - Sv\u011bt Kamene","isPartOf":{"@id":"https:\/\/svetkamene.eu\/#website"},"primaryImageOfPage":{"@id":"https:\/\/svetkamene.eu\/index.php\/pl\/2020\/10\/14\/jak-wykorzystac-kamien-naturalny-w-ogrodzie-w-domu-i-we-wnetrzu\/#primaryimage"},"datePublished":"2020-10-14T05:00:55+00:00","dateModified":"2021-04-07T16:06:23+00:00","author":{"@id":"https:\/\/svetkamene.eu\/#\/schema\/person\/9796ccd50eb4bef1ae8524fac2dfbc9a"},"description":"P\u0159\u00edrodn\u00ed k\u00e1men p\u0159itom vlastn\u011b nikdy nevy\u0161el z m\u00f3dy, dnes je nab\u00edzen v podob\u00e1ch obklad\u016f, dla\u017eby, prvk\u016f pro zahrady, venkovn\u00edho obkladu","breadcrumb":{"@id":"https:\/\/svetkamene.eu\/index.php\/pl\/2020\/10\/14\/jak-wykorzystac-kamien-naturalny-w-ogrodzie-w-domu-i-we-wnetrzu\/#breadcrumb"},"inLanguage":"cs","potentialAction":[{"@type":"ReadAction","target":["https:\/\/svetkamene.eu\/index.php\/pl\/2020\/10\/14\/jak-wykorzystac-kamien-naturalny-w-ogrodzie-w-domu-i-we-wnetrzu\/"]}]},{"@type":"BreadcrumbList","@id":"https:\/\/svetkamene.eu\/index.php\/pl\/2020\/10\/14\/jak-wykorzystac-kamien-naturalny-w-ogrodzie-w-domu-i-we-wnetrzu\/#breadcrumb","itemListElement":[{"@type":"ListItem","position":1,"name":"Dom\u016f","item":"https:\/\/svetkamene.eu\/"},{"@type":"ListItem","position":2,"name":"Jak wykorzysta\u0107 kamie\u0144 naturalny w ogrodzie, w domu i&nbsp;we wn\u0119trzu"}]},{"@type":"Person","@id":"https:\/\/svetkamene.eu\/#\/schema\/person\/9796ccd50eb4bef1ae8524fac2dfbc9a","name":"Kate\u0159ina Markvartov\u00e1","image":{"@type":"ImageObject","inLanguage":"cs","@id":"https:\/\/svetkamene.eu\/#\/schema\/person\/image\/","url":"https:\/\/secure.gravatar.com\/avatar\/9c2d86222d8e1ce7b67da7f6ec0761a7?s=96&d=mm&r=g","contentUrl":"https:\/\/secure.gravatar.com\/avatar\/9c2d86222d8e1ce7b67da7f6ec0761a7?s=96&d=mm&r=g","caption":"Kate\u0159ina Markvartov\u00e1"},"url":"https:\/\/svetkamene.eu\/index.php\/author\/ka-markvartovagmail-com\/"}]}},"_links":{"self":[{"href":"https:\/\/svetkamene.eu\/index.php\/wp-json\/wp\/v2\/posts\/3679"}],"collection":[{"href":"https:\/\/svetkamene.eu\/index.php\/wp-json\/wp\/v2\/posts"}],"about":[{"href":"https:\/\/svetkamene.eu\/index.php\/wp-json\/wp\/v2\/types\/post"}],"author":[{"embeddable":true,"href":"https:\/\/svetkamene.eu\/index.php\/wp-json\/wp\/v2\/users\/13"}],"replies":[{"embeddable":true,"href":"https:\/\/svetkamene.eu\/index.php\/wp-json\/wp\/v2\/comments?post=3679"}],"version-history":[{"count":1,"href":"https:\/\/svetkamene.eu\/index.php\/wp-json\/wp\/v2\/posts\/3679\/revisions"}],"predecessor-version":[{"id":3682,"href":"https:\/\/svetkamene.eu\/index.php\/wp-json\/wp\/v2\/posts\/3679\/revisions\/3682"}],"wp:featuredmedia":[{"embeddable":true,"href":"https:\/\/svetkamene.eu\/index.php\/wp-json\/wp\/v2\/media\/2351"}],"wp:attachment":[{"href":"https:\/\/svetkamene.eu\/index.php\/wp-json\/wp\/v2\/media?parent=3679"}],"wp:term":[{"taxonomy":"category","embeddable":true,"href":"https:\/\/svetkamene.eu\/index.php\/wp-json\/wp\/v2\/categories?post=3679"},{"taxonomy":"post_tag","embeddable":true,"href":"https:\/\/svetkamene.eu\/index.php\/wp-json\/wp\/v2\/tags?post=3679"}],"curies":[{"name":"wp","href":"https:\/\/api.w.org\/{rel}","templated":true}]}}