{"id":2993,"date":"2020-11-21T18:26:00","date_gmt":"2020-11-21T17:26:00","guid":{"rendered":"https:\/\/beta.svetkamene.eu\/?p=2993"},"modified":"2021-10-05T18:48:17","modified_gmt":"2021-10-05T16:48:17","slug":"tezba-v-obrim-dole-1-cast","status":"publish","type":"post","link":"https:\/\/svetkamene.eu\/index.php\/cs\/2020\/11\/21\/tezba-v-obrim-dole-1-cast\/","title":{"rendered":"T\u011b\u017eba v&nbsp;Ob\u0159\u00edm dole \u2013 1.&nbsp;\u010d\u00e1st"},"content":{"rendered":"\n<p><strong>Albe\u0159i\u010dt\u00ed speleologov\u00e9 se \u0159adu let zab\u00fdvaj\u00ed b\u00e1\u0148sko-geologick\u00fdm a&nbsp;historick\u00fdm pr\u016fzkumem star\u00fdch d\u016fln\u00edch d\u011bl v&nbsp;Krkono\u0161\u00edch, nevyj\u00edmaje ani Ob\u0159\u00ed d\u016fl, nejrozs\u00e1hlej\u0161\u00ed krkono\u0161skou d\u016fln\u00ed lokalitu. <\/strong><\/p>\n\n\n\n<div style=\"height:47px\" aria-hidden=\"true\" class=\"wp-block-spacer\"><\/div>\n\n\n\n<p>Objevili, \u017ee masiv Sn\u011b\u017eky ukr\u00fdv\u00e1 velice zachoval\u00fd komplex d\u016fln\u00edch d\u011bl, reprezentuj\u00edc\u00ed hornictv\u00ed v&nbsp;Krkono\u0161\u00edch zhruba od 16.&nbsp;stolet\u00ed do poloviny minul\u00e9ho stolet\u00ed. Po&nbsp;mnoha letech \u00fasil\u00ed se jesky\u0148\u00e1\u0159\u016fm poda\u0159ilo v&nbsp;roce 2004 dos\u00e1hnout vysn\u011bn\u00e9ho c\u00edle \u2013 \u010d\u00e1st dolu Kov\u00e1rna zp\u0159\u00edstupnit ve\u0159ejnosti.<\/p>\n\n\n\n<h4>Historie<\/h4>\n\n\n\n<p>Podle star\u00fdch zpr\u00e1v obchodn\u00ed cesta do Slezska vedla p\u0159es Krkono\u0161e ji\u017e ve 12.&nbsp;stolet\u00ed. Tuto stezku vyu\u017e\u00edvali prvn\u00ed prospekto\u0159i a&nbsp;proto je pravd\u011bpodobn\u00e9, \u017ee drobn\u00e1 t\u011b\u017eba kov\u016f prob\u00edhala ji\u017e v&nbsp;hlubok\u00e9m st\u0159edov\u011bku. Nep\u0159\u00edm\u00e9 d\u016fkazy m\u00e1me ji\u017e z&nbsp;11.&nbsp;a&nbsp;12.&nbsp;stolet\u00ed z&nbsp;R\u00fdchor a&nbsp;Svobody nad \u00dapou. P\u00e1tr\u00e1n\u00ed po&nbsp;takto star\u00fdch d\u00edlech v&nbsp;Ob\u0159\u00edm dole je v\u0161ak velice komplikovan\u00e9. Hornick\u00e1 \u010dinnost zde toti\u017e s&nbsp;r\u016fzn\u00fdmi p\u0159est\u00e1vkami prob\u00edhala a\u017e do \u0161edes\u00e1t\u00fdch let dvac\u00e1t\u00e9ho stolet\u00ed a&nbsp;ka\u017ed\u00e9 nov\u011bj\u0161\u00ed dob\u00fdv\u00e1n\u00ed z&nbsp;velk\u00e9 \u010d\u00e1sti zahlazovalo \u010dinnost star\u0161\u00ed. Nejstar\u0161\u00ed dolo\u017een\u00fd z\u00e1znam o&nbsp;tamn\u00edm dolov\u00e1n\u00ed se zachoval z&nbsp;roku 1511, kde se uv\u00e1d\u00ed, \u017ee do Trutnova p\u0159i\u0161li m\u00ed\u0161en\u0161t\u00ed horn\u00edci, kte\u0159\u00ed se po&nbsp;nezdaru ve \u0161tole na \u0160ibeni\u010dn\u00edm vrchu p\u0159em\u00edstili do Ob\u0159\u00edho dolu. V&nbsp;roce 1534 \u017e\u00e1dala spole\u010dnost sedmn\u00e1cti podnikatel\u016f o&nbsp;privilegium t\u011b\u017eby v&nbsp;Ob\u0159\u00edm dole c\u00edsa\u0159e Ferdinanda II. Vzhledem k&nbsp;odlehlosti dol\u016f m\u011bli v&nbsp;pl\u00e1nu vybudovat hu\u0165, stoupu a&nbsp;celou osadu s&nbsp;hostincem, pivovarem a&nbsp;dal\u0161\u00edm vybaven\u00edm. Tehdej\u0161\u00ed vrchlabsk\u00fd p\u00e1n Kry\u0161tof Gendorf z&nbsp;Korutan, c\u00edsa\u0159\u016fv poradce ve v\u011bcech horn\u00edch a&nbsp;mincovn\u00edch, \u017e\u00e1dost nedoporu\u010dil, vznikla by t\u00edm konkurence jeho vlastn\u00edm dol\u016fm na \u017eelezo v&nbsp;Herl\u00edkovic\u00edch a&nbsp;Mar\u0161ov\u011b. Jak vypl\u00fdv\u00e1 z&nbsp;n\u00e1lez\u016f, na n\u011bkolika m\u00edstech t\u011b\u017eba p\u0159esto prob\u00edhala. V&nbsp;roce 1570 d\u016fln\u00ed podnikatel a&nbsp;prospektor Hans Seyfert zde nalezl mocn\u00e9 polohy m\u011bd\u011bn\u00fdch, olovnat\u00fdch a&nbsp;arsenov\u00fdch rud.<\/p>\n\n\n\n<div style=\"height:45px\" aria-hidden=\"true\" class=\"wp-block-spacer\"><\/div>\n\n\n\n<h4>D\u016fl Kov\u00e1rna<\/h4>\n\n\n\n<p>Hlavn\u00ed t\u011b\u017eba se soust\u0159edila do d\u011bl Kov\u00e1rna a&nbsp;Gustav, kter\u00e9 byly nehluboko pod povrchem propojeny. Literatura ud\u00e1v\u00e1 celkovou hloubku dolu 140&nbsp;m a&nbsp;dosah pod \u00farove\u0148 \u00dapy 24,5&nbsp;m. Tento \u00fadaj se zat\u00edm nepoda\u0159ilo prok\u00e1zat, proto\u017ee p\u0159i&nbsp;geologick\u00e9m pr\u016fzkumu v&nbsp;pades\u00e1t\u00fdch letech 20.&nbsp;stolet\u00ed byla nejn\u00ed\u017ee polo\u017een\u00e1 \u010d\u00e1st dolu zasyp\u00e1na. Hloubka dolu se tedy ud\u00e1v\u00e1 100&nbsp;m. Na \u010desk\u00e9 pom\u011bry to nen\u00ed hloubka nijak velk\u00e1, ale pro odlehlost a&nbsp;extr\u00e9mn\u00ed klimatick\u00e9 podm\u00ednky Ob\u0159\u00edho dolu horn\u00edk\u016fm velice komplikovala \u017eivot. Ruda i&nbsp;hlu\u0161ina byly z&nbsp;hlubin vyn\u00e1\u0161eny ru\u010dn\u011b nebo jen za pou\u017eit\u00ed jednoduch\u00fdch vr\u00e1tk\u016f \u010di&nbsp;rump\u00e1l\u016f. \u017d\u00e1dn\u00e9 jin\u00e9 t\u011b\u017eebn\u00ed za\u0159\u00edzen\u00ed ani jeho zbytky se nenalezly a&nbsp;nen\u00ed o&nbsp;nich zm\u00ednka ani v&nbsp;historick\u00fdch pramenech. V&nbsp;n\u011bkter\u00fdch parti\u00edch jsou lezeck\u00e9 odd\u00edly \u2013 d\u0159ev\u011bn\u00e9 konstrukce s&nbsp;plo\u0161inami, kter\u00e9 jsou navz\u00e1jem propojeny \u017eeb\u0159\u00edky. Ne\u0161lo o&nbsp;klasick\u00e9 \u017eeb\u0159\u00edky, t\u011bch se na\u0161lo pouze n\u011bkolik, ale jednalo se o&nbsp;jednostup\u00e9 \u017eeb\u0159\u00edky zvan\u00e9 lezce (siln\u00e1 kl\u00e1da s&nbsp;vytesan\u00fdmi stupy pro nohy). V&nbsp;dole se dochovaly i&nbsp;p\u011bt metr\u016f dlouh\u00e9 a&nbsp;v\u00fdstup po&nbsp;nich s&nbsp;neci\u010dkami pln\u00fdch rudy nebo ko\u0161i na z\u00e1dech musel b\u00fdt t\u00e9m\u011b\u0159 kaskad\u00e9rsk\u00fdm kouskem. Dob\u00fdvalo se ru\u010dn\u011b za pomoc\u00ed \u017eel\u00edzka a&nbsp;ml\u00e1tku, a&nbsp;nebo s\u00e1zen\u00ed ohn\u011bm. Nejb\u011b\u017en\u011bj\u0161\u00ed palivem bylo m\u00edstn\u00ed d\u0159evo a&nbsp;nej\u00fa\u010dinn\u011bj\u0161\u00ed teplota pro s\u00e1zen\u00ed byla okolo 600\u00b0C. Na \u010delb\u011b chodby se p\u0159i&nbsp;t\u00e9to metod\u011b rozd\u011blal v\u00fdh\u0159evn\u00fd ohe\u0148, hornina se rozp\u00e1lila a&nbsp;potom prudce zchladila &#8211; polila vodou. V\u00fdsledkem byla rozpraskan\u00e1, a&nbsp;tedy l\u00e9pe t\u011b\u017eiteln\u00e1 sk\u00e1la. Postup ra\u017eby p\u0159i&nbsp;pou\u017eit\u00ed pouze \u017eel\u00edzka a&nbsp;ml\u00e1tku byl velmi pomal\u00fd, pouze n\u011bkolik centimetr\u016f za den. Ale co se t\u00fdk\u00e1 ra\u017een\u00ed za pomoci s\u00e1zen\u00ed ohn\u011bm, razil se za sm\u011bnu jeden metr i&nbsp;v\u00edce. P\u0159i&nbsp;s\u00e1zen\u00ed velk\u00fdch komor se pak jednalo o&nbsp;kubick\u00e9 metry odtr\u017een\u00e9 horniny.<\/p>\n\n\n\n<div style=\"height:100px\" aria-hidden=\"true\" class=\"wp-block-spacer\"><\/div>\n\n\n\n<p>Zdroj: <a href=\"http:\/\/www.lomyatezba.cz\">www.lomyatezba.cz<\/a><\/p>\n","protected":false},"excerpt":{"rendered":"<p>Albe\u0159i\u010dt\u00ed speleologov\u00e9 se \u0159adu let zab\u00fdvaj\u00ed b\u00e1\u0148sko-geologick\u00fdm a&nbsp;historick\u00fdm pr\u016fzkumem star\u00fdch d\u016fln\u00edch d\u011bl v&nbsp;Krkono\u0161\u00edch, nevyj\u00edmaje ani&#8230;<\/p>\n","protected":false},"author":26,"featured_media":2994,"comment_status":"closed","ping_status":"closed","sticky":false,"template":"","format":"standard","meta":{"ngg_post_thumbnail":0},"categories":[372],"tags":[],"yoast_head":"<!-- This site is optimized with the Yoast SEO plugin v19.1 - https:\/\/yoast.com\/wordpress\/plugins\/seo\/ -->\n<title>T\u011b\u017eba v Ob\u0159\u00edm dole \u2013 1. \u010d\u00e1st - Sv\u011bt Kamene<\/title>\n<meta name=\"description\" content=\"Hlavn\u00ed t\u011b\u017eba se soust\u0159edila do d\u011bl Kov\u00e1rna a Gustav, kter\u00e9 byly nehluboko pod povrchem propojeny.\" \/>\n<meta name=\"robots\" content=\"index, follow, max-snippet:-1, max-image-preview:large, max-video-preview:-1\" \/>\n<link rel=\"canonical\" href=\"http:\/\/www.lomyatezba.cz\/2017\/2017-1\/item\/771-tezba-v-obrim-dole\" \/>\n<meta property=\"og:locale\" content=\"cs_CZ\" \/>\n<meta property=\"og:type\" content=\"article\" \/>\n<meta property=\"og:title\" content=\"T\u011b\u017eba v Ob\u0159\u00edm dole \u2013 1. \u010d\u00e1st - Sv\u011bt Kamene\" \/>\n<meta property=\"og:description\" content=\"Hlavn\u00ed t\u011b\u017eba se soust\u0159edila do d\u011bl Kov\u00e1rna a Gustav, kter\u00e9 byly nehluboko pod povrchem propojeny.\" \/>\n<meta property=\"og:url\" content=\"http:\/\/www.lomyatezba.cz\/2017\/2017-1\/item\/771-tezba-v-obrim-dole\" \/>\n<meta property=\"og:site_name\" content=\"Sv\u011bt Kamene\" \/>\n<meta property=\"article:published_time\" content=\"2020-11-21T17:26:00+00:00\" \/>\n<meta property=\"article:modified_time\" content=\"2021-10-05T16:48:17+00:00\" \/>\n<meta property=\"og:image\" content=\"https:\/\/svetkamene.eu\/wp-content\/uploads\/2021\/01\/9b61c9add26ae66de11f78f97af7a160_M.jpg\" \/>\n\t<meta property=\"og:image:width\" content=\"746\" \/>\n\t<meta property=\"og:image:height\" content=\"495\" \/>\n\t<meta property=\"og:image:type\" content=\"image\/jpeg\" \/>\n<meta name=\"twitter:card\" content=\"summary_large_image\" \/>\n<meta name=\"twitter:label1\" content=\"Napsal(a)\" \/>\n\t<meta name=\"twitter:data1\" content=\"Anna \u0160arochov\u00e1 (\u0160t\u011bp\u00e1nkov\u00e1)\" \/>\n\t<meta name=\"twitter:label2\" content=\"Odhadovan\u00e1 doba \u010dten\u00ed\" \/>\n\t<meta name=\"twitter:data2\" content=\"4 minuty\" \/>\n<script type=\"application\/ld+json\" class=\"yoast-schema-graph\">{\"@context\":\"https:\/\/schema.org\",\"@graph\":[{\"@type\":\"WebSite\",\"@id\":\"https:\/\/svetkamene.eu\/#website\",\"url\":\"https:\/\/svetkamene.eu\/\",\"name\":\"Sv\u011bt Kamene\",\"description\":\"Port\u00e1l informuj\u00edc\u00ed o v\u0161em co souvis\u00ed s kamenem\",\"potentialAction\":[{\"@type\":\"SearchAction\",\"target\":{\"@type\":\"EntryPoint\",\"urlTemplate\":\"https:\/\/svetkamene.eu\/?s={search_term_string}\"},\"query-input\":\"required name=search_term_string\"}],\"inLanguage\":\"cs\"},{\"@type\":\"ImageObject\",\"inLanguage\":\"cs\",\"@id\":\"http:\/\/www.lomyatezba.cz\/2017\/2017-1\/item\/771-tezba-v-obrim-dole#primaryimage\",\"url\":\"https:\/\/svetkamene.eu\/wp-content\/uploads\/2021\/01\/9b61c9add26ae66de11f78f97af7a160_M.jpg\",\"contentUrl\":\"https:\/\/svetkamene.eu\/wp-content\/uploads\/2021\/01\/9b61c9add26ae66de11f78f97af7a160_M.jpg\",\"width\":746,\"height\":495,\"caption\":\"Pohled v lese na d\u0159ev\u011bnou chaloupku u kter\u00e9 je zaparkovan\u00fd reziv\u00fd voz\u00edk na uhl\u00ed na zhruba 150 centimetrov\u00e9m kusu kolej\u00ed. Nalevo od voz\u00edku jsou kameny a pa\u0159ezy, pohled je na zasn\u011b\u017eenou zimn\u00ed krajinu s cca 5 a\u017e 10 cm sn\u011bhu\"},{\"@type\":\"WebPage\",\"@id\":\"http:\/\/www.lomyatezba.cz\/2017\/2017-1\/item\/771-tezba-v-obrim-dole#webpage\",\"url\":\"http:\/\/www.lomyatezba.cz\/2017\/2017-1\/item\/771-tezba-v-obrim-dole\",\"name\":\"T\u011b\u017eba v Ob\u0159\u00edm dole \u2013 1. \u010d\u00e1st - Sv\u011bt Kamene\",\"isPartOf\":{\"@id\":\"https:\/\/svetkamene.eu\/#website\"},\"primaryImageOfPage\":{\"@id\":\"http:\/\/www.lomyatezba.cz\/2017\/2017-1\/item\/771-tezba-v-obrim-dole#primaryimage\"},\"datePublished\":\"2020-11-21T17:26:00+00:00\",\"dateModified\":\"2021-10-05T16:48:17+00:00\",\"author\":{\"@id\":\"https:\/\/svetkamene.eu\/#\/schema\/person\/e7cd0c64bc39541f8508b2b3f8fbcf3e\"},\"description\":\"Hlavn\u00ed t\u011b\u017eba se soust\u0159edila do d\u011bl Kov\u00e1rna a Gustav, kter\u00e9 byly nehluboko pod povrchem propojeny.\",\"breadcrumb\":{\"@id\":\"http:\/\/www.lomyatezba.cz\/2017\/2017-1\/item\/771-tezba-v-obrim-dole#breadcrumb\"},\"inLanguage\":\"cs\",\"potentialAction\":[{\"@type\":\"ReadAction\",\"target\":[\"http:\/\/www.lomyatezba.cz\/2017\/2017-1\/item\/771-tezba-v-obrim-dole\"]}]},{\"@type\":\"BreadcrumbList\",\"@id\":\"http:\/\/www.lomyatezba.cz\/2017\/2017-1\/item\/771-tezba-v-obrim-dole#breadcrumb\",\"itemListElement\":[{\"@type\":\"ListItem\",\"position\":1,\"name\":\"Dom\u016f\",\"item\":\"https:\/\/svetkamene.eu\/\"},{\"@type\":\"ListItem\",\"position\":2,\"name\":\"T\u011b\u017eba v&nbsp;Ob\u0159\u00edm dole \u2013 1.&nbsp;\u010d\u00e1st\"}]},{\"@type\":\"Person\",\"@id\":\"https:\/\/svetkamene.eu\/#\/schema\/person\/e7cd0c64bc39541f8508b2b3f8fbcf3e\",\"name\":\"Anna \u0160arochov\u00e1 (\u0160t\u011bp\u00e1nkov\u00e1)\",\"image\":{\"@type\":\"ImageObject\",\"inLanguage\":\"cs\",\"@id\":\"https:\/\/svetkamene.eu\/#\/schema\/person\/image\/\",\"url\":\"https:\/\/secure.gravatar.com\/avatar\/1f0e8ff02f69b8ba5bc4463e3fcac2ef?s=96&d=mm&r=g\",\"contentUrl\":\"https:\/\/secure.gravatar.com\/avatar\/1f0e8ff02f69b8ba5bc4463e3fcac2ef?s=96&d=mm&r=g\",\"caption\":\"Anna \u0160arochov\u00e1 (\u0160t\u011bp\u00e1nkov\u00e1)\"},\"url\":\"https:\/\/svetkamene.eu\/index.php\/author\/annasarochova\/\"}]}<\/script>\n<!-- \/ Yoast SEO plugin. -->","yoast_head_json":{"title":"T\u011b\u017eba v Ob\u0159\u00edm dole \u2013 1. \u010d\u00e1st - Sv\u011bt Kamene","description":"Hlavn\u00ed t\u011b\u017eba se soust\u0159edila do d\u011bl Kov\u00e1rna a Gustav, kter\u00e9 byly nehluboko pod povrchem propojeny.","robots":{"index":"index","follow":"follow","max-snippet":"max-snippet:-1","max-image-preview":"max-image-preview:large","max-video-preview":"max-video-preview:-1"},"canonical":"http:\/\/www.lomyatezba.cz\/2017\/2017-1\/item\/771-tezba-v-obrim-dole","og_locale":"cs_CZ","og_type":"article","og_title":"T\u011b\u017eba v Ob\u0159\u00edm dole \u2013 1. \u010d\u00e1st - Sv\u011bt Kamene","og_description":"Hlavn\u00ed t\u011b\u017eba se soust\u0159edila do d\u011bl Kov\u00e1rna a Gustav, kter\u00e9 byly nehluboko pod povrchem propojeny.","og_url":"http:\/\/www.lomyatezba.cz\/2017\/2017-1\/item\/771-tezba-v-obrim-dole","og_site_name":"Sv\u011bt Kamene","article_published_time":"2020-11-21T17:26:00+00:00","article_modified_time":"2021-10-05T16:48:17+00:00","og_image":[{"width":746,"height":495,"url":"https:\/\/svetkamene.eu\/wp-content\/uploads\/2021\/01\/9b61c9add26ae66de11f78f97af7a160_M.jpg","type":"image\/jpeg"}],"twitter_card":"summary_large_image","twitter_misc":{"Napsal(a)":"Anna \u0160arochov\u00e1 (\u0160t\u011bp\u00e1nkov\u00e1)","Odhadovan\u00e1 doba \u010dten\u00ed":"4 minuty"},"schema":{"@context":"https:\/\/schema.org","@graph":[{"@type":"WebSite","@id":"https:\/\/svetkamene.eu\/#website","url":"https:\/\/svetkamene.eu\/","name":"Sv\u011bt Kamene","description":"Port\u00e1l informuj\u00edc\u00ed o v\u0161em co souvis\u00ed s kamenem","potentialAction":[{"@type":"SearchAction","target":{"@type":"EntryPoint","urlTemplate":"https:\/\/svetkamene.eu\/?s={search_term_string}"},"query-input":"required name=search_term_string"}],"inLanguage":"cs"},{"@type":"ImageObject","inLanguage":"cs","@id":"http:\/\/www.lomyatezba.cz\/2017\/2017-1\/item\/771-tezba-v-obrim-dole#primaryimage","url":"https:\/\/svetkamene.eu\/wp-content\/uploads\/2021\/01\/9b61c9add26ae66de11f78f97af7a160_M.jpg","contentUrl":"https:\/\/svetkamene.eu\/wp-content\/uploads\/2021\/01\/9b61c9add26ae66de11f78f97af7a160_M.jpg","width":746,"height":495,"caption":"Pohled v lese na d\u0159ev\u011bnou chaloupku u kter\u00e9 je zaparkovan\u00fd reziv\u00fd voz\u00edk na uhl\u00ed na zhruba 150 centimetrov\u00e9m kusu kolej\u00ed. Nalevo od voz\u00edku jsou kameny a pa\u0159ezy, pohled je na zasn\u011b\u017eenou zimn\u00ed krajinu s cca 5 a\u017e 10 cm sn\u011bhu"},{"@type":"WebPage","@id":"http:\/\/www.lomyatezba.cz\/2017\/2017-1\/item\/771-tezba-v-obrim-dole#webpage","url":"http:\/\/www.lomyatezba.cz\/2017\/2017-1\/item\/771-tezba-v-obrim-dole","name":"T\u011b\u017eba v Ob\u0159\u00edm dole \u2013 1. \u010d\u00e1st - Sv\u011bt Kamene","isPartOf":{"@id":"https:\/\/svetkamene.eu\/#website"},"primaryImageOfPage":{"@id":"http:\/\/www.lomyatezba.cz\/2017\/2017-1\/item\/771-tezba-v-obrim-dole#primaryimage"},"datePublished":"2020-11-21T17:26:00+00:00","dateModified":"2021-10-05T16:48:17+00:00","author":{"@id":"https:\/\/svetkamene.eu\/#\/schema\/person\/e7cd0c64bc39541f8508b2b3f8fbcf3e"},"description":"Hlavn\u00ed t\u011b\u017eba se soust\u0159edila do d\u011bl Kov\u00e1rna a Gustav, kter\u00e9 byly nehluboko pod povrchem propojeny.","breadcrumb":{"@id":"http:\/\/www.lomyatezba.cz\/2017\/2017-1\/item\/771-tezba-v-obrim-dole#breadcrumb"},"inLanguage":"cs","potentialAction":[{"@type":"ReadAction","target":["http:\/\/www.lomyatezba.cz\/2017\/2017-1\/item\/771-tezba-v-obrim-dole"]}]},{"@type":"BreadcrumbList","@id":"http:\/\/www.lomyatezba.cz\/2017\/2017-1\/item\/771-tezba-v-obrim-dole#breadcrumb","itemListElement":[{"@type":"ListItem","position":1,"name":"Dom\u016f","item":"https:\/\/svetkamene.eu\/"},{"@type":"ListItem","position":2,"name":"T\u011b\u017eba v&nbsp;Ob\u0159\u00edm dole \u2013 1.&nbsp;\u010d\u00e1st"}]},{"@type":"Person","@id":"https:\/\/svetkamene.eu\/#\/schema\/person\/e7cd0c64bc39541f8508b2b3f8fbcf3e","name":"Anna \u0160arochov\u00e1 (\u0160t\u011bp\u00e1nkov\u00e1)","image":{"@type":"ImageObject","inLanguage":"cs","@id":"https:\/\/svetkamene.eu\/#\/schema\/person\/image\/","url":"https:\/\/secure.gravatar.com\/avatar\/1f0e8ff02f69b8ba5bc4463e3fcac2ef?s=96&d=mm&r=g","contentUrl":"https:\/\/secure.gravatar.com\/avatar\/1f0e8ff02f69b8ba5bc4463e3fcac2ef?s=96&d=mm&r=g","caption":"Anna \u0160arochov\u00e1 (\u0160t\u011bp\u00e1nkov\u00e1)"},"url":"https:\/\/svetkamene.eu\/index.php\/author\/annasarochova\/"}]}},"_links":{"self":[{"href":"https:\/\/svetkamene.eu\/index.php\/wp-json\/wp\/v2\/posts\/2993"}],"collection":[{"href":"https:\/\/svetkamene.eu\/index.php\/wp-json\/wp\/v2\/posts"}],"about":[{"href":"https:\/\/svetkamene.eu\/index.php\/wp-json\/wp\/v2\/types\/post"}],"author":[{"embeddable":true,"href":"https:\/\/svetkamene.eu\/index.php\/wp-json\/wp\/v2\/users\/26"}],"replies":[{"embeddable":true,"href":"https:\/\/svetkamene.eu\/index.php\/wp-json\/wp\/v2\/comments?post=2993"}],"version-history":[{"count":3,"href":"https:\/\/svetkamene.eu\/index.php\/wp-json\/wp\/v2\/posts\/2993\/revisions"}],"predecessor-version":[{"id":5542,"href":"https:\/\/svetkamene.eu\/index.php\/wp-json\/wp\/v2\/posts\/2993\/revisions\/5542"}],"wp:featuredmedia":[{"embeddable":true,"href":"https:\/\/svetkamene.eu\/index.php\/wp-json\/wp\/v2\/media\/2994"}],"wp:attachment":[{"href":"https:\/\/svetkamene.eu\/index.php\/wp-json\/wp\/v2\/media?parent=2993"}],"wp:term":[{"taxonomy":"category","embeddable":true,"href":"https:\/\/svetkamene.eu\/index.php\/wp-json\/wp\/v2\/categories?post=2993"},{"taxonomy":"post_tag","embeddable":true,"href":"https:\/\/svetkamene.eu\/index.php\/wp-json\/wp\/v2\/tags?post=2993"}],"curies":[{"name":"wp","href":"https:\/\/api.w.org\/{rel}","templated":true}]}}