{"id":2206,"date":"2022-06-05T13:00:00","date_gmt":"2022-06-05T11:00:00","guid":{"rendered":"https:\/\/beta.svetkamene.eu\/?p=2206"},"modified":"2022-06-17T16:14:02","modified_gmt":"2022-06-17T14:14:02","slug":"kamenotisk-plotter-pro-kamenika","status":"publish","type":"post","link":"https:\/\/svetkamene.eu\/index.php\/cs\/2022\/06\/05\/kamenotisk-plotter-pro-kamenika\/","title":{"rendered":"KAMENOTISK \u2013 PLOTTER PRO KAMEN\u00cdKA"},"content":{"rendered":"\n<p><strong>L\u00e1k\u00e1 v\u00e1s p\u0159edstava kamenn\u00e9ho parapetu s&nbsp;barevn\u00fdm orient\u00e1ln\u00edm vzorem? Nebo si p\u0159edstavujete stylovou desku stolu, na n\u00ed\u017e je vyvedena reprodukce slavn\u00e9ho obrazu? Nebo snad kuchy\u0148sk\u00e9 desky \u010di&nbsp;koupelnov\u00e9 dla\u017edice s&nbsp;vylad\u011bn\u00fdm dekorem ve stylu vybaven\u00ed va\u0161eho domu? Nen\u00ed to jen sen. Sou\u010dasn\u00e9 technologie ji\u017e umo\u017e\u0148uj\u00ed digit\u00e1ln\u00ed tisk na k\u00e1men nebo um\u011bl\u00fd k\u00e1men. A&nbsp;to v\u0161e s&nbsp;p\u0159esnost\u00ed, je\u017e p\u0159ed\u010d\u00ed schopnosti va\u0161\u00ed nejlep\u0161\u00ed tisk\u00e1rny, na kter\u00e9 si tisknete fotografie z&nbsp;dovolen\u00e9. Takov\u00e9 jsou sou\u010dasn\u00e9 mo\u017enosti UV technologie.<\/strong><\/p>\n\n\n\n<div style=\"height:46px\" aria-hidden=\"true\" class=\"wp-block-spacer\"><\/div>\n\n\n\n<p>Z rozvoje digit\u00e1ln\u00edho tisku mohou t\u011b\u017eit nejen tiska\u0159i \u010di&nbsp;reklamn\u00ed agentury. D\u00edky technologii vytvrzov\u00e1n\u00ed inkoustu sv\u011btlem lze natisknout libovoln\u00fd vzor na t\u00e9m\u011b\u0159 libovoln\u00fd povrch. Personalizace \u010di&nbsp;zaji\u0161t\u011bn\u00ed individu\u00e1ln\u00edho stylu dnes nen\u00ed probl\u00e9m.<\/p>\n\n\n\n<p>Artemis Orion je ploch\u00fd skener s&nbsp;vysokou p\u0159esnost\u00ed a&nbsp;schopnost\u00ed kvalitn\u00edho tisku na ploch\u00e9 materi\u00e1ly. Umo\u017e\u0148uje tisk na materi\u00e1ly do hmotnosti 300&nbsp;kg a&nbsp;velikosti do 305 \u00d7 205 cm. Neb\u00fdvale velk\u00e9 rozli\u0161en\u00ed 2880 dpi umo\u017en\u00ed p\u0159esn\u00fd a&nbsp;realistick\u00fd tisk kamenn\u00fdch desek a&nbsp;dla\u017edic, prvk\u016f mal\u00e9 architektury i&nbsp;mal\u00fdch reklamn\u00edch p\u0159edm\u011bt\u016f.<\/p>\n\n\n\n<p>Artemis Orion je v\u00fdjime\u010dn\u011b univerz\u00e1ln\u00ed a&nbsp;komplexn\u011b konfigurovateln\u00e9 za\u0159\u00edzen\u00ed. Jedn\u00e1 se o&nbsp;t\u011b\u017ek\u00fd pr\u016fmyslov\u00fd stroj pro v\u00fdrobu jak ve velk\u00fdch objemech, tak pro individu\u00e1ln\u00ed n\u00e1vrhy na zak\u00e1zku \u010di&nbsp;v\u00fdrobu prototyp\u016f. Tisk\u00e1rna se samoz\u0159ejm\u011b v\u00fdborn\u011b osv\u011bd\u010d\u00ed i&nbsp;v&nbsp;jin\u00fdch oblastech. UV tisk je mo\u017en\u00fd tak\u00e9 na sklo, keramiku, n\u00e1bytkov\u00e9 desky a&nbsp;plasty, podobn\u011b jako na v\u0161echny z&nbsp;reklamn\u00edho pr\u016fmyslu zn\u00e1m\u00e9 materi\u00e1ly. Schopnosti Artemis Orion v\u00e1m proto umo\u017e\u0148uj\u00ed roz\u0161\u00ed\u0159it rozsah \u010dinnost\u00ed a&nbsp;u\u010dinit produkty nab\u00edzen\u00e9 spole\u010dnost\u00ed konkurenceschopn\u00fdmi jak z&nbsp;hlediska ceny, tak i&nbsp;kvality. Rychlost tisku (a\u017e 80&nbsp;m<sup>2<\/sup>\/h) a&nbsp;spolehlivost zaru\u010duj\u00ed nainstalovan\u00e9 komponenty zn\u00e1m\u00fdch zna\u010dek \u2013 nap\u0159\u00edklad tiskov\u00e9 hlavy Konica Minolta nebo motory Panasonic.<\/p>\n\n\n\n<div style=\"height:25px\" aria-hidden=\"true\" class=\"wp-block-spacer\"><\/div>\n\n\n\n<p><strong>Rychlost provozu<\/strong><\/p>\n\n\n\n<p>Na rozd\u00edl od tradi\u010dn\u00edho zp\u016fsobu inkoustov\u00e9ho tisku, zn\u00e1m\u00e9ho nap\u0159\u00edklad ze stoln\u00edch tisk\u00e1ren, kde je inkoust absorbov\u00e1n do podkladu, je p\u0159i&nbsp;UV tisku inkoust fixov\u00e1n na povrch podkladu UV z\u00e1\u0159en\u00edm. Proto jsou v\u00fdtisky odoln\u00e9 v\u016f\u010di vod\u011b, sv\u011btlu, biologick\u00fdm faktor\u016fm a&nbsp;vn\u011bj\u0161\u00edm podm\u00ednk\u00e1m (slunce, vlhkost, zm\u011bny teploty) a&nbsp;mechanick\u00fdm faktor\u016fm (po\u0161kr\u00e1b\u00e1n\u00ed, od\u011bru).<\/p>\n\n\n\n<p>Podstatn\u00e9 je rovn\u011b\u017e to, \u017ee technologie UV tisku nevy\u017eaduje \u010das na zaschnut\u00ed a&nbsp;produkt je okam\u017eit\u011b p\u0159ipraven k&nbsp;pou\u017eit\u00ed, mont\u00e1\u017ei nebo dal\u0161\u00edmu \u0159ez\u00e1n\u00ed a&nbsp;zpracov\u00e1n\u00ed. To znamen\u00e1, \u017ee v\u00fdrobn\u00ed \u010dasy jsou maxim\u00e1ln\u011b zkr\u00e1ceny.<\/p>\n\n\n\n<p>UV tisk proto nevy\u017eaduje dal\u0161\u00ed ochranu laky \u010di&nbsp;lamin\u00e1ty a&nbsp;je p\u0159ipraven k&nbsp;pou\u017eit\u00ed v&nbsp;m\u00edst\u011b ur\u010den\u00ed ihned po&nbsp;jeho v\u00fdrob\u011b.<\/p>\n\n\n\n<div style=\"height:42px\" aria-hidden=\"true\" class=\"wp-block-spacer\"><\/div>\n\n\n\n<p><strong>P\u0159esnost p\u0159edev\u0161\u00edm<\/strong><\/p>\n\n\n\n<p>Stabilita konstrukce plotru, o&nbsp;n\u00ed\u017e sv\u011bd\u010d\u00ed mimo jin\u00e9 i&nbsp;jeho hmotnost, se prom\u00edt\u00e1 do vy\u0161\u0161\u00ed p\u0159esnosti pr\u00e1ce. R\u00e1m je sva\u0159en z&nbsp;hlin\u00edku s&nbsp;vo\u0161tinovou strukturou. Konstrukce voz\u00edku tiskov\u00e9 hlavy se skl\u00e1d\u00e1 z&nbsp;jednoho kusu. Spole\u010dnost Igus, v\u00fdrobce pojezdov\u00fdch li\u0161t voz\u00edku, si z\u00edskala pov\u011bst nejlep\u0161\u00edho v\u00fdrobce ve sv\u00e9 t\u0159\u00edd\u011b na sv\u011bt\u011b. Integra\u010dn\u00ed lampy, jich\u017e je u&nbsp;plotru Orion vyu\u017eito, n\u011bkolikan\u00e1sobn\u011b p\u0159ekra\u010duj\u00ed \u017eivotnost, v\u00fdkon a&nbsp;kvalitu lamp pou\u017e\u00edvan\u00fdch p\u0159i&nbsp;v\u00fdrob\u011b jin\u00fdch konkuren\u010dn\u00edch plotr\u016f.<\/p>\n\n\n\n<p>Pou\u017eit\u00ed syst\u00e9m\u016f: inteligentn\u00ed prokl\u00e1d\u00e1n\u00ed ti\u0161t\u011bn\u00fdch grafick\u00fdch pruh\u016f, automatick\u00e9 m\u011b\u0159en\u00ed m\u00e9di\u00ed, antistatick\u00fd deioniza\u010dn\u00ed prou\u017eek, syst\u00e9m odply\u0148ov\u00e1n\u00ed inkoustu, cirkulace b\u00edl\u00e9 barvy a&nbsp;syst\u00e9m \u010di\u0161t\u011bn\u00ed barev na tiskov\u00e9 hlav\u011b stav\u00ed stroj Artemis na nejvy\u0161\u0161\u00ed \u00farove\u0148, pokud jde o&nbsp;pou\u017eit\u00ed profesion\u00e1ln\u00edch technick\u00fdch \u0159e\u0161en\u00ed usnad\u0148uj\u00edc\u00edch pr\u00e1ci a&nbsp;zlep\u0161uj\u00edc\u00edch kvalitu v\u00fdsledn\u00e9ho tisku.<\/p>\n\n\n\n<figure class=\"wp-container-2 wp-block-gallery-1 wp-block-gallery aligncenter has-nested-images columns-default is-cropped\">\n<figure class=\"wp-block-image size-large\"><img loading=\"lazy\" width=\"640\" height=\"347\" data-id=\"2207\"  src=\"https:\/\/beta.svetkamene.eu\/wp-content\/uploads\/2021\/01\/drk3.png\" alt=\"\" class=\"wp-image-2207\" srcset=\"https:\/\/svetkamene.eu\/wp-content\/uploads\/2021\/01\/drk3.png 640w, https:\/\/svetkamene.eu\/wp-content\/uploads\/2021\/01\/drk3-300x163.png 300w\" sizes=\"(max-width: 640px) 100vw, 640px\" \/><\/figure>\n<\/figure>\n\n\n\n<p>Zdroj: <a href=\"https:\/\/www.kurierkamieniarski.pl\/artykuly\/technologie\/773-druk-na-kamieniu-czyli-ploter-dla-kamieniarza.html\" target=\"_blank\" rel=\"noreferrer noopener\">Kurier kamieniarski<\/a><\/p>\n\n\n\n<p>Autor:\u00a0Kurier Kamieniarski | Publikov\u00e1no: 15.&nbsp;11.&nbsp;2017<\/p>\n","protected":false},"excerpt":{"rendered":"<p>L\u00e1k\u00e1 v\u00e1s p\u0159edstava kamenn\u00e9ho parapetu s&nbsp;barevn\u00fdm orient\u00e1ln\u00edm vzorem? Nebo si p\u0159edstavujete stylovou desku stolu, na&#8230;<\/p>\n","protected":false},"author":13,"featured_media":2208,"comment_status":"closed","ping_status":"closed","sticky":false,"template":"","format":"standard","meta":{"ngg_post_thumbnail":0},"categories":[380,364],"tags":[],"yoast_head":"<!-- This site is optimized with the Yoast SEO plugin v19.1 - https:\/\/yoast.com\/wordpress\/plugins\/seo\/ -->\n<title>KAMENOTISK \u2013 PLOTTER PRO KAMEN\u00cdKA - Sv\u011bt Kamene<\/title>\n<meta name=\"description\" content=\"Dok\u00e1\u017eete si p\u0159edstavit kamenn\u00fd parapet s barevn\u00fdm orient\u00e1ln\u00edm vzorem? Nebo mo\u017en\u00e1 kuchy\u0148sk\u00e9 desky nebo koupelnov\u00e9 dla\u017edice s ornamentem?\" \/>\n<meta name=\"robots\" content=\"index, follow, max-snippet:-1, max-image-preview:large, max-video-preview:-1\" \/>\n<link rel=\"canonical\" href=\"https:\/\/www.kurierkamieniarski.pl\/artykuly\/technologie\/773-druk-na-kamieniu-czyli-ploter-dla-kamieniarza.html\" \/>\n<meta property=\"og:locale\" content=\"cs_CZ\" \/>\n<meta property=\"og:type\" content=\"article\" \/>\n<meta property=\"og:title\" content=\"KAMENOTISK \u2013 PLOTTER PRO KAMEN\u00cdKA - Sv\u011bt Kamene\" \/>\n<meta property=\"og:description\" content=\"Dok\u00e1\u017eete si p\u0159edstavit kamenn\u00fd parapet s barevn\u00fdm orient\u00e1ln\u00edm vzorem? Nebo mo\u017en\u00e1 kuchy\u0148sk\u00e9 desky nebo koupelnov\u00e9 dla\u017edice s ornamentem?\" \/>\n<meta property=\"og:url\" content=\"https:\/\/www.kurierkamieniarski.pl\/artykuly\/technologie\/773-druk-na-kamieniu-czyli-ploter-dla-kamieniarza.html\" \/>\n<meta property=\"og:site_name\" content=\"Sv\u011bt Kamene\" \/>\n<meta property=\"article:published_time\" content=\"2022-06-05T11:00:00+00:00\" \/>\n<meta property=\"article:modified_time\" content=\"2022-06-17T14:14:02+00:00\" \/>\n<meta property=\"og:image\" content=\"https:\/\/svetkamene.eu\/wp-content\/uploads\/2021\/01\/drk5a.jpg\" \/>\n\t<meta property=\"og:image:width\" content=\"640\" \/>\n\t<meta property=\"og:image:height\" content=\"400\" \/>\n\t<meta property=\"og:image:type\" content=\"image\/jpeg\" \/>\n<meta name=\"twitter:card\" content=\"summary_large_image\" \/>\n<meta name=\"twitter:label1\" content=\"Napsal(a)\" \/>\n\t<meta name=\"twitter:data1\" content=\"Kate\u0159ina Markvartov\u00e1\" \/>\n\t<meta name=\"twitter:label2\" content=\"Odhadovan\u00e1 doba \u010dten\u00ed\" \/>\n\t<meta name=\"twitter:data2\" content=\"3 minuty\" \/>\n<script type=\"application\/ld+json\" class=\"yoast-schema-graph\">{\"@context\":\"https:\/\/schema.org\",\"@graph\":[{\"@type\":\"WebSite\",\"@id\":\"https:\/\/svetkamene.eu\/#website\",\"url\":\"https:\/\/svetkamene.eu\/\",\"name\":\"Sv\u011bt Kamene\",\"description\":\"Port\u00e1l informuj\u00edc\u00ed o v\u0161em co souvis\u00ed s kamenem\",\"potentialAction\":[{\"@type\":\"SearchAction\",\"target\":{\"@type\":\"EntryPoint\",\"urlTemplate\":\"https:\/\/svetkamene.eu\/?s={search_term_string}\"},\"query-input\":\"required name=search_term_string\"}],\"inLanguage\":\"cs\"},{\"@type\":\"ImageObject\",\"inLanguage\":\"cs\",\"@id\":\"https:\/\/www.kurierkamieniarski.pl\/artykuly\/technologie\/773-druk-na-kamieniu-czyli-ploter-dla-kamieniarza.html#primaryimage\",\"url\":\"https:\/\/svetkamene.eu\/wp-content\/uploads\/2021\/01\/drk5a.jpg\",\"contentUrl\":\"https:\/\/svetkamene.eu\/wp-content\/uploads\/2021\/01\/drk5a.jpg\",\"width\":640,\"height\":400},{\"@type\":\"WebPage\",\"@id\":\"https:\/\/www.kurierkamieniarski.pl\/artykuly\/technologie\/773-druk-na-kamieniu-czyli-ploter-dla-kamieniarza.html#webpage\",\"url\":\"https:\/\/www.kurierkamieniarski.pl\/artykuly\/technologie\/773-druk-na-kamieniu-czyli-ploter-dla-kamieniarza.html\",\"name\":\"KAMENOTISK \u2013 PLOTTER PRO KAMEN\u00cdKA - Sv\u011bt Kamene\",\"isPartOf\":{\"@id\":\"https:\/\/svetkamene.eu\/#website\"},\"primaryImageOfPage\":{\"@id\":\"https:\/\/www.kurierkamieniarski.pl\/artykuly\/technologie\/773-druk-na-kamieniu-czyli-ploter-dla-kamieniarza.html#primaryimage\"},\"datePublished\":\"2022-06-05T11:00:00+00:00\",\"dateModified\":\"2022-06-17T14:14:02+00:00\",\"author\":{\"@id\":\"https:\/\/svetkamene.eu\/#\/schema\/person\/9796ccd50eb4bef1ae8524fac2dfbc9a\"},\"description\":\"Dok\u00e1\u017eete si p\u0159edstavit kamenn\u00fd parapet s barevn\u00fdm orient\u00e1ln\u00edm vzorem? Nebo mo\u017en\u00e1 kuchy\u0148sk\u00e9 desky nebo koupelnov\u00e9 dla\u017edice s ornamentem?\",\"breadcrumb\":{\"@id\":\"https:\/\/www.kurierkamieniarski.pl\/artykuly\/technologie\/773-druk-na-kamieniu-czyli-ploter-dla-kamieniarza.html#breadcrumb\"},\"inLanguage\":\"cs\",\"potentialAction\":[{\"@type\":\"ReadAction\",\"target\":[\"https:\/\/www.kurierkamieniarski.pl\/artykuly\/technologie\/773-druk-na-kamieniu-czyli-ploter-dla-kamieniarza.html\"]}]},{\"@type\":\"BreadcrumbList\",\"@id\":\"https:\/\/www.kurierkamieniarski.pl\/artykuly\/technologie\/773-druk-na-kamieniu-czyli-ploter-dla-kamieniarza.html#breadcrumb\",\"itemListElement\":[{\"@type\":\"ListItem\",\"position\":1,\"name\":\"Dom\u016f\",\"item\":\"https:\/\/svetkamene.eu\/\"},{\"@type\":\"ListItem\",\"position\":2,\"name\":\"KAMENOTISK \u2013 PLOTTER PRO KAMEN\u00cdKA\"}]},{\"@type\":\"Person\",\"@id\":\"https:\/\/svetkamene.eu\/#\/schema\/person\/9796ccd50eb4bef1ae8524fac2dfbc9a\",\"name\":\"Kate\u0159ina Markvartov\u00e1\",\"image\":{\"@type\":\"ImageObject\",\"inLanguage\":\"cs\",\"@id\":\"https:\/\/svetkamene.eu\/#\/schema\/person\/image\/\",\"url\":\"https:\/\/secure.gravatar.com\/avatar\/9c2d86222d8e1ce7b67da7f6ec0761a7?s=96&d=mm&r=g\",\"contentUrl\":\"https:\/\/secure.gravatar.com\/avatar\/9c2d86222d8e1ce7b67da7f6ec0761a7?s=96&d=mm&r=g\",\"caption\":\"Kate\u0159ina Markvartov\u00e1\"},\"url\":\"https:\/\/svetkamene.eu\/index.php\/author\/ka-markvartovagmail-com\/\"}]}<\/script>\n<!-- \/ Yoast SEO plugin. -->","yoast_head_json":{"title":"KAMENOTISK \u2013 PLOTTER PRO KAMEN\u00cdKA - Sv\u011bt Kamene","description":"Dok\u00e1\u017eete si p\u0159edstavit kamenn\u00fd parapet s barevn\u00fdm orient\u00e1ln\u00edm vzorem? Nebo mo\u017en\u00e1 kuchy\u0148sk\u00e9 desky nebo koupelnov\u00e9 dla\u017edice s ornamentem?","robots":{"index":"index","follow":"follow","max-snippet":"max-snippet:-1","max-image-preview":"max-image-preview:large","max-video-preview":"max-video-preview:-1"},"canonical":"https:\/\/www.kurierkamieniarski.pl\/artykuly\/technologie\/773-druk-na-kamieniu-czyli-ploter-dla-kamieniarza.html","og_locale":"cs_CZ","og_type":"article","og_title":"KAMENOTISK \u2013 PLOTTER PRO KAMEN\u00cdKA - Sv\u011bt Kamene","og_description":"Dok\u00e1\u017eete si p\u0159edstavit kamenn\u00fd parapet s barevn\u00fdm orient\u00e1ln\u00edm vzorem? Nebo mo\u017en\u00e1 kuchy\u0148sk\u00e9 desky nebo koupelnov\u00e9 dla\u017edice s ornamentem?","og_url":"https:\/\/www.kurierkamieniarski.pl\/artykuly\/technologie\/773-druk-na-kamieniu-czyli-ploter-dla-kamieniarza.html","og_site_name":"Sv\u011bt Kamene","article_published_time":"2022-06-05T11:00:00+00:00","article_modified_time":"2022-06-17T14:14:02+00:00","og_image":[{"width":640,"height":400,"url":"https:\/\/svetkamene.eu\/wp-content\/uploads\/2021\/01\/drk5a.jpg","type":"image\/jpeg"}],"twitter_card":"summary_large_image","twitter_misc":{"Napsal(a)":"Kate\u0159ina Markvartov\u00e1","Odhadovan\u00e1 doba \u010dten\u00ed":"3 minuty"},"schema":{"@context":"https:\/\/schema.org","@graph":[{"@type":"WebSite","@id":"https:\/\/svetkamene.eu\/#website","url":"https:\/\/svetkamene.eu\/","name":"Sv\u011bt Kamene","description":"Port\u00e1l informuj\u00edc\u00ed o v\u0161em co souvis\u00ed s kamenem","potentialAction":[{"@type":"SearchAction","target":{"@type":"EntryPoint","urlTemplate":"https:\/\/svetkamene.eu\/?s={search_term_string}"},"query-input":"required name=search_term_string"}],"inLanguage":"cs"},{"@type":"ImageObject","inLanguage":"cs","@id":"https:\/\/www.kurierkamieniarski.pl\/artykuly\/technologie\/773-druk-na-kamieniu-czyli-ploter-dla-kamieniarza.html#primaryimage","url":"https:\/\/svetkamene.eu\/wp-content\/uploads\/2021\/01\/drk5a.jpg","contentUrl":"https:\/\/svetkamene.eu\/wp-content\/uploads\/2021\/01\/drk5a.jpg","width":640,"height":400},{"@type":"WebPage","@id":"https:\/\/www.kurierkamieniarski.pl\/artykuly\/technologie\/773-druk-na-kamieniu-czyli-ploter-dla-kamieniarza.html#webpage","url":"https:\/\/www.kurierkamieniarski.pl\/artykuly\/technologie\/773-druk-na-kamieniu-czyli-ploter-dla-kamieniarza.html","name":"KAMENOTISK \u2013 PLOTTER PRO KAMEN\u00cdKA - Sv\u011bt Kamene","isPartOf":{"@id":"https:\/\/svetkamene.eu\/#website"},"primaryImageOfPage":{"@id":"https:\/\/www.kurierkamieniarski.pl\/artykuly\/technologie\/773-druk-na-kamieniu-czyli-ploter-dla-kamieniarza.html#primaryimage"},"datePublished":"2022-06-05T11:00:00+00:00","dateModified":"2022-06-17T14:14:02+00:00","author":{"@id":"https:\/\/svetkamene.eu\/#\/schema\/person\/9796ccd50eb4bef1ae8524fac2dfbc9a"},"description":"Dok\u00e1\u017eete si p\u0159edstavit kamenn\u00fd parapet s barevn\u00fdm orient\u00e1ln\u00edm vzorem? Nebo mo\u017en\u00e1 kuchy\u0148sk\u00e9 desky nebo koupelnov\u00e9 dla\u017edice s ornamentem?","breadcrumb":{"@id":"https:\/\/www.kurierkamieniarski.pl\/artykuly\/technologie\/773-druk-na-kamieniu-czyli-ploter-dla-kamieniarza.html#breadcrumb"},"inLanguage":"cs","potentialAction":[{"@type":"ReadAction","target":["https:\/\/www.kurierkamieniarski.pl\/artykuly\/technologie\/773-druk-na-kamieniu-czyli-ploter-dla-kamieniarza.html"]}]},{"@type":"BreadcrumbList","@id":"https:\/\/www.kurierkamieniarski.pl\/artykuly\/technologie\/773-druk-na-kamieniu-czyli-ploter-dla-kamieniarza.html#breadcrumb","itemListElement":[{"@type":"ListItem","position":1,"name":"Dom\u016f","item":"https:\/\/svetkamene.eu\/"},{"@type":"ListItem","position":2,"name":"KAMENOTISK \u2013 PLOTTER PRO KAMEN\u00cdKA"}]},{"@type":"Person","@id":"https:\/\/svetkamene.eu\/#\/schema\/person\/9796ccd50eb4bef1ae8524fac2dfbc9a","name":"Kate\u0159ina Markvartov\u00e1","image":{"@type":"ImageObject","inLanguage":"cs","@id":"https:\/\/svetkamene.eu\/#\/schema\/person\/image\/","url":"https:\/\/secure.gravatar.com\/avatar\/9c2d86222d8e1ce7b67da7f6ec0761a7?s=96&d=mm&r=g","contentUrl":"https:\/\/secure.gravatar.com\/avatar\/9c2d86222d8e1ce7b67da7f6ec0761a7?s=96&d=mm&r=g","caption":"Kate\u0159ina Markvartov\u00e1"},"url":"https:\/\/svetkamene.eu\/index.php\/author\/ka-markvartovagmail-com\/"}]}},"_links":{"self":[{"href":"https:\/\/svetkamene.eu\/index.php\/wp-json\/wp\/v2\/posts\/2206"}],"collection":[{"href":"https:\/\/svetkamene.eu\/index.php\/wp-json\/wp\/v2\/posts"}],"about":[{"href":"https:\/\/svetkamene.eu\/index.php\/wp-json\/wp\/v2\/types\/post"}],"author":[{"embeddable":true,"href":"https:\/\/svetkamene.eu\/index.php\/wp-json\/wp\/v2\/users\/13"}],"replies":[{"embeddable":true,"href":"https:\/\/svetkamene.eu\/index.php\/wp-json\/wp\/v2\/comments?post=2206"}],"version-history":[{"count":11,"href":"https:\/\/svetkamene.eu\/index.php\/wp-json\/wp\/v2\/posts\/2206\/revisions"}],"predecessor-version":[{"id":8574,"href":"https:\/\/svetkamene.eu\/index.php\/wp-json\/wp\/v2\/posts\/2206\/revisions\/8574"}],"wp:featuredmedia":[{"embeddable":true,"href":"https:\/\/svetkamene.eu\/index.php\/wp-json\/wp\/v2\/media\/2208"}],"wp:attachment":[{"href":"https:\/\/svetkamene.eu\/index.php\/wp-json\/wp\/v2\/media?parent=2206"}],"wp:term":[{"taxonomy":"category","embeddable":true,"href":"https:\/\/svetkamene.eu\/index.php\/wp-json\/wp\/v2\/categories?post=2206"},{"taxonomy":"post_tag","embeddable":true,"href":"https:\/\/svetkamene.eu\/index.php\/wp-json\/wp\/v2\/tags?post=2206"}],"curies":[{"name":"wp","href":"https:\/\/api.w.org\/{rel}","templated":true}]}}