{"id":1632,"date":"2020-06-13T01:43:00","date_gmt":"2020-06-12T23:43:00","guid":{"rendered":"https:\/\/beta.svetkamene.eu\/?p=1632"},"modified":"2021-02-09T00:28:37","modified_gmt":"2021-02-08T23:28:37","slug":"krajem-kameniku-na-ricansku-cast-7-a-malsin","status":"publish","type":"post","link":"https:\/\/svetkamene.eu\/index.php\/cs\/2020\/06\/13\/krajem-kameniku-na-ricansku-cast-7-a-malsin\/","title":{"rendered":"Krajem kamen\u00edk\u016f na \u0158\u00ed\u010dansku \u2013 Alda\u0161\u00edn, 1.&nbsp;d\u00edl"},"content":{"rendered":"\n<p>V\u00fdchodn\u011b od Jevan uprost\u0159ed hlubok\u00fdch les\u016f st\u00e1vala obec, p\u016fvodn\u011b pasteveck\u00e1 osada Alda\u0161\u00edn, o&nbsp;jej\u00edm\u017e n\u00e1zvu existuj\u00ed dv\u011b hypot\u00e9zy. Prvn\u00ed vych\u00e1z\u00ed ze jm\u00e9na jej\u00edho zakladatele Uda\u0161e (Udajsi), druh\u00e1 ze spojen\u00ed dvou n\u011bmeck\u00fdch slov Wald (les) a&nbsp;Asche (popel) \u2013 pr\u00fd podle popelnicov\u00fdch hrob\u016f star\u00e9ho os\u00eddlen\u00ed. V&nbsp;roce 1729 v\u0161ak byl na m\u00edst\u011b star\u00e9ho kostela vystav\u011bn nov\u00fd, zasv\u011bcen\u00fd sv.&nbsp;Ji\u0159\u00ed, za finan\u010dn\u00ed podpory tehdej\u0161\u00ed majitelky \u010dernokosteleck\u00e9ho panstv\u00ed Marie Terezie Savojsk\u00e9 z&nbsp;Lichtensteinu.<\/p>\n\n\n\n<p>Geolog\u016fm a&nbsp;obdivovatel\u016fm kamene jist\u011b neujde pozornosti m\u00edstn\u00ed h\u0159bitov, bezpochyby jeden z&nbsp;nejmalebn\u011bj\u0161\u00edch, pokud to lze o&nbsp;h\u0159bitov\u011b \u0159\u00edci, v&nbsp;\u010cesk\u00e9 republice. A\u010dkoli se nach\u00e1z\u00edme v&nbsp;\u017eulov\u00e9m kraji, n\u00e1hrobn\u00ed kameny jsou vytvo\u0159eny z&nbsp;r\u016fzn\u00fdch druh\u016f hornin. Nejbl\u00ed\u017ee kostelu p\u0159evl\u00e1daj\u00ed star\u00e9 p\u00edskovcov\u00e9 n\u00e1hrobky z&nbsp;19.&nbsp;a&nbsp;za\u010d\u00e1tku 20.&nbsp;stolet\u00ed. P\u00edskovec je bu\u010f drobn\u011b zrnit\u00fd, b\u00e9\u017eov\u00fd nebo ark\u00f3zov\u00fd na\u010dervenal\u00fd permokarbonsk\u00fd, pravd\u011bpodobn\u011b z&nbsp;okol\u00ed \u010cesk\u00e9ho Brodu. P\u00edskovce se nejl\u00e9pe opracov\u00e1valy do um\u011bleck\u00fdch tvar\u016f, kter\u00e9 v&nbsp;t\u00e9 dob\u011b zdobily v\u011bt\u0161inu n\u00e1hrobk\u016f. Ze st\u0159edn\u011b zrnit\u00e9ho sv\u011btl\u00e9ho granitu (amfibol biotitick\u00e9ho granodioritu?) je skromn\u00fd hrob \u2013 v&nbsp;podstat\u011b jen neopracovan\u00fd k\u00e1men \u2013 biskupa pra\u017esk\u00e9ho Jana Lebedy (1913\u20131991).<\/p>\n\n\n\n<figure class=\"wp-container-2 wp-block-gallery-1 wp-block-gallery aligncenter columns-1 is-cropped\"><ul class=\"blocks-gallery-grid\"><li class=\"blocks-gallery-item\"><figure><img loading=\"lazy\" width=\"768\" height=\"1024\" src=\"https:\/\/beta.svetkamene.eu\/wp-content\/uploads\/2021\/02\/stela_z_vepicke_zuly_na_hrobe-768x1024-2.png\" alt=\"\" data-id=\"3231\" data-full-url=\"https:\/\/beta.svetkamene.eu\/wp-content\/uploads\/2021\/02\/stela_z_vepicke_zuly_na_hrobe-768x1024-2.png\" data-link=\"https:\/\/beta.svetkamene.eu\/index.php\/2020\/06\/13\/krajem-kameniku-na-ricansku-cast-7-a-malsin\/stela_z_vepicke_zuly_na_hrobe-768x1024-2\/\" class=\"wp-image-3231\" srcset=\"https:\/\/svetkamene.eu\/wp-content\/uploads\/2021\/02\/stela_z_vepicke_zuly_na_hrobe-768x1024-2.png 768w, https:\/\/svetkamene.eu\/wp-content\/uploads\/2021\/02\/stela_z_vepicke_zuly_na_hrobe-768x1024-2-225x300.png 225w\" sizes=\"(max-width: 768px) 100vw, 768px\" \/><\/figure><\/li><\/ul><figcaption class=\"blocks-gallery-caption\"><em>Foto 9: St\u00e9la z&nbsp;vepick\u00e9 \u017euly na hrob\u011b dokumentaristy <\/em><br><em>J. \u0160p\u00e1ty od akademick\u00e9ho socha\u0159e Z. H\u016fly.<br>Foto: B. Dud\u00edkov\u00e1 Schulmannov\u00e1, 2016.<\/em><\/figcaption><\/figure>\n\n\n\n<div style=\"height:26px\" aria-hidden=\"true\" class=\"wp-block-spacer\"><\/div>\n\n\n\n<p>Alda\u0161\u00ednsk\u00fd h\u0159bitov je posledn\u00edm odpo\u010dinkem dal\u0161\u00edch v\u00fdznamn\u00fdch osobnost\u00ed. St\u00e9lu z&nbsp;porfyrick\u00e9 vepick\u00e9 \u017euly (amfibol-biotitick\u00fd melagranit a\u017e k\u0159emenn\u00fd syenit typu \u010certovo b\u0159emeno) od socha\u0159e a&nbsp;mal\u00ed\u0159e <br>Zdenka H\u016fly m\u00e1 na sv\u00e9m hrob\u011b dokumentarista a&nbsp;kameraman <br>Jan \u0160p\u00e1ta (1932\u20132006), hudebn\u00ed skladatel Karel Svoboda (1938\u20132007) m\u00e1 n\u00e1hrobek z&nbsp;r\u016f\u017eov\u00e9ho usm\u011brn\u011bn\u00e9ho granitoidu ciz\u00ed provenience, stejn\u011b tak jako na hrob\u011b jeho rodi\u010d\u016f, bratra a&nbsp;dcery Kl\u00e1rky je zelenav\u00e1 le\u0161t\u011bn\u00e1 usm\u011brn\u011bn\u00e1 granitoidn\u00ed hornina dovezen\u00e1 ze zahrani\u010d\u00ed.<\/p>\n\n\n\n<div style=\"height:26px\" aria-hidden=\"true\" class=\"wp-block-spacer\"><\/div>\n\n\n\n<p><em>Pro Sv\u011bt kamene poskytl autor: RNDr. Barbora Dud\u00edkov\u00e1 Schulmannov\u00e1<\/em><\/p>\n","protected":false},"excerpt":{"rendered":"<p>V\u00fdchodn\u011b od Jevan uprost\u0159ed hlubok\u00fdch les\u016f st\u00e1vala obec, p\u016fvodn\u011b pasteveck\u00e1 osada Alda\u0161\u00edn, o&nbsp;jej\u00edm\u017e n\u00e1zvu existuj\u00ed&#8230;<\/p>\n","protected":false},"author":1,"featured_media":1634,"comment_status":"closed","ping_status":"closed","sticky":false,"template":"","format":"standard","meta":{"ngg_post_thumbnail":0},"categories":[380,336],"tags":[479,482,478,481,480,469,434,476,439],"yoast_head":"<!-- This site is optimized with the Yoast SEO plugin v19.1 - https:\/\/yoast.com\/wordpress\/plugins\/seo\/ -->\n<title>Krajem kamen\u00edk\u016f na \u0158\u00ed\u010dansku \u2013 Alda\u0161\u00edn, 1. d\u00edl - Sv\u011bt Kamene<\/title>\n<meta name=\"robots\" content=\"index, follow, max-snippet:-1, max-image-preview:large, max-video-preview:-1\" \/>\n<link rel=\"canonical\" href=\"https:\/\/svetkamene.eu\/index.php\/cs\/2020\/06\/13\/krajem-kameniku-na-ricansku-cast-7-a-malsin\/\" \/>\n<meta property=\"og:locale\" content=\"cs_CZ\" \/>\n<meta property=\"og:type\" content=\"article\" \/>\n<meta property=\"og:title\" content=\"Krajem kamen\u00edk\u016f na \u0158\u00ed\u010dansku \u2013 Alda\u0161\u00edn, 1. d\u00edl - Sv\u011bt Kamene\" \/>\n<meta property=\"og:description\" content=\"V\u00fdchodn\u011b od Jevan uprost\u0159ed hlubok\u00fdch les\u016f st\u00e1vala obec, p\u016fvodn\u011b pasteveck\u00e1 osada Alda\u0161\u00edn, o&nbsp;jej\u00edm\u017e n\u00e1zvu existuj\u00ed...\" \/>\n<meta property=\"og:url\" content=\"https:\/\/svetkamene.eu\/index.php\/cs\/2020\/06\/13\/krajem-kameniku-na-ricansku-cast-7-a-malsin\/\" \/>\n<meta property=\"og:site_name\" content=\"Sv\u011bt Kamene\" \/>\n<meta property=\"article:published_time\" content=\"2020-06-12T23:43:00+00:00\" \/>\n<meta property=\"article:modified_time\" content=\"2021-02-08T23:28:37+00:00\" \/>\n<meta property=\"og:image\" content=\"https:\/\/svetkamene.eu\/wp-content\/uploads\/2020\/06\/hrobka_rodiny_hendrichovy_a_borovickovy.png\" \/>\n\t<meta property=\"og:image:width\" content=\"945\" \/>\n\t<meta property=\"og:image:height\" content=\"709\" \/>\n\t<meta property=\"og:image:type\" content=\"image\/png\" \/>\n<meta name=\"twitter:card\" content=\"summary_large_image\" \/>\n<meta name=\"twitter:label1\" content=\"Napsal(a)\" \/>\n\t<meta name=\"twitter:data1\" content=\"admin\" \/>\n\t<meta name=\"twitter:label2\" content=\"Odhadovan\u00e1 doba \u010dten\u00ed\" \/>\n\t<meta name=\"twitter:data2\" content=\"2 minuty\" \/>\n<script type=\"application\/ld+json\" class=\"yoast-schema-graph\">{\"@context\":\"https:\/\/schema.org\",\"@graph\":[{\"@type\":\"WebSite\",\"@id\":\"https:\/\/svetkamene.eu\/#website\",\"url\":\"https:\/\/svetkamene.eu\/\",\"name\":\"Sv\u011bt Kamene\",\"description\":\"Port\u00e1l informuj\u00edc\u00ed o v\u0161em co souvis\u00ed s kamenem\",\"potentialAction\":[{\"@type\":\"SearchAction\",\"target\":{\"@type\":\"EntryPoint\",\"urlTemplate\":\"https:\/\/svetkamene.eu\/?s={search_term_string}\"},\"query-input\":\"required name=search_term_string\"}],\"inLanguage\":\"cs\"},{\"@type\":\"ImageObject\",\"inLanguage\":\"cs\",\"@id\":\"https:\/\/svetkamene.eu\/index.php\/cs\/2020\/06\/13\/krajem-kameniku-na-ricansku-cast-7-a-malsin\/#primaryimage\",\"url\":\"https:\/\/svetkamene.eu\/wp-content\/uploads\/2020\/06\/hrobka_rodiny_hendrichovy_a_borovickovy.png\",\"contentUrl\":\"https:\/\/svetkamene.eu\/wp-content\/uploads\/2020\/06\/hrobka_rodiny_hendrichovy_a_borovickovy.png\",\"width\":945,\"height\":709,\"caption\":\"Hrobka rodiny Hendrichovy a Borovi\u010dkovy s mramorovou sochou od socha\u0159e J. \u010cerva.\"},{\"@type\":\"WebPage\",\"@id\":\"https:\/\/svetkamene.eu\/index.php\/cs\/2020\/06\/13\/krajem-kameniku-na-ricansku-cast-7-a-malsin\/#webpage\",\"url\":\"https:\/\/svetkamene.eu\/index.php\/cs\/2020\/06\/13\/krajem-kameniku-na-ricansku-cast-7-a-malsin\/\",\"name\":\"Krajem kamen\u00edk\u016f na \u0158\u00ed\u010dansku \u2013 Alda\u0161\u00edn, 1. d\u00edl - Sv\u011bt Kamene\",\"isPartOf\":{\"@id\":\"https:\/\/svetkamene.eu\/#website\"},\"primaryImageOfPage\":{\"@id\":\"https:\/\/svetkamene.eu\/index.php\/cs\/2020\/06\/13\/krajem-kameniku-na-ricansku-cast-7-a-malsin\/#primaryimage\"},\"datePublished\":\"2020-06-12T23:43:00+00:00\",\"dateModified\":\"2021-02-08T23:28:37+00:00\",\"author\":{\"@id\":\"https:\/\/svetkamene.eu\/#\/schema\/person\/b2651ce091933b9bdf5def0f94de46da\"},\"breadcrumb\":{\"@id\":\"https:\/\/svetkamene.eu\/index.php\/cs\/2020\/06\/13\/krajem-kameniku-na-ricansku-cast-7-a-malsin\/#breadcrumb\"},\"inLanguage\":\"cs\",\"potentialAction\":[{\"@type\":\"ReadAction\",\"target\":[\"https:\/\/svetkamene.eu\/index.php\/cs\/2020\/06\/13\/krajem-kameniku-na-ricansku-cast-7-a-malsin\/\"]}]},{\"@type\":\"BreadcrumbList\",\"@id\":\"https:\/\/svetkamene.eu\/index.php\/cs\/2020\/06\/13\/krajem-kameniku-na-ricansku-cast-7-a-malsin\/#breadcrumb\",\"itemListElement\":[{\"@type\":\"ListItem\",\"position\":1,\"name\":\"Dom\u016f\",\"item\":\"https:\/\/svetkamene.eu\/\"},{\"@type\":\"ListItem\",\"position\":2,\"name\":\"Krajem kamen\u00edk\u016f na \u0158\u00ed\u010dansku \u2013 Alda\u0161\u00edn, 1.&nbsp;d\u00edl\"}]},{\"@type\":\"Person\",\"@id\":\"https:\/\/svetkamene.eu\/#\/schema\/person\/b2651ce091933b9bdf5def0f94de46da\",\"name\":\"admin\",\"image\":{\"@type\":\"ImageObject\",\"inLanguage\":\"cs\",\"@id\":\"https:\/\/svetkamene.eu\/#\/schema\/person\/image\/\",\"url\":\"https:\/\/secure.gravatar.com\/avatar\/a0c3b4d0a2dc7b846eed073118b46aa4?s=96&d=mm&r=g\",\"contentUrl\":\"https:\/\/secure.gravatar.com\/avatar\/a0c3b4d0a2dc7b846eed073118b46aa4?s=96&d=mm&r=g\",\"caption\":\"admin\"},\"description\":\"Redakce Sv\u011bta Kamene\",\"url\":\"https:\/\/svetkamene.eu\/index.php\/author\/admin\/\"}]}<\/script>\n<!-- \/ Yoast SEO plugin. -->","yoast_head_json":{"title":"Krajem kamen\u00edk\u016f na \u0158\u00ed\u010dansku \u2013 Alda\u0161\u00edn, 1. d\u00edl - Sv\u011bt Kamene","robots":{"index":"index","follow":"follow","max-snippet":"max-snippet:-1","max-image-preview":"max-image-preview:large","max-video-preview":"max-video-preview:-1"},"canonical":"https:\/\/svetkamene.eu\/index.php\/cs\/2020\/06\/13\/krajem-kameniku-na-ricansku-cast-7-a-malsin\/","og_locale":"cs_CZ","og_type":"article","og_title":"Krajem kamen\u00edk\u016f na \u0158\u00ed\u010dansku \u2013 Alda\u0161\u00edn, 1. d\u00edl - Sv\u011bt Kamene","og_description":"V\u00fdchodn\u011b od Jevan uprost\u0159ed hlubok\u00fdch les\u016f st\u00e1vala obec, p\u016fvodn\u011b pasteveck\u00e1 osada Alda\u0161\u00edn, o&nbsp;jej\u00edm\u017e n\u00e1zvu existuj\u00ed...","og_url":"https:\/\/svetkamene.eu\/index.php\/cs\/2020\/06\/13\/krajem-kameniku-na-ricansku-cast-7-a-malsin\/","og_site_name":"Sv\u011bt Kamene","article_published_time":"2020-06-12T23:43:00+00:00","article_modified_time":"2021-02-08T23:28:37+00:00","og_image":[{"width":945,"height":709,"url":"https:\/\/svetkamene.eu\/wp-content\/uploads\/2020\/06\/hrobka_rodiny_hendrichovy_a_borovickovy.png","type":"image\/png"}],"twitter_card":"summary_large_image","twitter_misc":{"Napsal(a)":"admin","Odhadovan\u00e1 doba \u010dten\u00ed":"2 minuty"},"schema":{"@context":"https:\/\/schema.org","@graph":[{"@type":"WebSite","@id":"https:\/\/svetkamene.eu\/#website","url":"https:\/\/svetkamene.eu\/","name":"Sv\u011bt Kamene","description":"Port\u00e1l informuj\u00edc\u00ed o v\u0161em co souvis\u00ed s kamenem","potentialAction":[{"@type":"SearchAction","target":{"@type":"EntryPoint","urlTemplate":"https:\/\/svetkamene.eu\/?s={search_term_string}"},"query-input":"required name=search_term_string"}],"inLanguage":"cs"},{"@type":"ImageObject","inLanguage":"cs","@id":"https:\/\/svetkamene.eu\/index.php\/cs\/2020\/06\/13\/krajem-kameniku-na-ricansku-cast-7-a-malsin\/#primaryimage","url":"https:\/\/svetkamene.eu\/wp-content\/uploads\/2020\/06\/hrobka_rodiny_hendrichovy_a_borovickovy.png","contentUrl":"https:\/\/svetkamene.eu\/wp-content\/uploads\/2020\/06\/hrobka_rodiny_hendrichovy_a_borovickovy.png","width":945,"height":709,"caption":"Hrobka rodiny Hendrichovy a Borovi\u010dkovy s mramorovou sochou od socha\u0159e J. \u010cerva."},{"@type":"WebPage","@id":"https:\/\/svetkamene.eu\/index.php\/cs\/2020\/06\/13\/krajem-kameniku-na-ricansku-cast-7-a-malsin\/#webpage","url":"https:\/\/svetkamene.eu\/index.php\/cs\/2020\/06\/13\/krajem-kameniku-na-ricansku-cast-7-a-malsin\/","name":"Krajem kamen\u00edk\u016f na \u0158\u00ed\u010dansku \u2013 Alda\u0161\u00edn, 1. d\u00edl - Sv\u011bt Kamene","isPartOf":{"@id":"https:\/\/svetkamene.eu\/#website"},"primaryImageOfPage":{"@id":"https:\/\/svetkamene.eu\/index.php\/cs\/2020\/06\/13\/krajem-kameniku-na-ricansku-cast-7-a-malsin\/#primaryimage"},"datePublished":"2020-06-12T23:43:00+00:00","dateModified":"2021-02-08T23:28:37+00:00","author":{"@id":"https:\/\/svetkamene.eu\/#\/schema\/person\/b2651ce091933b9bdf5def0f94de46da"},"breadcrumb":{"@id":"https:\/\/svetkamene.eu\/index.php\/cs\/2020\/06\/13\/krajem-kameniku-na-ricansku-cast-7-a-malsin\/#breadcrumb"},"inLanguage":"cs","potentialAction":[{"@type":"ReadAction","target":["https:\/\/svetkamene.eu\/index.php\/cs\/2020\/06\/13\/krajem-kameniku-na-ricansku-cast-7-a-malsin\/"]}]},{"@type":"BreadcrumbList","@id":"https:\/\/svetkamene.eu\/index.php\/cs\/2020\/06\/13\/krajem-kameniku-na-ricansku-cast-7-a-malsin\/#breadcrumb","itemListElement":[{"@type":"ListItem","position":1,"name":"Dom\u016f","item":"https:\/\/svetkamene.eu\/"},{"@type":"ListItem","position":2,"name":"Krajem kamen\u00edk\u016f na \u0158\u00ed\u010dansku \u2013 Alda\u0161\u00edn, 1.&nbsp;d\u00edl"}]},{"@type":"Person","@id":"https:\/\/svetkamene.eu\/#\/schema\/person\/b2651ce091933b9bdf5def0f94de46da","name":"admin","image":{"@type":"ImageObject","inLanguage":"cs","@id":"https:\/\/svetkamene.eu\/#\/schema\/person\/image\/","url":"https:\/\/secure.gravatar.com\/avatar\/a0c3b4d0a2dc7b846eed073118b46aa4?s=96&d=mm&r=g","contentUrl":"https:\/\/secure.gravatar.com\/avatar\/a0c3b4d0a2dc7b846eed073118b46aa4?s=96&d=mm&r=g","caption":"admin"},"description":"Redakce Sv\u011bta Kamene","url":"https:\/\/svetkamene.eu\/index.php\/author\/admin\/"}]}},"_links":{"self":[{"href":"https:\/\/svetkamene.eu\/index.php\/wp-json\/wp\/v2\/posts\/1632"}],"collection":[{"href":"https:\/\/svetkamene.eu\/index.php\/wp-json\/wp\/v2\/posts"}],"about":[{"href":"https:\/\/svetkamene.eu\/index.php\/wp-json\/wp\/v2\/types\/post"}],"author":[{"embeddable":true,"href":"https:\/\/svetkamene.eu\/index.php\/wp-json\/wp\/v2\/users\/1"}],"replies":[{"embeddable":true,"href":"https:\/\/svetkamene.eu\/index.php\/wp-json\/wp\/v2\/comments?post=1632"}],"version-history":[{"count":14,"href":"https:\/\/svetkamene.eu\/index.php\/wp-json\/wp\/v2\/posts\/1632\/revisions"}],"predecessor-version":[{"id":3293,"href":"https:\/\/svetkamene.eu\/index.php\/wp-json\/wp\/v2\/posts\/1632\/revisions\/3293"}],"wp:featuredmedia":[{"embeddable":true,"href":"https:\/\/svetkamene.eu\/index.php\/wp-json\/wp\/v2\/media\/1634"}],"wp:attachment":[{"href":"https:\/\/svetkamene.eu\/index.php\/wp-json\/wp\/v2\/media?parent=1632"}],"wp:term":[{"taxonomy":"category","embeddable":true,"href":"https:\/\/svetkamene.eu\/index.php\/wp-json\/wp\/v2\/categories?post=1632"},{"taxonomy":"post_tag","embeddable":true,"href":"https:\/\/svetkamene.eu\/index.php\/wp-json\/wp\/v2\/tags?post=1632"}],"curies":[{"name":"wp","href":"https:\/\/api.w.org\/{rel}","templated":true}]}}