{"id":1602,"date":"2020-05-23T15:00:00","date_gmt":"2020-05-23T13:00:00","guid":{"rendered":"https:\/\/beta.svetkamene.eu\/?p=1602"},"modified":"2021-02-09T00:23:53","modified_gmt":"2021-02-08T23:23:53","slug":"krajem-kameniku-na-ricansku-cast-6-b-lesni-potok","status":"publish","type":"post","link":"https:\/\/svetkamene.eu\/index.php\/cs\/2020\/05\/23\/krajem-kameniku-na-ricansku-cast-6-b-lesni-potok\/","title":{"rendered":"Krajem kamen\u00edk\u016f na \u0158\u00ed\u010dansku \u2013 Lesn\u00ed potok, 1.&nbsp;d\u00edl"},"content":{"rendered":"\n<p><strong>Od roku 2011 je m\u011brn\u00fd p\u0159eliv Lesn\u00edho potoka vybaven ultrazvukov\u00fdm \u010didlem m\u011b\u0159\u00edc\u00edm pr\u016ftok, teplotu vody a&nbsp;konduktivitu stanice firmy Fiedler-M\u00e1gr umo\u017e\u0148uje z\u00edskan\u00e1 data odes\u00edlat ve zvolen\u00fdch intervalech a&nbsp;prohl\u00ed\u017eet prost\u0159ednictv\u00edm internetu. V&nbsp;nedalek\u00e9m objektu \u0161koln\u00edho lesn\u00edho podniku se nach\u00e1z\u00ed stejn\u00e1 stanice firmy Fiedler-M\u00e1gr zaznamen\u00e1vaj\u00edc\u00ed od roku 2008 intenzitu sr\u00e1\u017eek v&nbsp;\u010dase, a&nbsp;tak\u00e9 teplotu a&nbsp;vlhkost vzduchu. V&nbsp;m\u00edst\u011b m\u011brn\u00e9ho p\u0159elivu jsou odeb\u00edr\u00e1ny vzorky povrchov\u00fdch vod k&nbsp;analytick\u00e9mu zpracov\u00e1n\u00ed v&nbsp;laborato\u0159i.<\/strong><\/p>\n\n\n\n<div style=\"height:29px\" aria-hidden=\"true\" class=\"wp-block-spacer\"><\/div>\n\n\n\n<p>K odb\u011bru sr\u00e1\u017eek na voln\u00e9 plo\u0161e jsou vyu\u017e\u00edv\u00e1ny odb\u011br\u00e1ky typu VOSS (vertik\u00e1ln\u00ed odb\u011br\u00e1k sr\u00e1\u017eek spadl\u00fdch) vyvinut\u00e9 \u010ceskou geologickou slu\u017ebou a&nbsp;pou\u017e\u00edvan\u00e9 v&nbsp;cel\u00e9 s\u00edti GEOMON. Zde konkr\u00e9tn\u011b prob\u00edh\u00e1 odb\u011br tzv.&nbsp;podkorunov\u00fdch sr\u00e1\u017eek v&nbsp;listnat\u00e9m porostu. Odb\u011brov\u00e1 za\u0159\u00edzen\u00ed se sklen\u011bn\u00fdmi ku\u017eely nepat\u0159\u00ed do s\u00edt\u011b GEOMON a&nbsp;slou\u017e\u00ed k&nbsp;tomu, aby se zabr\u00e1nilo zachycen\u00ed list\u016f \u010di&nbsp;jehlic, kter\u00e9 by n\u00e1sledn\u011b modifikovaly slo\u017een\u00ed sr\u00e1\u017eek. Dal\u0161\u00edm odb\u011brov\u00fdm za\u0159\u00edzen\u00edm ze s\u00ed\u0165oviny je odb\u011br\u00e1k tzv.&nbsp;opadu, tj.&nbsp;list\u00ed nebo jehlic. N\u011bkter\u00e9 prvky jsou toti\u017e deponov\u00e1ny p\u0159ednostn\u011b t\u00edmto zp\u016fsobem. Pobl\u00ed\u017e m\u011brn\u00e9ho p\u0159epadu se nach\u00e1z\u00ed 5&nbsp;m hlubok\u00fd vrt vystrojen\u00fd inertn\u00edm materi\u00e1lem s&nbsp;perforac\u00ed v&nbsp;doln\u00edch 0,5&nbsp;m. Tento vrt je vyu\u017e\u00edv\u00e1n pro vzorkov\u00e1n\u00ed m\u011blk\u00e9 podpovrchov\u00e9 vody a&nbsp;je v&nbsp;n\u011bm kontinu\u00e1ln\u011b m\u011b\u0159ena hladina podzemn\u00ed vody.<\/p>\n\n\n\n<figure class=\"wp-block-image size-large\"><img loading=\"lazy\" width=\"945\" height=\"630\" src=\"https:\/\/beta.svetkamene.eu\/wp-content\/uploads\/2020\/06\/thompsonuv_prepad_foto_7.png\" alt=\"\" class=\"wp-image-1604\" srcset=\"https:\/\/svetkamene.eu\/wp-content\/uploads\/2020\/06\/thompsonuv_prepad_foto_7.png 945w, https:\/\/svetkamene.eu\/wp-content\/uploads\/2020\/06\/thompsonuv_prepad_foto_7-300x200.png 300w, https:\/\/svetkamene.eu\/wp-content\/uploads\/2020\/06\/thompsonuv_prepad_foto_7-768x512.png 768w\" sizes=\"(max-width: 945px) 100vw, 945px\" \/><figcaption><em>Obr.<strong> 7: <\/strong>Thomson\u016fv p\u0159epad povod\u00ed Lesn\u00ed potok, limnigrafick\u00e9 stanice <\/em><br><em>a odb\u011br\u00e1ky podkorunov\u00fdch sr\u00e1\u017eek. <br>Foto: T. Navr\u00e1til, 2016. <\/em><\/figcaption><\/figure>\n\n\n\n<p>Jednou m\u011bs\u00ed\u010dn\u011b jsou tedy sou\u010dasn\u011b odebr\u00e1ny nashrom\u00e1\u017ed\u011bn\u00e9 vzorky sr\u00e1\u017eek a&nbsp;jednor\u00e1zov\u011b je odebr\u00e1n vzorek povrchov\u00e9 vody k&nbsp;n\u00e1sledn\u00e9 chemick\u00e9 anal\u00fdze. T\u00edmto zp\u016fsobem sledov\u00e1n\u00ed vod bylo mo\u017en\u00e9 zaznamenat nap\u0159\u00edklad v\u00fdznamn\u00e9 zlep\u0161en\u00ed kvality \u017eivotn\u00edho prost\u0159ed\u00ed ve st\u0159edn\u00edch \u010cech\u00e1ch od roku 1994. Pr\u016fm\u011brn\u00e9 ro\u010dn\u00ed pH&nbsp;sr\u00e1\u017eek na voln\u00e9 plo\u0161e v&nbsp;okol\u00ed povod\u00ed Lesn\u00ed potok v&nbsp;roce 1994 dosahovalo 4,2 (GRAF). Vzhledem ke sn\u00ed\u017een\u00ed atmosf\u00e9rick\u00fdch emis\u00ed slou\u010denin s\u00edry a&nbsp;dus\u00edku procesem odsi\u0159ov\u00e1n\u00ed se v&nbsp;roce 2015 pr\u016fm\u011brn\u00e1 hodnota pH&nbsp;sr\u00e1\u017eek zv\u00fd\u0161ila a\u017e na 5,2. Pokles pH&nbsp;byl d\u016fsledkem sn\u00ed\u017een\u00ed koncentrace s\u00edranov\u00fdch aniont\u016f ve sr\u00e1\u017ek\u00e1ch na voln\u00e9 plo\u0161e v&nbsp;obdob\u00ed od 1994 do 2015. Pokud srovn\u00e1me koncentraci z&nbsp;roku 1994 p\u0159es 4 mg\/l s&nbsp;koncentrac\u00ed v&nbsp;roce 2015 pod 2 mg\/l, jedn\u00e1 se o&nbsp;v\u00edce ne\u017e 50% pokles. U&nbsp;dusi\u010dnanov\u00fdch aniont\u016f byl pokles daleko m\u00e9n\u011b v\u00fdznamn\u00fd zejm\u00e9na vzhledem k&nbsp;tomu, \u017ee zna\u010dn\u00e1 \u010d\u00e1st emis\u00ed dus\u00edku poch\u00e1z\u00ed z&nbsp;jin\u00fdch zdroj\u016f ne\u017e s\u00edra. V\u00fdznamn\u00fdmi zdroji emis\u00ed dus\u00edku jsou naftov\u00e9 spalovac\u00ed motory nebo zem\u011bd\u011blstv\u00ed.<\/p>\n\n\n\n<figure class=\"wp-block-image size-large\"><img loading=\"lazy\" width=\"460\" height=\"250\" src=\"https:\/\/beta.svetkamene.eu\/wp-content\/uploads\/2020\/06\/ph_srazek_obr4.png\" alt=\"\" class=\"wp-image-1605\" srcset=\"https:\/\/svetkamene.eu\/wp-content\/uploads\/2020\/06\/ph_srazek_obr4.png 460w, https:\/\/svetkamene.eu\/wp-content\/uploads\/2020\/06\/ph_srazek_obr4-300x163.png 300w\" sizes=\"(max-width: 460px) 100vw, 460px\" \/><figcaption><em>Obr. 4:<strong> <\/strong>Pr\u016fm\u011brn\u00e1 ro\u010dn\u00ed hodnota pH&nbsp;sr\u00e1\u017eek na voln\u00e9 plo\u0161e povod\u00ed Lesn\u00ed potok.<\/em> <\/figcaption><\/figure>\n\n\n\n<div style=\"height:25px\" aria-hidden=\"true\" class=\"wp-block-spacer\"><\/div>\n\n\n\n<p><em>Pro Sv\u011bt kamene poskytl autor: RNDr. Barbora Dud\u00edkov\u00e1 Schulmannov\u00e1<\/em><\/p>\n","protected":false},"excerpt":{"rendered":"<p>Od roku 2011 je m\u011brn\u00fd p\u0159eliv Lesn\u00edho potoka vybaven ultrazvukov\u00fdm \u010didlem m\u011b\u0159\u00edc\u00edm pr\u016ftok, teplotu vody&#8230;<\/p>\n","protected":false},"author":1,"featured_media":1604,"comment_status":"closed","ping_status":"closed","sticky":false,"template":"","format":"standard","meta":{"ngg_post_thumbnail":0},"categories":[364,336],"tags":[469,434,459,439],"yoast_head":"<!-- This site is optimized with the Yoast SEO plugin v19.1 - https:\/\/yoast.com\/wordpress\/plugins\/seo\/ -->\n<title>Krajem kamen\u00edk\u016f na \u0158\u00ed\u010dansku \u2013 Lesn\u00ed potok, 1. d\u00edl - Sv\u011bt Kamene<\/title>\n<meta name=\"robots\" content=\"index, follow, max-snippet:-1, max-image-preview:large, max-video-preview:-1\" \/>\n<link rel=\"canonical\" href=\"https:\/\/svetkamene.eu\/index.php\/cs\/2020\/05\/23\/krajem-kameniku-na-ricansku-cast-6-b-lesni-potok\/\" \/>\n<meta property=\"og:locale\" content=\"cs_CZ\" \/>\n<meta property=\"og:type\" content=\"article\" \/>\n<meta property=\"og:title\" content=\"Krajem kamen\u00edk\u016f na \u0158\u00ed\u010dansku \u2013 Lesn\u00ed potok, 1. d\u00edl - Sv\u011bt Kamene\" \/>\n<meta property=\"og:description\" content=\"Od roku 2011 je m\u011brn\u00fd p\u0159eliv Lesn\u00edho potoka vybaven ultrazvukov\u00fdm \u010didlem m\u011b\u0159\u00edc\u00edm pr\u016ftok, teplotu vody...\" \/>\n<meta property=\"og:url\" content=\"https:\/\/svetkamene.eu\/index.php\/cs\/2020\/05\/23\/krajem-kameniku-na-ricansku-cast-6-b-lesni-potok\/\" \/>\n<meta property=\"og:site_name\" content=\"Sv\u011bt Kamene\" \/>\n<meta property=\"article:published_time\" content=\"2020-05-23T13:00:00+00:00\" \/>\n<meta property=\"article:modified_time\" content=\"2021-02-08T23:23:53+00:00\" \/>\n<meta property=\"og:image\" content=\"https:\/\/svetkamene.eu\/wp-content\/uploads\/2020\/06\/thompsonuv_prepad_foto_7.png\" \/>\n\t<meta property=\"og:image:width\" content=\"945\" \/>\n\t<meta property=\"og:image:height\" content=\"630\" \/>\n\t<meta property=\"og:image:type\" content=\"image\/png\" \/>\n<meta name=\"twitter:card\" content=\"summary_large_image\" \/>\n<meta name=\"twitter:label1\" content=\"Napsal(a)\" \/>\n\t<meta name=\"twitter:data1\" content=\"admin\" \/>\n\t<meta name=\"twitter:label2\" content=\"Odhadovan\u00e1 doba \u010dten\u00ed\" \/>\n\t<meta name=\"twitter:data2\" content=\"3 minuty\" \/>\n<script type=\"application\/ld+json\" class=\"yoast-schema-graph\">{\"@context\":\"https:\/\/schema.org\",\"@graph\":[{\"@type\":\"WebSite\",\"@id\":\"https:\/\/svetkamene.eu\/#website\",\"url\":\"https:\/\/svetkamene.eu\/\",\"name\":\"Sv\u011bt Kamene\",\"description\":\"Port\u00e1l informuj\u00edc\u00ed o v\u0161em co souvis\u00ed s kamenem\",\"potentialAction\":[{\"@type\":\"SearchAction\",\"target\":{\"@type\":\"EntryPoint\",\"urlTemplate\":\"https:\/\/svetkamene.eu\/?s={search_term_string}\"},\"query-input\":\"required name=search_term_string\"}],\"inLanguage\":\"cs\"},{\"@type\":\"ImageObject\",\"inLanguage\":\"cs\",\"@id\":\"https:\/\/svetkamene.eu\/index.php\/cs\/2020\/05\/23\/krajem-kameniku-na-ricansku-cast-6-b-lesni-potok\/#primaryimage\",\"url\":\"https:\/\/svetkamene.eu\/wp-content\/uploads\/2020\/06\/thompsonuv_prepad_foto_7.png\",\"contentUrl\":\"https:\/\/svetkamene.eu\/wp-content\/uploads\/2020\/06\/thompsonuv_prepad_foto_7.png\",\"width\":945,\"height\":630,\"caption\":\"asdads\"},{\"@type\":\"WebPage\",\"@id\":\"https:\/\/svetkamene.eu\/index.php\/cs\/2020\/05\/23\/krajem-kameniku-na-ricansku-cast-6-b-lesni-potok\/#webpage\",\"url\":\"https:\/\/svetkamene.eu\/index.php\/cs\/2020\/05\/23\/krajem-kameniku-na-ricansku-cast-6-b-lesni-potok\/\",\"name\":\"Krajem kamen\u00edk\u016f na \u0158\u00ed\u010dansku \u2013 Lesn\u00ed potok, 1. d\u00edl - Sv\u011bt Kamene\",\"isPartOf\":{\"@id\":\"https:\/\/svetkamene.eu\/#website\"},\"primaryImageOfPage\":{\"@id\":\"https:\/\/svetkamene.eu\/index.php\/cs\/2020\/05\/23\/krajem-kameniku-na-ricansku-cast-6-b-lesni-potok\/#primaryimage\"},\"datePublished\":\"2020-05-23T13:00:00+00:00\",\"dateModified\":\"2021-02-08T23:23:53+00:00\",\"author\":{\"@id\":\"https:\/\/svetkamene.eu\/#\/schema\/person\/b2651ce091933b9bdf5def0f94de46da\"},\"breadcrumb\":{\"@id\":\"https:\/\/svetkamene.eu\/index.php\/cs\/2020\/05\/23\/krajem-kameniku-na-ricansku-cast-6-b-lesni-potok\/#breadcrumb\"},\"inLanguage\":\"cs\",\"potentialAction\":[{\"@type\":\"ReadAction\",\"target\":[\"https:\/\/svetkamene.eu\/index.php\/cs\/2020\/05\/23\/krajem-kameniku-na-ricansku-cast-6-b-lesni-potok\/\"]}]},{\"@type\":\"BreadcrumbList\",\"@id\":\"https:\/\/svetkamene.eu\/index.php\/cs\/2020\/05\/23\/krajem-kameniku-na-ricansku-cast-6-b-lesni-potok\/#breadcrumb\",\"itemListElement\":[{\"@type\":\"ListItem\",\"position\":1,\"name\":\"Dom\u016f\",\"item\":\"https:\/\/svetkamene.eu\/\"},{\"@type\":\"ListItem\",\"position\":2,\"name\":\"Krajem kamen\u00edk\u016f na \u0158\u00ed\u010dansku \u2013 Lesn\u00ed potok, 1.&nbsp;d\u00edl\"}]},{\"@type\":\"Person\",\"@id\":\"https:\/\/svetkamene.eu\/#\/schema\/person\/b2651ce091933b9bdf5def0f94de46da\",\"name\":\"admin\",\"image\":{\"@type\":\"ImageObject\",\"inLanguage\":\"cs\",\"@id\":\"https:\/\/svetkamene.eu\/#\/schema\/person\/image\/\",\"url\":\"https:\/\/secure.gravatar.com\/avatar\/a0c3b4d0a2dc7b846eed073118b46aa4?s=96&d=mm&r=g\",\"contentUrl\":\"https:\/\/secure.gravatar.com\/avatar\/a0c3b4d0a2dc7b846eed073118b46aa4?s=96&d=mm&r=g\",\"caption\":\"admin\"},\"description\":\"Redakce Sv\u011bta Kamene\",\"url\":\"https:\/\/svetkamene.eu\/index.php\/author\/admin\/\"}]}<\/script>\n<!-- \/ Yoast SEO plugin. -->","yoast_head_json":{"title":"Krajem kamen\u00edk\u016f na \u0158\u00ed\u010dansku \u2013 Lesn\u00ed potok, 1. d\u00edl - Sv\u011bt Kamene","robots":{"index":"index","follow":"follow","max-snippet":"max-snippet:-1","max-image-preview":"max-image-preview:large","max-video-preview":"max-video-preview:-1"},"canonical":"https:\/\/svetkamene.eu\/index.php\/cs\/2020\/05\/23\/krajem-kameniku-na-ricansku-cast-6-b-lesni-potok\/","og_locale":"cs_CZ","og_type":"article","og_title":"Krajem kamen\u00edk\u016f na \u0158\u00ed\u010dansku \u2013 Lesn\u00ed potok, 1. d\u00edl - Sv\u011bt Kamene","og_description":"Od roku 2011 je m\u011brn\u00fd p\u0159eliv Lesn\u00edho potoka vybaven ultrazvukov\u00fdm \u010didlem m\u011b\u0159\u00edc\u00edm pr\u016ftok, teplotu vody...","og_url":"https:\/\/svetkamene.eu\/index.php\/cs\/2020\/05\/23\/krajem-kameniku-na-ricansku-cast-6-b-lesni-potok\/","og_site_name":"Sv\u011bt Kamene","article_published_time":"2020-05-23T13:00:00+00:00","article_modified_time":"2021-02-08T23:23:53+00:00","og_image":[{"width":945,"height":630,"url":"https:\/\/svetkamene.eu\/wp-content\/uploads\/2020\/06\/thompsonuv_prepad_foto_7.png","type":"image\/png"}],"twitter_card":"summary_large_image","twitter_misc":{"Napsal(a)":"admin","Odhadovan\u00e1 doba \u010dten\u00ed":"3 minuty"},"schema":{"@context":"https:\/\/schema.org","@graph":[{"@type":"WebSite","@id":"https:\/\/svetkamene.eu\/#website","url":"https:\/\/svetkamene.eu\/","name":"Sv\u011bt Kamene","description":"Port\u00e1l informuj\u00edc\u00ed o v\u0161em co souvis\u00ed s kamenem","potentialAction":[{"@type":"SearchAction","target":{"@type":"EntryPoint","urlTemplate":"https:\/\/svetkamene.eu\/?s={search_term_string}"},"query-input":"required name=search_term_string"}],"inLanguage":"cs"},{"@type":"ImageObject","inLanguage":"cs","@id":"https:\/\/svetkamene.eu\/index.php\/cs\/2020\/05\/23\/krajem-kameniku-na-ricansku-cast-6-b-lesni-potok\/#primaryimage","url":"https:\/\/svetkamene.eu\/wp-content\/uploads\/2020\/06\/thompsonuv_prepad_foto_7.png","contentUrl":"https:\/\/svetkamene.eu\/wp-content\/uploads\/2020\/06\/thompsonuv_prepad_foto_7.png","width":945,"height":630,"caption":"asdads"},{"@type":"WebPage","@id":"https:\/\/svetkamene.eu\/index.php\/cs\/2020\/05\/23\/krajem-kameniku-na-ricansku-cast-6-b-lesni-potok\/#webpage","url":"https:\/\/svetkamene.eu\/index.php\/cs\/2020\/05\/23\/krajem-kameniku-na-ricansku-cast-6-b-lesni-potok\/","name":"Krajem kamen\u00edk\u016f na \u0158\u00ed\u010dansku \u2013 Lesn\u00ed potok, 1. d\u00edl - Sv\u011bt Kamene","isPartOf":{"@id":"https:\/\/svetkamene.eu\/#website"},"primaryImageOfPage":{"@id":"https:\/\/svetkamene.eu\/index.php\/cs\/2020\/05\/23\/krajem-kameniku-na-ricansku-cast-6-b-lesni-potok\/#primaryimage"},"datePublished":"2020-05-23T13:00:00+00:00","dateModified":"2021-02-08T23:23:53+00:00","author":{"@id":"https:\/\/svetkamene.eu\/#\/schema\/person\/b2651ce091933b9bdf5def0f94de46da"},"breadcrumb":{"@id":"https:\/\/svetkamene.eu\/index.php\/cs\/2020\/05\/23\/krajem-kameniku-na-ricansku-cast-6-b-lesni-potok\/#breadcrumb"},"inLanguage":"cs","potentialAction":[{"@type":"ReadAction","target":["https:\/\/svetkamene.eu\/index.php\/cs\/2020\/05\/23\/krajem-kameniku-na-ricansku-cast-6-b-lesni-potok\/"]}]},{"@type":"BreadcrumbList","@id":"https:\/\/svetkamene.eu\/index.php\/cs\/2020\/05\/23\/krajem-kameniku-na-ricansku-cast-6-b-lesni-potok\/#breadcrumb","itemListElement":[{"@type":"ListItem","position":1,"name":"Dom\u016f","item":"https:\/\/svetkamene.eu\/"},{"@type":"ListItem","position":2,"name":"Krajem kamen\u00edk\u016f na \u0158\u00ed\u010dansku \u2013 Lesn\u00ed potok, 1.&nbsp;d\u00edl"}]},{"@type":"Person","@id":"https:\/\/svetkamene.eu\/#\/schema\/person\/b2651ce091933b9bdf5def0f94de46da","name":"admin","image":{"@type":"ImageObject","inLanguage":"cs","@id":"https:\/\/svetkamene.eu\/#\/schema\/person\/image\/","url":"https:\/\/secure.gravatar.com\/avatar\/a0c3b4d0a2dc7b846eed073118b46aa4?s=96&d=mm&r=g","contentUrl":"https:\/\/secure.gravatar.com\/avatar\/a0c3b4d0a2dc7b846eed073118b46aa4?s=96&d=mm&r=g","caption":"admin"},"description":"Redakce Sv\u011bta Kamene","url":"https:\/\/svetkamene.eu\/index.php\/author\/admin\/"}]}},"_links":{"self":[{"href":"https:\/\/svetkamene.eu\/index.php\/wp-json\/wp\/v2\/posts\/1602"}],"collection":[{"href":"https:\/\/svetkamene.eu\/index.php\/wp-json\/wp\/v2\/posts"}],"about":[{"href":"https:\/\/svetkamene.eu\/index.php\/wp-json\/wp\/v2\/types\/post"}],"author":[{"embeddable":true,"href":"https:\/\/svetkamene.eu\/index.php\/wp-json\/wp\/v2\/users\/1"}],"replies":[{"embeddable":true,"href":"https:\/\/svetkamene.eu\/index.php\/wp-json\/wp\/v2\/comments?post=1602"}],"version-history":[{"count":4,"href":"https:\/\/svetkamene.eu\/index.php\/wp-json\/wp\/v2\/posts\/1602\/revisions"}],"predecessor-version":[{"id":3286,"href":"https:\/\/svetkamene.eu\/index.php\/wp-json\/wp\/v2\/posts\/1602\/revisions\/3286"}],"wp:featuredmedia":[{"embeddable":true,"href":"https:\/\/svetkamene.eu\/index.php\/wp-json\/wp\/v2\/media\/1604"}],"wp:attachment":[{"href":"https:\/\/svetkamene.eu\/index.php\/wp-json\/wp\/v2\/media?parent=1602"}],"wp:term":[{"taxonomy":"category","embeddable":true,"href":"https:\/\/svetkamene.eu\/index.php\/wp-json\/wp\/v2\/categories?post=1602"},{"taxonomy":"post_tag","embeddable":true,"href":"https:\/\/svetkamene.eu\/index.php\/wp-json\/wp\/v2\/tags?post=1602"}],"curies":[{"name":"wp","href":"https:\/\/api.w.org\/{rel}","templated":true}]}}