{"id":1569,"date":"2020-05-09T13:00:00","date_gmt":"2020-05-09T11:00:00","guid":{"rendered":"https:\/\/beta.svetkamene.eu\/?p=1569"},"modified":"2020-06-17T01:56:21","modified_gmt":"2020-06-16T23:56:21","slug":"stonemasonry-in-the-ricany-region-part-5-a-kamenka","status":"publish","type":"post","link":"https:\/\/svetkamene.eu\/index.php\/en\/2020\/05\/09\/stonemasonry-in-the-ricany-region-part-5-a-kamenka\/","title":{"rendered":"Stonemasonry in the \u0158\u00ed\u010dany Region &#8211; Kam\u00e9nka, Part 1"},"content":{"rendered":"\n<p>\nFrom the Lou\u0148ovice Open Air Museum we follow the\nblue tourist trail leading south-east. From the signpost the trail\nleads us slightly uphill for about 2 km until we arrive at the\nremains of stone foundations of an old smithy used by the\nstonemasons. There is a&nbsp;place called Kam\u00e9nka that abounds in large\ngranite boulders. One of the foundation stones of the National\nTheatre comes from this place. The foundation stone for the theatre\nwas originally brought from the memorial mountain \u0158\u00edp five days\nbefore the ceremony (held on 16 May 1868). However, the boulder was a\nhard and irregularly jointed basalt and it was not possible to shape\nit according to architect Josef Z\u00edtek\u2019s design so that the\nfounding charter could be placed inside. One of the members of the\nSociety for the Foundation of the Czech National Theatre, a&nbsp;Prague\nstonemason Gabriel \u017di\u017eka, hastily made a&nbsp;large two-part lidded\nstone block according to Z\u00edtek\u2019s design in his workshop. The block\nwas then placed on the boulder brought from \u0158\u00edp and on another\nboulder brought from Radho\u0161\u0165. The rocks thus formed a&nbsp;symbolic\nBohemian-Moravian foundation of the theatre. Shorty after the\nceremony a&nbsp;foundation wall was built with twenty different rocks from\nvarious memorable places from Bohemia and Moravia walled into it. The\nstone faces have remained exposed, only the foundation stone was\ncompletely walled in. Perhaps that is why it was forgotten in the\ncourse of time only to be re-discovered ninety-five years later in\nMay 1963. The stone was then partially exposed as we can see it today\nwith one slight change in the construction in 1983. \n<\/p>\n\n\n\n<p>\nWe did not know much about the origin and history\nof our most memorable stone when it was uncovered. Rumour had it that\nit came from a&nbsp;wood called Kam\u00e9nka near Lou\u0148ovice in the\n\u010cernokostelecko Region, which is why a&nbsp;simple memorial was unveiled\nin the centre of Lou\u0148ovice on 10 November 1963. This fact was\nconfirmed and more information about the history of the foundation\nstone was revealed twenty years later when the National Theatre\nreopened after an extensive reconstruction in 1983.<\/p>\n\n\n\n<figure class=\"wp-block-image size-large\"><img loading=\"lazy\" width=\"945\" height=\"709\" src=\"https:\/\/beta.svetkamene.eu\/wp-content\/uploads\/2020\/06\/lom_kamenka_-2.png\" alt=\"\" class=\"wp-image-1570\" srcset=\"https:\/\/svetkamene.eu\/wp-content\/uploads\/2020\/06\/lom_kamenka_-2.png 945w, https:\/\/svetkamene.eu\/wp-content\/uploads\/2020\/06\/lom_kamenka_-2-300x225.png 300w, https:\/\/svetkamene.eu\/wp-content\/uploads\/2020\/06\/lom_kamenka_-2-768x576.png 768w\" sizes=\"(max-width: 945px) 100vw, 945px\" \/><figcaption> <strong>Photo 5: <\/strong>A memorial in Lou\u0148ovice commemorating the breaking of the foundation stone  <br> for the National Theatre in Prague. Photo I. Malinov\u00e1, 2016. <\/figcaption><\/figure>\n\n\n\n<p>Barbora Dud\u00edkov\u00e1 Schulmannov\u00e1, Vojt\u011bch Janou\u0161ek, Tom\u00e1\u0161 Navr\u00e1til, V\u00e1clav Ryba\u0159\u00edk and Pavel Vla\u0161\u00edmsk\u00fd<\/p>\n","protected":false},"excerpt":{"rendered":"<p>From the Lou\u0148ovice Open Air Museum we follow the blue tourist trail leading south-east. From&#8230;<\/p>\n","protected":false},"author":1,"featured_media":1564,"comment_status":"closed","ping_status":"closed","sticky":false,"template":"","format":"standard","meta":{"ngg_post_thumbnail":0},"categories":[384,340],"tags":[450,446,453],"yoast_head":"<!-- This site is optimized with the Yoast SEO plugin v19.1 - https:\/\/yoast.com\/wordpress\/plugins\/seo\/ -->\n<title>Stonemasonry in the \u0158\u00ed\u010dany Region - Kam\u00e9nka, Part 1 - Sv\u011bt Kamene<\/title>\n<meta name=\"robots\" content=\"index, follow, max-snippet:-1, max-image-preview:large, max-video-preview:-1\" \/>\n<link rel=\"canonical\" href=\"https:\/\/svetkamene.eu\/index.php\/en\/2020\/05\/09\/stonemasonry-in-the-ricany-region-part-5-a-kamenka\/\" \/>\n<meta property=\"og:locale\" content=\"cs_CZ\" \/>\n<meta property=\"og:type\" content=\"article\" \/>\n<meta property=\"og:title\" content=\"Stonemasonry in the \u0158\u00ed\u010dany Region - Kam\u00e9nka, Part 1 - Sv\u011bt Kamene\" \/>\n<meta property=\"og:description\" content=\"From the Lou\u0148ovice Open Air Museum we follow the blue tourist trail leading south-east. From...\" \/>\n<meta property=\"og:url\" content=\"https:\/\/svetkamene.eu\/index.php\/en\/2020\/05\/09\/stonemasonry-in-the-ricany-region-part-5-a-kamenka\/\" \/>\n<meta property=\"og:site_name\" content=\"Sv\u011bt Kamene\" \/>\n<meta property=\"article:published_time\" content=\"2020-05-09T11:00:00+00:00\" \/>\n<meta property=\"article:modified_time\" content=\"2020-06-16T23:56:21+00:00\" \/>\n<meta property=\"og:image\" content=\"https:\/\/svetkamene.eu\/wp-content\/uploads\/2020\/06\/lom_kamenka_.png\" \/>\n\t<meta property=\"og:image:width\" content=\"945\" \/>\n\t<meta property=\"og:image:height\" content=\"709\" \/>\n\t<meta property=\"og:image:type\" content=\"image\/png\" \/>\n<meta name=\"twitter:card\" content=\"summary_large_image\" \/>\n<meta name=\"twitter:label1\" content=\"Napsal(a)\" \/>\n\t<meta name=\"twitter:data1\" content=\"admin\" \/>\n\t<meta name=\"twitter:label2\" content=\"Odhadovan\u00e1 doba \u010dten\u00ed\" \/>\n\t<meta name=\"twitter:data2\" content=\"2 minuty\" \/>\n<script type=\"application\/ld+json\" class=\"yoast-schema-graph\">{\"@context\":\"https:\/\/schema.org\",\"@graph\":[{\"@type\":\"WebSite\",\"@id\":\"https:\/\/svetkamene.eu\/#website\",\"url\":\"https:\/\/svetkamene.eu\/\",\"name\":\"Sv\u011bt Kamene\",\"description\":\"Port\u00e1l informuj\u00edc\u00ed o v\u0161em co souvis\u00ed s kamenem\",\"potentialAction\":[{\"@type\":\"SearchAction\",\"target\":{\"@type\":\"EntryPoint\",\"urlTemplate\":\"https:\/\/svetkamene.eu\/?s={search_term_string}\"},\"query-input\":\"required name=search_term_string\"}],\"inLanguage\":\"cs\"},{\"@type\":\"ImageObject\",\"inLanguage\":\"cs\",\"@id\":\"https:\/\/svetkamene.eu\/index.php\/en\/2020\/05\/09\/stonemasonry-in-the-ricany-region-part-5-a-kamenka\/#primaryimage\",\"url\":\"https:\/\/svetkamene.eu\/wp-content\/uploads\/2020\/06\/lom_kamenka_.png\",\"contentUrl\":\"https:\/\/svetkamene.eu\/wp-content\/uploads\/2020\/06\/lom_kamenka_.png\",\"width\":945,\"height\":709,\"caption\":\"Pomn\u00ed\u010dek v Lou\u0148ovic\u00edch p\u0159ipom\u00ednaj\u00edc\u00ed vylomen\u00ed z\u00e1kladn\u00edho kamene pro N\u00e1rodn\u00ed divadlo v Praze. Foto I. Malinov\u00e1, 2016.\"},{\"@type\":\"WebPage\",\"@id\":\"https:\/\/svetkamene.eu\/index.php\/en\/2020\/05\/09\/stonemasonry-in-the-ricany-region-part-5-a-kamenka\/#webpage\",\"url\":\"https:\/\/svetkamene.eu\/index.php\/en\/2020\/05\/09\/stonemasonry-in-the-ricany-region-part-5-a-kamenka\/\",\"name\":\"Stonemasonry in the \u0158\u00ed\u010dany Region - Kam\u00e9nka, Part 1 - Sv\u011bt Kamene\",\"isPartOf\":{\"@id\":\"https:\/\/svetkamene.eu\/#website\"},\"primaryImageOfPage\":{\"@id\":\"https:\/\/svetkamene.eu\/index.php\/en\/2020\/05\/09\/stonemasonry-in-the-ricany-region-part-5-a-kamenka\/#primaryimage\"},\"datePublished\":\"2020-05-09T11:00:00+00:00\",\"dateModified\":\"2020-06-16T23:56:21+00:00\",\"author\":{\"@id\":\"https:\/\/svetkamene.eu\/#\/schema\/person\/b2651ce091933b9bdf5def0f94de46da\"},\"breadcrumb\":{\"@id\":\"https:\/\/svetkamene.eu\/index.php\/en\/2020\/05\/09\/stonemasonry-in-the-ricany-region-part-5-a-kamenka\/#breadcrumb\"},\"inLanguage\":\"cs\",\"potentialAction\":[{\"@type\":\"ReadAction\",\"target\":[\"https:\/\/svetkamene.eu\/index.php\/en\/2020\/05\/09\/stonemasonry-in-the-ricany-region-part-5-a-kamenka\/\"]}]},{\"@type\":\"BreadcrumbList\",\"@id\":\"https:\/\/svetkamene.eu\/index.php\/en\/2020\/05\/09\/stonemasonry-in-the-ricany-region-part-5-a-kamenka\/#breadcrumb\",\"itemListElement\":[{\"@type\":\"ListItem\",\"position\":1,\"name\":\"Dom\u016f\",\"item\":\"https:\/\/svetkamene.eu\/\"},{\"@type\":\"ListItem\",\"position\":2,\"name\":\"Stonemasonry in the \u0158\u00ed\u010dany Region &#8211; Kam\u00e9nka, Part 1\"}]},{\"@type\":\"Person\",\"@id\":\"https:\/\/svetkamene.eu\/#\/schema\/person\/b2651ce091933b9bdf5def0f94de46da\",\"name\":\"admin\",\"image\":{\"@type\":\"ImageObject\",\"inLanguage\":\"cs\",\"@id\":\"https:\/\/svetkamene.eu\/#\/schema\/person\/image\/\",\"url\":\"https:\/\/secure.gravatar.com\/avatar\/a0c3b4d0a2dc7b846eed073118b46aa4?s=96&d=mm&r=g\",\"contentUrl\":\"https:\/\/secure.gravatar.com\/avatar\/a0c3b4d0a2dc7b846eed073118b46aa4?s=96&d=mm&r=g\",\"caption\":\"admin\"},\"description\":\"Redakce Sv\u011bta Kamene\",\"url\":\"https:\/\/svetkamene.eu\/index.php\/author\/admin\/\"}]}<\/script>\n<!-- \/ Yoast SEO plugin. -->","yoast_head_json":{"title":"Stonemasonry in the \u0158\u00ed\u010dany Region - Kam\u00e9nka, Part 1 - Sv\u011bt Kamene","robots":{"index":"index","follow":"follow","max-snippet":"max-snippet:-1","max-image-preview":"max-image-preview:large","max-video-preview":"max-video-preview:-1"},"canonical":"https:\/\/svetkamene.eu\/index.php\/en\/2020\/05\/09\/stonemasonry-in-the-ricany-region-part-5-a-kamenka\/","og_locale":"cs_CZ","og_type":"article","og_title":"Stonemasonry in the \u0158\u00ed\u010dany Region - Kam\u00e9nka, Part 1 - Sv\u011bt Kamene","og_description":"From the Lou\u0148ovice Open Air Museum we follow the blue tourist trail leading south-east. From...","og_url":"https:\/\/svetkamene.eu\/index.php\/en\/2020\/05\/09\/stonemasonry-in-the-ricany-region-part-5-a-kamenka\/","og_site_name":"Sv\u011bt Kamene","article_published_time":"2020-05-09T11:00:00+00:00","article_modified_time":"2020-06-16T23:56:21+00:00","og_image":[{"width":945,"height":709,"url":"https:\/\/svetkamene.eu\/wp-content\/uploads\/2020\/06\/lom_kamenka_.png","type":"image\/png"}],"twitter_card":"summary_large_image","twitter_misc":{"Napsal(a)":"admin","Odhadovan\u00e1 doba \u010dten\u00ed":"2 minuty"},"schema":{"@context":"https:\/\/schema.org","@graph":[{"@type":"WebSite","@id":"https:\/\/svetkamene.eu\/#website","url":"https:\/\/svetkamene.eu\/","name":"Sv\u011bt Kamene","description":"Port\u00e1l informuj\u00edc\u00ed o v\u0161em co souvis\u00ed s kamenem","potentialAction":[{"@type":"SearchAction","target":{"@type":"EntryPoint","urlTemplate":"https:\/\/svetkamene.eu\/?s={search_term_string}"},"query-input":"required name=search_term_string"}],"inLanguage":"cs"},{"@type":"ImageObject","inLanguage":"cs","@id":"https:\/\/svetkamene.eu\/index.php\/en\/2020\/05\/09\/stonemasonry-in-the-ricany-region-part-5-a-kamenka\/#primaryimage","url":"https:\/\/svetkamene.eu\/wp-content\/uploads\/2020\/06\/lom_kamenka_.png","contentUrl":"https:\/\/svetkamene.eu\/wp-content\/uploads\/2020\/06\/lom_kamenka_.png","width":945,"height":709,"caption":"Pomn\u00ed\u010dek v Lou\u0148ovic\u00edch p\u0159ipom\u00ednaj\u00edc\u00ed vylomen\u00ed z\u00e1kladn\u00edho kamene pro N\u00e1rodn\u00ed divadlo v Praze. Foto I. Malinov\u00e1, 2016."},{"@type":"WebPage","@id":"https:\/\/svetkamene.eu\/index.php\/en\/2020\/05\/09\/stonemasonry-in-the-ricany-region-part-5-a-kamenka\/#webpage","url":"https:\/\/svetkamene.eu\/index.php\/en\/2020\/05\/09\/stonemasonry-in-the-ricany-region-part-5-a-kamenka\/","name":"Stonemasonry in the \u0158\u00ed\u010dany Region - Kam\u00e9nka, Part 1 - Sv\u011bt Kamene","isPartOf":{"@id":"https:\/\/svetkamene.eu\/#website"},"primaryImageOfPage":{"@id":"https:\/\/svetkamene.eu\/index.php\/en\/2020\/05\/09\/stonemasonry-in-the-ricany-region-part-5-a-kamenka\/#primaryimage"},"datePublished":"2020-05-09T11:00:00+00:00","dateModified":"2020-06-16T23:56:21+00:00","author":{"@id":"https:\/\/svetkamene.eu\/#\/schema\/person\/b2651ce091933b9bdf5def0f94de46da"},"breadcrumb":{"@id":"https:\/\/svetkamene.eu\/index.php\/en\/2020\/05\/09\/stonemasonry-in-the-ricany-region-part-5-a-kamenka\/#breadcrumb"},"inLanguage":"cs","potentialAction":[{"@type":"ReadAction","target":["https:\/\/svetkamene.eu\/index.php\/en\/2020\/05\/09\/stonemasonry-in-the-ricany-region-part-5-a-kamenka\/"]}]},{"@type":"BreadcrumbList","@id":"https:\/\/svetkamene.eu\/index.php\/en\/2020\/05\/09\/stonemasonry-in-the-ricany-region-part-5-a-kamenka\/#breadcrumb","itemListElement":[{"@type":"ListItem","position":1,"name":"Dom\u016f","item":"https:\/\/svetkamene.eu\/"},{"@type":"ListItem","position":2,"name":"Stonemasonry in the \u0158\u00ed\u010dany Region &#8211; Kam\u00e9nka, Part 1"}]},{"@type":"Person","@id":"https:\/\/svetkamene.eu\/#\/schema\/person\/b2651ce091933b9bdf5def0f94de46da","name":"admin","image":{"@type":"ImageObject","inLanguage":"cs","@id":"https:\/\/svetkamene.eu\/#\/schema\/person\/image\/","url":"https:\/\/secure.gravatar.com\/avatar\/a0c3b4d0a2dc7b846eed073118b46aa4?s=96&d=mm&r=g","contentUrl":"https:\/\/secure.gravatar.com\/avatar\/a0c3b4d0a2dc7b846eed073118b46aa4?s=96&d=mm&r=g","caption":"admin"},"description":"Redakce Sv\u011bta Kamene","url":"https:\/\/svetkamene.eu\/index.php\/author\/admin\/"}]}},"_links":{"self":[{"href":"https:\/\/svetkamene.eu\/index.php\/wp-json\/wp\/v2\/posts\/1569"}],"collection":[{"href":"https:\/\/svetkamene.eu\/index.php\/wp-json\/wp\/v2\/posts"}],"about":[{"href":"https:\/\/svetkamene.eu\/index.php\/wp-json\/wp\/v2\/types\/post"}],"author":[{"embeddable":true,"href":"https:\/\/svetkamene.eu\/index.php\/wp-json\/wp\/v2\/users\/1"}],"replies":[{"embeddable":true,"href":"https:\/\/svetkamene.eu\/index.php\/wp-json\/wp\/v2\/comments?post=1569"}],"version-history":[{"count":2,"href":"https:\/\/svetkamene.eu\/index.php\/wp-json\/wp\/v2\/posts\/1569\/revisions"}],"predecessor-version":[{"id":1843,"href":"https:\/\/svetkamene.eu\/index.php\/wp-json\/wp\/v2\/posts\/1569\/revisions\/1843"}],"wp:featuredmedia":[{"embeddable":true,"href":"https:\/\/svetkamene.eu\/index.php\/wp-json\/wp\/v2\/media\/1564"}],"wp:attachment":[{"href":"https:\/\/svetkamene.eu\/index.php\/wp-json\/wp\/v2\/media?parent=1569"}],"wp:term":[{"taxonomy":"category","embeddable":true,"href":"https:\/\/svetkamene.eu\/index.php\/wp-json\/wp\/v2\/categories?post=1569"},{"taxonomy":"post_tag","embeddable":true,"href":"https:\/\/svetkamene.eu\/index.php\/wp-json\/wp\/v2\/tags?post=1569"}],"curies":[{"name":"wp","href":"https:\/\/api.w.org\/{rel}","templated":true}]}}