{"id":1503,"date":"2020-04-10T08:00:00","date_gmt":"2020-04-10T06:00:00","guid":{"rendered":"https:\/\/beta.svetkamene.eu\/?p=1503"},"modified":"2021-04-27T12:59:03","modified_gmt":"2021-04-27T10:59:03","slug":"szlakiem-kamieniarzy-na-ricansku-czesc-2-a-kamieniolom-zernovka","status":"publish","type":"post","link":"https:\/\/svetkamene.eu\/index.php\/pl\/2020\/04\/10\/szlakiem-kamieniarzy-na-ricansku-czesc-2-a-kamieniolom-zernovka\/","title":{"rendered":"\u015aladem kamieniarzy na \u0158\u00ed\u010dansku &#8211; Kamienio\u0142om \u017dernovka, cz\u0119\u015b\u0107 1"},"content":{"rendered":"\n<p><strong>Ostatni czynny kamienio\u0142om w okolicy Muka\u0159ova znajduje si\u0119 na p\u00f3\u0142nocno-zachodnich obrze\u017cach miejscowo\u015bci \u017dernovka, w lesie zwanym Horka, w pobli\u017cu wzg\u00f3rza o&nbsp;wysoko\u015bci 443&nbsp;m. Do kamienio\u0142omu prowadzi droga dojazdowa z&nbsp;ulicy Horka wiod\u0105ca z&nbsp;\u017dernovki do Babic. <\/strong><\/p>\n\n\n\n<div style=\"height:22px\" aria-hidden=\"true\" class=\"wp-block-spacer\"><\/div>\n\n\n\n<p>Kamienio\u0142om jest typu jamowego, jego dno jest trudno dost\u0119pne, wi\u0119c kamie\u0144 jest wydobywany d\u017awigiem lub kolejk\u0105 linow\u0105, a&nbsp;wydobyte bloki mog\u0105 wa\u017cy\u0107 do 5 ton. Za\u0142o\u017cony oko\u0142o 150 lat temu, jest w\u0142asno\u015bci\u0105 tej samej rodziny od kilku pokole\u0144. Produkty wydobycia g\u00f3rniczego maj\u0105 g\u0142\u00f3wnie zastosowania zewn\u0119trzne: kostka brukowa, p\u0142yty, stopnie schod\u00f3w, kolumny, kraw\u0119\u017cniki, ale kamie\u0144 mo\u017cna r\u00f3wnie\u017c obrabia\u0107 i&nbsp;wykorzystywa\u0107 jako cz\u0119\u015bci dzie\u0142 sztuki lub jako kamie\u0144 nagrobny.<\/p>\n\n\n\n<p>Granit z&nbsp;kamienio\u0142omu \u017dernovka zosta\u0142 wykorzystany na przyk\u0142ad przy budowie zapory \u0160t\u011bchovice lub winohradeckiego tunelu kolejowego, a&nbsp;w ostatnich latach do budowy stacji metra Palmovka, stacji metra Stra\u0161nick\u00e1, a&nbsp;po&nbsp;roku 2000 granitowe bloki z&nbsp;\u017bern\u00f3wki eksportowano r\u00f3wnie\u017c za granic\u0119, na przyk\u0142ad na hiszpa\u0144sk\u0105 wysp\u0119 Menorca.<\/p>\n\n\n\n<figure class=\"wp-block-image size-large\"><img loading=\"lazy\" width=\"945\" height=\"709\" src=\"https:\/\/beta.svetkamene.eu\/wp-content\/uploads\/2020\/06\/jamovy_lom-1.png\" alt=\"\" class=\"wp-image-1504\" srcset=\"https:\/\/svetkamene.eu\/wp-content\/uploads\/2020\/06\/jamovy_lom-1.png 945w, https:\/\/svetkamene.eu\/wp-content\/uploads\/2020\/06\/jamovy_lom-1-300x225.png 300w, https:\/\/svetkamene.eu\/wp-content\/uploads\/2020\/06\/jamovy_lom-1-768x576.png 768w\" sizes=\"(max-width: 945px) 100vw, 945px\" \/><figcaption> <em>Kamienio\u0142om jamowy w \u017dernovce w roku 2016.  <br> Fotografia: B. Dud\u00edkov\u00e1 Schulmannov\u00e1, 2016. <\/em><\/figcaption><\/figure>\n\n\n\n<div style=\"height:28px\" aria-hidden=\"true\" class=\"wp-block-spacer\"><\/div>\n\n\n\n<p>Lokalny granit biotytowy z&nbsp;niewielk\u0105 ilo\u015bci\u0105 muskowitu nazywa si\u0119 granitem \u0158e\u010dany i&nbsp;jest jednym z&nbsp;najm\u0142odszych intruzji \u015brodkowo-czeskiego kompleksu plutonicznego (SPK). Jest to du\u017cy (~ 3200 km2) produkt z&nbsp;p\u00f3\u017anego dewonu a\u017c wczesnego karbonu (oko\u0142o 354 do 336 milion\u00f3w lat) magmowego \u0142uku typu andyjskiego maskuj\u0105cy granic\u0119 mi\u0119dzy moldanubikum a&nbsp;Tepelsko-barrandiensk\u0105 jednostk\u0105. Pozosta\u0142o\u015bci p\u0142aszcza metamorficznego, tzw. strefy wyspowej, tworz\u0105 si\u0119 regionalnie i&nbsp;stykaj\u0105 si\u0119 z&nbsp;metamorficznymi, g\u0142\u00f3wnie metabazowymi ska\u0142ami epoki proterozoicznej do epoki dewo\u0144skiej. Ponadto istniej\u0105 r\u00f3wnie\u017c bardziej kwa\u015bne, p\u00f3\u017ano proterozoiczne metawulkany strefy gliniastej, a&nbsp;tak\u017ce alkaliczno-wapienne ortognejsy wg lokalnych nazw &#8222;starosedelsk\u00e9 a&nbsp;mirotick\u00e9&#8220;, s\u0105 to prawdopodobnie nieco starsze (~ 370 milion\u00f3w lat) produkty magmowej aktywno\u015bci tego samego \u0142uku. Ska\u0142y magmowe SPK zosta\u0142y podzielone na kilka facji magmowych ze wzgl\u0119du na ich wiek, charakter petrologiczny i&nbsp;sk\u0142ad chemiczny, z&nbsp;kt\u00f3rych tak zwany zestaw (suita) \u0158\u00ed\u010dany jest jednym z&nbsp;najm\u0142odszych i&nbsp;najbardziej kwa\u015bnych.<\/p>\n\n\n\n<div style=\"height:100px\" aria-hidden=\"true\" class=\"wp-block-spacer\"><\/div>\n\n\n\n<p><em>Dla \u015awiata kamienia dostarczone przez autor\u00f3w: <br>Barbora Dud\u00edkov\u00e1 Schulmannov\u00e1, Vojt\u011bch Janou\u0161ek, Tom\u00e1\u0161 Navr\u00e1til, <br>V\u00e1clav Ryba\u0159\u00edk i&nbsp;Pavel Vla\u0161\u00edmsk\u00fd<\/em><\/p>\n","protected":false},"excerpt":{"rendered":"<p>Ostatni czynny kamienio\u0142om w okolicy Muka\u0159ova znajduje si\u0119 na p\u00f3\u0142nocno-zachodnich obrze\u017cach miejscowo\u015bci \u017dernovka, w lesie&#8230;<\/p>\n","protected":false},"author":1,"featured_media":1504,"comment_status":"closed","ping_status":"closed","sticky":false,"template":"","format":"standard","meta":{"ngg_post_thumbnail":0},"categories":[338,374],"tags":[],"yoast_head":"<!-- This site is optimized with the Yoast SEO plugin v19.1 - https:\/\/yoast.com\/wordpress\/plugins\/seo\/ -->\n<title>\u015aladem kamieniarzy na \u0158\u00ed\u010dansku - Kamienio\u0142om \u017dernovka, cz\u0119\u015b\u0107 1 - Sv\u011bt Kamene<\/title>\n<meta name=\"robots\" content=\"index, follow, max-snippet:-1, max-image-preview:large, max-video-preview:-1\" \/>\n<link rel=\"canonical\" href=\"https:\/\/svetkamene.eu\/index.php\/pl\/2020\/04\/10\/szlakiem-kamieniarzy-na-ricansku-czesc-2-a-kamieniolom-zernovka\/\" \/>\n<meta property=\"og:locale\" content=\"cs_CZ\" \/>\n<meta property=\"og:type\" content=\"article\" \/>\n<meta property=\"og:title\" content=\"\u015aladem kamieniarzy na \u0158\u00ed\u010dansku - Kamienio\u0142om \u017dernovka, cz\u0119\u015b\u0107 1 - Sv\u011bt Kamene\" \/>\n<meta property=\"og:description\" content=\"Ostatni czynny kamienio\u0142om w okolicy Muka\u0159ova znajduje si\u0119 na p\u00f3\u0142nocno-zachodnich obrze\u017cach miejscowo\u015bci \u017dernovka, w lesie...\" \/>\n<meta property=\"og:url\" content=\"https:\/\/svetkamene.eu\/index.php\/pl\/2020\/04\/10\/szlakiem-kamieniarzy-na-ricansku-czesc-2-a-kamieniolom-zernovka\/\" \/>\n<meta property=\"og:site_name\" content=\"Sv\u011bt Kamene\" \/>\n<meta property=\"article:published_time\" content=\"2020-04-10T06:00:00+00:00\" \/>\n<meta property=\"article:modified_time\" content=\"2021-04-27T10:59:03+00:00\" \/>\n<meta property=\"og:image\" content=\"https:\/\/svetkamene.eu\/wp-content\/uploads\/2020\/06\/jamovy_lom-1.png\" \/>\n\t<meta property=\"og:image:width\" content=\"945\" \/>\n\t<meta property=\"og:image:height\" content=\"709\" \/>\n\t<meta property=\"og:image:type\" content=\"image\/png\" \/>\n<meta name=\"twitter:card\" content=\"summary_large_image\" \/>\n<meta name=\"twitter:label1\" content=\"Napsal(a)\" \/>\n\t<meta name=\"twitter:data1\" content=\"admin\" \/>\n\t<meta name=\"twitter:label2\" content=\"Odhadovan\u00e1 doba \u010dten\u00ed\" \/>\n\t<meta name=\"twitter:data2\" content=\"2 minuty\" \/>\n<script type=\"application\/ld+json\" class=\"yoast-schema-graph\">{\"@context\":\"https:\/\/schema.org\",\"@graph\":[{\"@type\":\"WebSite\",\"@id\":\"https:\/\/svetkamene.eu\/#website\",\"url\":\"https:\/\/svetkamene.eu\/\",\"name\":\"Sv\u011bt Kamene\",\"description\":\"Port\u00e1l informuj\u00edc\u00ed o v\u0161em co souvis\u00ed s kamenem\",\"potentialAction\":[{\"@type\":\"SearchAction\",\"target\":{\"@type\":\"EntryPoint\",\"urlTemplate\":\"https:\/\/svetkamene.eu\/?s={search_term_string}\"},\"query-input\":\"required name=search_term_string\"}],\"inLanguage\":\"cs\"},{\"@type\":\"ImageObject\",\"inLanguage\":\"cs\",\"@id\":\"https:\/\/svetkamene.eu\/index.php\/pl\/2020\/04\/10\/szlakiem-kamieniarzy-na-ricansku-czesc-2-a-kamieniolom-zernovka\/#primaryimage\",\"url\":\"https:\/\/svetkamene.eu\/wp-content\/uploads\/2020\/06\/jamovy_lom-1.png\",\"contentUrl\":\"https:\/\/svetkamene.eu\/wp-content\/uploads\/2020\/06\/jamovy_lom-1.png\",\"width\":945,\"height\":709},{\"@type\":\"WebPage\",\"@id\":\"https:\/\/svetkamene.eu\/index.php\/pl\/2020\/04\/10\/szlakiem-kamieniarzy-na-ricansku-czesc-2-a-kamieniolom-zernovka\/#webpage\",\"url\":\"https:\/\/svetkamene.eu\/index.php\/pl\/2020\/04\/10\/szlakiem-kamieniarzy-na-ricansku-czesc-2-a-kamieniolom-zernovka\/\",\"name\":\"\u015aladem kamieniarzy na \u0158\u00ed\u010dansku - Kamienio\u0142om \u017dernovka, cz\u0119\u015b\u0107 1 - Sv\u011bt Kamene\",\"isPartOf\":{\"@id\":\"https:\/\/svetkamene.eu\/#website\"},\"primaryImageOfPage\":{\"@id\":\"https:\/\/svetkamene.eu\/index.php\/pl\/2020\/04\/10\/szlakiem-kamieniarzy-na-ricansku-czesc-2-a-kamieniolom-zernovka\/#primaryimage\"},\"datePublished\":\"2020-04-10T06:00:00+00:00\",\"dateModified\":\"2021-04-27T10:59:03+00:00\",\"author\":{\"@id\":\"https:\/\/svetkamene.eu\/#\/schema\/person\/b2651ce091933b9bdf5def0f94de46da\"},\"breadcrumb\":{\"@id\":\"https:\/\/svetkamene.eu\/index.php\/pl\/2020\/04\/10\/szlakiem-kamieniarzy-na-ricansku-czesc-2-a-kamieniolom-zernovka\/#breadcrumb\"},\"inLanguage\":\"cs\",\"potentialAction\":[{\"@type\":\"ReadAction\",\"target\":[\"https:\/\/svetkamene.eu\/index.php\/pl\/2020\/04\/10\/szlakiem-kamieniarzy-na-ricansku-czesc-2-a-kamieniolom-zernovka\/\"]}]},{\"@type\":\"BreadcrumbList\",\"@id\":\"https:\/\/svetkamene.eu\/index.php\/pl\/2020\/04\/10\/szlakiem-kamieniarzy-na-ricansku-czesc-2-a-kamieniolom-zernovka\/#breadcrumb\",\"itemListElement\":[{\"@type\":\"ListItem\",\"position\":1,\"name\":\"Dom\u016f\",\"item\":\"https:\/\/svetkamene.eu\/\"},{\"@type\":\"ListItem\",\"position\":2,\"name\":\"\u015aladem kamieniarzy na \u0158\u00ed\u010dansku &#8211; Kamienio\u0142om \u017dernovka, cz\u0119\u015b\u0107 1\"}]},{\"@type\":\"Person\",\"@id\":\"https:\/\/svetkamene.eu\/#\/schema\/person\/b2651ce091933b9bdf5def0f94de46da\",\"name\":\"admin\",\"image\":{\"@type\":\"ImageObject\",\"inLanguage\":\"cs\",\"@id\":\"https:\/\/svetkamene.eu\/#\/schema\/person\/image\/\",\"url\":\"https:\/\/secure.gravatar.com\/avatar\/a0c3b4d0a2dc7b846eed073118b46aa4?s=96&d=mm&r=g\",\"contentUrl\":\"https:\/\/secure.gravatar.com\/avatar\/a0c3b4d0a2dc7b846eed073118b46aa4?s=96&d=mm&r=g\",\"caption\":\"admin\"},\"description\":\"Redakce Sv\u011bta Kamene\",\"url\":\"https:\/\/svetkamene.eu\/index.php\/author\/admin\/\"}]}<\/script>\n<!-- \/ Yoast SEO plugin. -->","yoast_head_json":{"title":"\u015aladem kamieniarzy na \u0158\u00ed\u010dansku - Kamienio\u0142om \u017dernovka, cz\u0119\u015b\u0107 1 - Sv\u011bt Kamene","robots":{"index":"index","follow":"follow","max-snippet":"max-snippet:-1","max-image-preview":"max-image-preview:large","max-video-preview":"max-video-preview:-1"},"canonical":"https:\/\/svetkamene.eu\/index.php\/pl\/2020\/04\/10\/szlakiem-kamieniarzy-na-ricansku-czesc-2-a-kamieniolom-zernovka\/","og_locale":"cs_CZ","og_type":"article","og_title":"\u015aladem kamieniarzy na \u0158\u00ed\u010dansku - Kamienio\u0142om \u017dernovka, cz\u0119\u015b\u0107 1 - Sv\u011bt Kamene","og_description":"Ostatni czynny kamienio\u0142om w okolicy Muka\u0159ova znajduje si\u0119 na p\u00f3\u0142nocno-zachodnich obrze\u017cach miejscowo\u015bci \u017dernovka, w lesie...","og_url":"https:\/\/svetkamene.eu\/index.php\/pl\/2020\/04\/10\/szlakiem-kamieniarzy-na-ricansku-czesc-2-a-kamieniolom-zernovka\/","og_site_name":"Sv\u011bt Kamene","article_published_time":"2020-04-10T06:00:00+00:00","article_modified_time":"2021-04-27T10:59:03+00:00","og_image":[{"width":945,"height":709,"url":"https:\/\/svetkamene.eu\/wp-content\/uploads\/2020\/06\/jamovy_lom-1.png","type":"image\/png"}],"twitter_card":"summary_large_image","twitter_misc":{"Napsal(a)":"admin","Odhadovan\u00e1 doba \u010dten\u00ed":"2 minuty"},"schema":{"@context":"https:\/\/schema.org","@graph":[{"@type":"WebSite","@id":"https:\/\/svetkamene.eu\/#website","url":"https:\/\/svetkamene.eu\/","name":"Sv\u011bt Kamene","description":"Port\u00e1l informuj\u00edc\u00ed o v\u0161em co souvis\u00ed s kamenem","potentialAction":[{"@type":"SearchAction","target":{"@type":"EntryPoint","urlTemplate":"https:\/\/svetkamene.eu\/?s={search_term_string}"},"query-input":"required name=search_term_string"}],"inLanguage":"cs"},{"@type":"ImageObject","inLanguage":"cs","@id":"https:\/\/svetkamene.eu\/index.php\/pl\/2020\/04\/10\/szlakiem-kamieniarzy-na-ricansku-czesc-2-a-kamieniolom-zernovka\/#primaryimage","url":"https:\/\/svetkamene.eu\/wp-content\/uploads\/2020\/06\/jamovy_lom-1.png","contentUrl":"https:\/\/svetkamene.eu\/wp-content\/uploads\/2020\/06\/jamovy_lom-1.png","width":945,"height":709},{"@type":"WebPage","@id":"https:\/\/svetkamene.eu\/index.php\/pl\/2020\/04\/10\/szlakiem-kamieniarzy-na-ricansku-czesc-2-a-kamieniolom-zernovka\/#webpage","url":"https:\/\/svetkamene.eu\/index.php\/pl\/2020\/04\/10\/szlakiem-kamieniarzy-na-ricansku-czesc-2-a-kamieniolom-zernovka\/","name":"\u015aladem kamieniarzy na \u0158\u00ed\u010dansku - Kamienio\u0142om \u017dernovka, cz\u0119\u015b\u0107 1 - Sv\u011bt Kamene","isPartOf":{"@id":"https:\/\/svetkamene.eu\/#website"},"primaryImageOfPage":{"@id":"https:\/\/svetkamene.eu\/index.php\/pl\/2020\/04\/10\/szlakiem-kamieniarzy-na-ricansku-czesc-2-a-kamieniolom-zernovka\/#primaryimage"},"datePublished":"2020-04-10T06:00:00+00:00","dateModified":"2021-04-27T10:59:03+00:00","author":{"@id":"https:\/\/svetkamene.eu\/#\/schema\/person\/b2651ce091933b9bdf5def0f94de46da"},"breadcrumb":{"@id":"https:\/\/svetkamene.eu\/index.php\/pl\/2020\/04\/10\/szlakiem-kamieniarzy-na-ricansku-czesc-2-a-kamieniolom-zernovka\/#breadcrumb"},"inLanguage":"cs","potentialAction":[{"@type":"ReadAction","target":["https:\/\/svetkamene.eu\/index.php\/pl\/2020\/04\/10\/szlakiem-kamieniarzy-na-ricansku-czesc-2-a-kamieniolom-zernovka\/"]}]},{"@type":"BreadcrumbList","@id":"https:\/\/svetkamene.eu\/index.php\/pl\/2020\/04\/10\/szlakiem-kamieniarzy-na-ricansku-czesc-2-a-kamieniolom-zernovka\/#breadcrumb","itemListElement":[{"@type":"ListItem","position":1,"name":"Dom\u016f","item":"https:\/\/svetkamene.eu\/"},{"@type":"ListItem","position":2,"name":"\u015aladem kamieniarzy na \u0158\u00ed\u010dansku &#8211; Kamienio\u0142om \u017dernovka, cz\u0119\u015b\u0107 1"}]},{"@type":"Person","@id":"https:\/\/svetkamene.eu\/#\/schema\/person\/b2651ce091933b9bdf5def0f94de46da","name":"admin","image":{"@type":"ImageObject","inLanguage":"cs","@id":"https:\/\/svetkamene.eu\/#\/schema\/person\/image\/","url":"https:\/\/secure.gravatar.com\/avatar\/a0c3b4d0a2dc7b846eed073118b46aa4?s=96&d=mm&r=g","contentUrl":"https:\/\/secure.gravatar.com\/avatar\/a0c3b4d0a2dc7b846eed073118b46aa4?s=96&d=mm&r=g","caption":"admin"},"description":"Redakce Sv\u011bta Kamene","url":"https:\/\/svetkamene.eu\/index.php\/author\/admin\/"}]}},"_links":{"self":[{"href":"https:\/\/svetkamene.eu\/index.php\/wp-json\/wp\/v2\/posts\/1503"}],"collection":[{"href":"https:\/\/svetkamene.eu\/index.php\/wp-json\/wp\/v2\/posts"}],"about":[{"href":"https:\/\/svetkamene.eu\/index.php\/wp-json\/wp\/v2\/types\/post"}],"author":[{"embeddable":true,"href":"https:\/\/svetkamene.eu\/index.php\/wp-json\/wp\/v2\/users\/1"}],"replies":[{"embeddable":true,"href":"https:\/\/svetkamene.eu\/index.php\/wp-json\/wp\/v2\/comments?post=1503"}],"version-history":[{"count":4,"href":"https:\/\/svetkamene.eu\/index.php\/wp-json\/wp\/v2\/posts\/1503\/revisions"}],"predecessor-version":[{"id":3720,"href":"https:\/\/svetkamene.eu\/index.php\/wp-json\/wp\/v2\/posts\/1503\/revisions\/3720"}],"wp:featuredmedia":[{"embeddable":true,"href":"https:\/\/svetkamene.eu\/index.php\/wp-json\/wp\/v2\/media\/1504"}],"wp:attachment":[{"href":"https:\/\/svetkamene.eu\/index.php\/wp-json\/wp\/v2\/media?parent=1503"}],"wp:term":[{"taxonomy":"category","embeddable":true,"href":"https:\/\/svetkamene.eu\/index.php\/wp-json\/wp\/v2\/categories?post=1503"},{"taxonomy":"post_tag","embeddable":true,"href":"https:\/\/svetkamene.eu\/index.php\/wp-json\/wp\/v2\/tags?post=1503"}],"curies":[{"name":"wp","href":"https:\/\/api.w.org\/{rel}","templated":true}]}}