{"id":1405,"date":"2020-04-03T07:00:00","date_gmt":"2020-04-03T05:00:00","guid":{"rendered":"https:\/\/svetkamene.3server.net\/?p=1405"},"modified":"2021-04-27T12:57:17","modified_gmt":"2021-04-27T10:57:17","slug":"durch-die-landschaft-der-steinmetze-im-ricany-gebiet-teil-1","status":"publish","type":"post","link":"https:\/\/svetkamene.eu\/index.php\/de\/2020\/04\/03\/durch-die-landschaft-der-steinmetze-im-ricany-gebiet-teil-1\/","title":{"rendered":"Durch die Landschaft der Steinmetze im \u0158\u00ed\u010dany-Gebiet \u2013 Teil 1"},"content":{"rendered":"\n<p>\nEntwicklung\nder Steinmetzerei im Gebiet \u00f6stlich von \u0158\u00ed\u010dany ist erst seit der\nH\u00e4lfte des 19. Jahrhunderts zu merkbar. Bis zu dieser Zeit hatte man\nblo\u00df den in der Landschaft frei verstreute Steine bearbeitet und sie\nim Bau von Stra\u00dfen und Wohnst\u00e4tten verwendet. Sp\u00e4ter entstand\nallm\u00e4hliger Bedarf an Errichtung von Steinbr\u00fcchen, die bis heute in\nder Umgebung von Svojetice, Srb\u00edn, Tehovec, Lou\u0148ovice, \u017dernovka\noder Babice in gro\u00dfer Menge erhalten worden sind. Es handelt sich\nmanchmal um Wandbr\u00fcche, aber in vorwiegender Anzahl um Grubenbr\u00fcche,\ndie w\u00e4hrend des 20. Jahrhunderts den Urlaubern, Besitzern der\nWochenendh\u00e4user und hiesigen Einwohnern zur Erholung und Wassersport\ndienten. Nach der Samtenen Revolution von 1989 geh\u00f6rten diese\nSteinbr\u00fcche meistens schon privaten Besitzern. Der einzige aktive\nBruch ist der (<strong>im\nTeil 2 behandelte) <\/strong>Grubenbruch\nHorka in \u017dernovka, der zur ersten Station unserer Exkursion wird. \n<\/p>\n\n\n\n<p>\nDer\nBiotitsgranit, unter Steinmetzen \u0158\u00ed\u010dany-Granit genannt, wurde und\nwird noch bis heutzutage oft als Dekoration- und Baustein benutzt,\nwas auch der gro\u00dfartige pseudogotische Bau der\nMari\u00e4-Himmelfahrt-Kirche in Muka\u0159ov vom Ende des 19. Jahrhunderts\nbeweist (<strong>Teil\n3<\/strong>).\nDas damalige Leben und Begebenheiten der Steinmetzarbeit in diesem\nGebiet wird den Besuchern durch den \u201eIn den Spuren der Steinmetze\u201c\ngenannten Naturlehrpfad n\u00e4her beigebracht, der 25 km lang ist und 13\nStationen enth\u00e4lt. Seine erste Station befindet sich am\nSteinmetzfreilichtmuseum in Lou\u0148ovice, das ist unser <strong>Teil\n4<\/strong>,\ngefolgt von der Station Kam\u00e9nka (<strong>Teil\n5<\/strong>),\nwoher einer der Grundsteine des Prager Nationaltheaters stammt.\nUnweit von Kam\u00e9nka befindet sich eine \u00dcberwachungsstation des\nFlussgebiets Lesn\u00ed potok (<strong>Teil\n6<\/strong>).\nDer letzte Standort, den wir besuchen werden, ist der etwa 10 km von\nLou\u0148ovice entfernte Friedhof in Alda\u0161\u00edn bei Jevany, wo wir uns\nGrabsteine verschiedener Gestein- und Bearbeitungsarten ansehen und\neiniger bedeutenden Pers\u00f6nlichkeiten gedenken werden, die hier ihre\nletzte Ruhest\u00e4tte gefunden haben.<\/p>\n\n\n\n<p>\n<strong>Erinnerung\nan Franti\u0161ek V. Holub<\/strong><\/p>\n\n\n\n<p>\nBei einer\nWanderung in den Spuren von Steinmetzen des \u0158\u00ed\u010dany-Granitgebiets\ndarf man den Kollegen Franti\u0161ek V. Holub nicht vergessen. Er ist am\n25. Oktober 1949 in P\u00edsek geboren. Er studierte am Lehrstuhl f\u00fcr\nPetrographie der Naturwissenschaftlichen Fakult\u00e4t der\nKarlsuniversit\u00e4t in Prag, sein Studium schloss er im Jahre 1973 mit\nVerteidigung seiner Diplomarbeit \u201eInklusionen in Durbachiten und\neinige Fragen der Genese von Durbachitgesteinen\u201c ab. Nach Abschluss\ndes Studiums blieb er an der Naturwissenschaftlichen Fakult\u00e4t, seit\n1974 war er dort als Assistent t\u00e4tig, danach Fachassistent und\nDozent am Lehrstuhl f\u00fcr Petrologie, sp\u00e4ter am Institut f\u00fcr\nPetrologie und Strukturgeologie.<\/p>\n\n\n\n<p>\n  In seinen\nForschungen besch\u00e4ftigte er sich mit Durbachiten vom Typ des \u010certovo\nb\u0159emeno-Felsengebildes im mittelb\u00f6hmischen plutonischen Komplex,\nsein Interesse erweiterte er auf weitere K\u00f6rper melanokrater\nGranitoide mit erh\u00f6htem Inhalt vom Kalium im S\u00fcdteil vom\nGrundgebirge des B\u00f6hmischen Massivs, Xenolite und Begleitadern\n(lamproides Magmatismus). Bereits nach der Publikation wurden die\nErgebnisse seiner Diplomarbeit in renommierten Tschermaks\nmineralogischen und petrographischen Mitteilungen in Wien\nver\u00f6ffentlicht. Die Aufmerksamkeit fesselte auch die zusammen mit V.\n\u017de\u017eulkov\u00e1 aufgrund der Betrachtung auf\nOrl\u00edk-Stauseefelsenvorspr\u00fcngen an der Moldau ausgearbeitete\nGesamtstudie \u00fcber das relative Alter der Intrusivgesteine des\nmittelb\u00f6hmischen Plutons im Zv\u00edkov-Gebiet, also im S\u00fcdteil des\nmittelb\u00f6hmischen plutonischen Komplexes, die bewies, dass diese\nBeziehungen komplizierter sind, als bisher angenommen wurde. Sp\u00e4ter\nbefasste sich Franti\u0161ek V. Holub mit der Synthese vom\nmittelb\u00f6hmischen plutonischen Komplex und Moldanubikmagmatismus, mit\nUltrakaliumgesteinen in der Sohle des b\u00f6hmischen Kreidebeckens,\nNeovulkaniten im B\u00f6hmischen Mittelgebirge und Duppauer Gebirge\n(Doupovsk\u00e9 hory) und allgemein mit Magmatiten in weiteren Einheiten\ndes B\u00f6hmischen Massivs. Im Rahmen seiner ausl\u00e4ndischen Expeditionen\nstudierte er Vulkangesteine in verschiedenen geotektonischen\nUmwelttypen, z. B. in Nikaragua und auf der James-Ross-Insel in\nAntarktika. Franti\u0161ek V. Holub war Mittglied der\nTschechoslowakischen Gesellschaft f\u00fcr Mineralogie und Geologie und\nsp\u00e4ter der Tschechischen geologischen Gesellschaft. Er ist am 20.\nJuli 2015 in Prag gestorben.<\/p>\n\n\n\n<figure class=\"wp-block-image size-large\"><img loading=\"lazy\" width=\"704\" height=\"543\" src=\"https:\/\/svetkamene.3server.net\/wp-content\/uploads\/2020\/06\/1a-2.jpg\" alt=\"\" class=\"wp-image-1407\" srcset=\"https:\/\/svetkamene.eu\/wp-content\/uploads\/2020\/06\/1a-2.jpg 704w, https:\/\/svetkamene.eu\/wp-content\/uploads\/2020\/06\/1a-2-300x231.jpg 300w\" sizes=\"(max-width: 704px) 100vw, 704px\" \/><\/figure>\n\n\n\n<p>\n\n<strong>Foto\n1a: <\/strong>Franti\u0161ek\nV. Holub bei seiner Forschung &#8230;. Foto: V. Janou\u0161ek 2010.<\/p>\n","protected":false},"excerpt":{"rendered":"<p>Entwicklung der Steinmetzerei im Gebiet \u00f6stlich von \u0158\u00ed\u010dany ist erst seit der H\u00e4lfte des 19&#8230;.<\/p>\n","protected":false},"author":1,"featured_media":1407,"comment_status":"closed","ping_status":"closed","sticky":false,"template":"","format":"standard","meta":{"ngg_post_thumbnail":0},"categories":[342],"tags":[],"yoast_head":"<!-- This site is optimized with the Yoast SEO plugin v19.1 - https:\/\/yoast.com\/wordpress\/plugins\/seo\/ -->\n<title>Durch die Landschaft der Steinmetze im \u0158\u00ed\u010dany-Gebiet \u2013 Teil 1 - Sv\u011bt Kamene<\/title>\n<meta name=\"robots\" content=\"index, follow, max-snippet:-1, max-image-preview:large, max-video-preview:-1\" \/>\n<link rel=\"canonical\" href=\"https:\/\/svetkamene.eu\/index.php\/de\/2020\/04\/03\/durch-die-landschaft-der-steinmetze-im-ricany-gebiet-teil-1\/\" \/>\n<meta property=\"og:locale\" content=\"cs_CZ\" \/>\n<meta property=\"og:type\" content=\"article\" \/>\n<meta property=\"og:title\" content=\"Durch die Landschaft der Steinmetze im \u0158\u00ed\u010dany-Gebiet \u2013 Teil 1 - Sv\u011bt Kamene\" \/>\n<meta property=\"og:description\" content=\"Entwicklung der Steinmetzerei im Gebiet \u00f6stlich von \u0158\u00ed\u010dany ist erst seit der H\u00e4lfte des 19....\" \/>\n<meta property=\"og:url\" content=\"https:\/\/svetkamene.eu\/index.php\/de\/2020\/04\/03\/durch-die-landschaft-der-steinmetze-im-ricany-gebiet-teil-1\/\" \/>\n<meta property=\"og:site_name\" content=\"Sv\u011bt Kamene\" \/>\n<meta property=\"article:published_time\" content=\"2020-04-03T05:00:00+00:00\" \/>\n<meta property=\"article:modified_time\" content=\"2021-04-27T10:57:17+00:00\" \/>\n<meta property=\"og:image\" content=\"https:\/\/svetkamene.eu\/wp-content\/uploads\/2020\/06\/1a-2.jpg\" \/>\n\t<meta property=\"og:image:width\" content=\"704\" \/>\n\t<meta property=\"og:image:height\" content=\"543\" \/>\n\t<meta property=\"og:image:type\" content=\"image\/jpeg\" \/>\n<meta name=\"twitter:card\" content=\"summary_large_image\" \/>\n<meta name=\"twitter:label1\" content=\"Napsal(a)\" \/>\n\t<meta name=\"twitter:data1\" content=\"admin\" \/>\n\t<meta name=\"twitter:label2\" content=\"Odhadovan\u00e1 doba \u010dten\u00ed\" \/>\n\t<meta name=\"twitter:data2\" content=\"3 minuty\" \/>\n<script type=\"application\/ld+json\" class=\"yoast-schema-graph\">{\"@context\":\"https:\/\/schema.org\",\"@graph\":[{\"@type\":\"WebSite\",\"@id\":\"https:\/\/svetkamene.eu\/#website\",\"url\":\"https:\/\/svetkamene.eu\/\",\"name\":\"Sv\u011bt Kamene\",\"description\":\"Port\u00e1l informuj\u00edc\u00ed o v\u0161em co souvis\u00ed s kamenem\",\"potentialAction\":[{\"@type\":\"SearchAction\",\"target\":{\"@type\":\"EntryPoint\",\"urlTemplate\":\"https:\/\/svetkamene.eu\/?s={search_term_string}\"},\"query-input\":\"required name=search_term_string\"}],\"inLanguage\":\"cs\"},{\"@type\":\"ImageObject\",\"inLanguage\":\"cs\",\"@id\":\"https:\/\/svetkamene.eu\/index.php\/de\/2020\/04\/03\/durch-die-landschaft-der-steinmetze-im-ricany-gebiet-teil-1\/#primaryimage\",\"url\":\"https:\/\/svetkamene.eu\/wp-content\/uploads\/2020\/06\/1a-2.jpg\",\"contentUrl\":\"https:\/\/svetkamene.eu\/wp-content\/uploads\/2020\/06\/1a-2.jpg\",\"width\":704,\"height\":543},{\"@type\":\"WebPage\",\"@id\":\"https:\/\/svetkamene.eu\/index.php\/de\/2020\/04\/03\/durch-die-landschaft-der-steinmetze-im-ricany-gebiet-teil-1\/#webpage\",\"url\":\"https:\/\/svetkamene.eu\/index.php\/de\/2020\/04\/03\/durch-die-landschaft-der-steinmetze-im-ricany-gebiet-teil-1\/\",\"name\":\"Durch die Landschaft der Steinmetze im \u0158\u00ed\u010dany-Gebiet \u2013 Teil 1 - Sv\u011bt Kamene\",\"isPartOf\":{\"@id\":\"https:\/\/svetkamene.eu\/#website\"},\"primaryImageOfPage\":{\"@id\":\"https:\/\/svetkamene.eu\/index.php\/de\/2020\/04\/03\/durch-die-landschaft-der-steinmetze-im-ricany-gebiet-teil-1\/#primaryimage\"},\"datePublished\":\"2020-04-03T05:00:00+00:00\",\"dateModified\":\"2021-04-27T10:57:17+00:00\",\"author\":{\"@id\":\"https:\/\/svetkamene.eu\/#\/schema\/person\/b2651ce091933b9bdf5def0f94de46da\"},\"breadcrumb\":{\"@id\":\"https:\/\/svetkamene.eu\/index.php\/de\/2020\/04\/03\/durch-die-landschaft-der-steinmetze-im-ricany-gebiet-teil-1\/#breadcrumb\"},\"inLanguage\":\"cs\",\"potentialAction\":[{\"@type\":\"ReadAction\",\"target\":[\"https:\/\/svetkamene.eu\/index.php\/de\/2020\/04\/03\/durch-die-landschaft-der-steinmetze-im-ricany-gebiet-teil-1\/\"]}]},{\"@type\":\"BreadcrumbList\",\"@id\":\"https:\/\/svetkamene.eu\/index.php\/de\/2020\/04\/03\/durch-die-landschaft-der-steinmetze-im-ricany-gebiet-teil-1\/#breadcrumb\",\"itemListElement\":[{\"@type\":\"ListItem\",\"position\":1,\"name\":\"Dom\u016f\",\"item\":\"https:\/\/svetkamene.eu\/\"},{\"@type\":\"ListItem\",\"position\":2,\"name\":\"Durch die Landschaft der Steinmetze im \u0158\u00ed\u010dany-Gebiet \u2013 Teil 1\"}]},{\"@type\":\"Person\",\"@id\":\"https:\/\/svetkamene.eu\/#\/schema\/person\/b2651ce091933b9bdf5def0f94de46da\",\"name\":\"admin\",\"image\":{\"@type\":\"ImageObject\",\"inLanguage\":\"cs\",\"@id\":\"https:\/\/svetkamene.eu\/#\/schema\/person\/image\/\",\"url\":\"https:\/\/secure.gravatar.com\/avatar\/a0c3b4d0a2dc7b846eed073118b46aa4?s=96&d=mm&r=g\",\"contentUrl\":\"https:\/\/secure.gravatar.com\/avatar\/a0c3b4d0a2dc7b846eed073118b46aa4?s=96&d=mm&r=g\",\"caption\":\"admin\"},\"description\":\"Redakce Sv\u011bta Kamene\",\"url\":\"https:\/\/svetkamene.eu\/index.php\/author\/admin\/\"}]}<\/script>\n<!-- \/ Yoast SEO plugin. -->","yoast_head_json":{"title":"Durch die Landschaft der Steinmetze im \u0158\u00ed\u010dany-Gebiet \u2013 Teil 1 - Sv\u011bt Kamene","robots":{"index":"index","follow":"follow","max-snippet":"max-snippet:-1","max-image-preview":"max-image-preview:large","max-video-preview":"max-video-preview:-1"},"canonical":"https:\/\/svetkamene.eu\/index.php\/de\/2020\/04\/03\/durch-die-landschaft-der-steinmetze-im-ricany-gebiet-teil-1\/","og_locale":"cs_CZ","og_type":"article","og_title":"Durch die Landschaft der Steinmetze im \u0158\u00ed\u010dany-Gebiet \u2013 Teil 1 - Sv\u011bt Kamene","og_description":"Entwicklung der Steinmetzerei im Gebiet \u00f6stlich von \u0158\u00ed\u010dany ist erst seit der H\u00e4lfte des 19....","og_url":"https:\/\/svetkamene.eu\/index.php\/de\/2020\/04\/03\/durch-die-landschaft-der-steinmetze-im-ricany-gebiet-teil-1\/","og_site_name":"Sv\u011bt Kamene","article_published_time":"2020-04-03T05:00:00+00:00","article_modified_time":"2021-04-27T10:57:17+00:00","og_image":[{"width":704,"height":543,"url":"https:\/\/svetkamene.eu\/wp-content\/uploads\/2020\/06\/1a-2.jpg","type":"image\/jpeg"}],"twitter_card":"summary_large_image","twitter_misc":{"Napsal(a)":"admin","Odhadovan\u00e1 doba \u010dten\u00ed":"3 minuty"},"schema":{"@context":"https:\/\/schema.org","@graph":[{"@type":"WebSite","@id":"https:\/\/svetkamene.eu\/#website","url":"https:\/\/svetkamene.eu\/","name":"Sv\u011bt Kamene","description":"Port\u00e1l informuj\u00edc\u00ed o v\u0161em co souvis\u00ed s kamenem","potentialAction":[{"@type":"SearchAction","target":{"@type":"EntryPoint","urlTemplate":"https:\/\/svetkamene.eu\/?s={search_term_string}"},"query-input":"required name=search_term_string"}],"inLanguage":"cs"},{"@type":"ImageObject","inLanguage":"cs","@id":"https:\/\/svetkamene.eu\/index.php\/de\/2020\/04\/03\/durch-die-landschaft-der-steinmetze-im-ricany-gebiet-teil-1\/#primaryimage","url":"https:\/\/svetkamene.eu\/wp-content\/uploads\/2020\/06\/1a-2.jpg","contentUrl":"https:\/\/svetkamene.eu\/wp-content\/uploads\/2020\/06\/1a-2.jpg","width":704,"height":543},{"@type":"WebPage","@id":"https:\/\/svetkamene.eu\/index.php\/de\/2020\/04\/03\/durch-die-landschaft-der-steinmetze-im-ricany-gebiet-teil-1\/#webpage","url":"https:\/\/svetkamene.eu\/index.php\/de\/2020\/04\/03\/durch-die-landschaft-der-steinmetze-im-ricany-gebiet-teil-1\/","name":"Durch die Landschaft der Steinmetze im \u0158\u00ed\u010dany-Gebiet \u2013 Teil 1 - Sv\u011bt Kamene","isPartOf":{"@id":"https:\/\/svetkamene.eu\/#website"},"primaryImageOfPage":{"@id":"https:\/\/svetkamene.eu\/index.php\/de\/2020\/04\/03\/durch-die-landschaft-der-steinmetze-im-ricany-gebiet-teil-1\/#primaryimage"},"datePublished":"2020-04-03T05:00:00+00:00","dateModified":"2021-04-27T10:57:17+00:00","author":{"@id":"https:\/\/svetkamene.eu\/#\/schema\/person\/b2651ce091933b9bdf5def0f94de46da"},"breadcrumb":{"@id":"https:\/\/svetkamene.eu\/index.php\/de\/2020\/04\/03\/durch-die-landschaft-der-steinmetze-im-ricany-gebiet-teil-1\/#breadcrumb"},"inLanguage":"cs","potentialAction":[{"@type":"ReadAction","target":["https:\/\/svetkamene.eu\/index.php\/de\/2020\/04\/03\/durch-die-landschaft-der-steinmetze-im-ricany-gebiet-teil-1\/"]}]},{"@type":"BreadcrumbList","@id":"https:\/\/svetkamene.eu\/index.php\/de\/2020\/04\/03\/durch-die-landschaft-der-steinmetze-im-ricany-gebiet-teil-1\/#breadcrumb","itemListElement":[{"@type":"ListItem","position":1,"name":"Dom\u016f","item":"https:\/\/svetkamene.eu\/"},{"@type":"ListItem","position":2,"name":"Durch die Landschaft der Steinmetze im \u0158\u00ed\u010dany-Gebiet \u2013 Teil 1"}]},{"@type":"Person","@id":"https:\/\/svetkamene.eu\/#\/schema\/person\/b2651ce091933b9bdf5def0f94de46da","name":"admin","image":{"@type":"ImageObject","inLanguage":"cs","@id":"https:\/\/svetkamene.eu\/#\/schema\/person\/image\/","url":"https:\/\/secure.gravatar.com\/avatar\/a0c3b4d0a2dc7b846eed073118b46aa4?s=96&d=mm&r=g","contentUrl":"https:\/\/secure.gravatar.com\/avatar\/a0c3b4d0a2dc7b846eed073118b46aa4?s=96&d=mm&r=g","caption":"admin"},"description":"Redakce Sv\u011bta Kamene","url":"https:\/\/svetkamene.eu\/index.php\/author\/admin\/"}]}},"_links":{"self":[{"href":"https:\/\/svetkamene.eu\/index.php\/wp-json\/wp\/v2\/posts\/1405"}],"collection":[{"href":"https:\/\/svetkamene.eu\/index.php\/wp-json\/wp\/v2\/posts"}],"about":[{"href":"https:\/\/svetkamene.eu\/index.php\/wp-json\/wp\/v2\/types\/post"}],"author":[{"embeddable":true,"href":"https:\/\/svetkamene.eu\/index.php\/wp-json\/wp\/v2\/users\/1"}],"replies":[{"embeddable":true,"href":"https:\/\/svetkamene.eu\/index.php\/wp-json\/wp\/v2\/comments?post=1405"}],"version-history":[{"count":6,"href":"https:\/\/svetkamene.eu\/index.php\/wp-json\/wp\/v2\/posts\/1405\/revisions"}],"predecessor-version":[{"id":3718,"href":"https:\/\/svetkamene.eu\/index.php\/wp-json\/wp\/v2\/posts\/1405\/revisions\/3718"}],"wp:featuredmedia":[{"embeddable":true,"href":"https:\/\/svetkamene.eu\/index.php\/wp-json\/wp\/v2\/media\/1407"}],"wp:attachment":[{"href":"https:\/\/svetkamene.eu\/index.php\/wp-json\/wp\/v2\/media?parent=1405"}],"wp:term":[{"taxonomy":"category","embeddable":true,"href":"https:\/\/svetkamene.eu\/index.php\/wp-json\/wp\/v2\/categories?post=1405"},{"taxonomy":"post_tag","embeddable":true,"href":"https:\/\/svetkamene.eu\/index.php\/wp-json\/wp\/v2\/tags?post=1405"}],"curies":[{"name":"wp","href":"https:\/\/api.w.org\/{rel}","templated":true}]}}