{"id":12446,"date":"2022-06-24T00:43:39","date_gmt":"2022-06-23T22:43:39","guid":{"rendered":"https:\/\/svetkamene.eu\/?p=12446"},"modified":"2022-06-30T17:25:46","modified_gmt":"2022-06-30T15:25:46","slug":"tia-demonstration-der-staerke","status":"publish","type":"post","link":"https:\/\/svetkamene.eu\/index.php\/de\/2022\/06\/24\/tia-demonstration-der-staerke\/","title":{"rendered":"TIA &#8211; DEMONSTRATION DER ST\u00c4RKE"},"content":{"rendered":"<p><strong>Eine verlorene Schlacht, aber ein gewonnener Krieg &#8211; so k\u00f6nnte man das beschreiben, was im August 2019 in S\u00fcdafrika im Brits-Steinbruch geschah. Doch bevor ich dazu komme, muss ich ins Jahr 2013 zur\u00fcckgehen. Der Steinbruch befand sich im Bau (so ziemlich wie immer, denn wie Zenon sagt: \u201eEin Steinbruch ist ein lebender Organismus\u201c). In S\u00fcdafrika legen wir, wie ich bereits beschrieben habe, Berge frei, und daher ist die f\u00fcr den Abbau vorgesehene Fl\u00e4che recht gro\u00df. Wir bauen derzeit drei Berge parallel ab, aber insgesamt handelt es sich um die dritte, vierte und f\u00fcnfte Abbaustelle.<\/strong><\/p>\n<p>&nbsp;<\/p>\n<p>&nbsp;<\/p>\n<p>Im Jahr 2013 waren wir am Standort Nummer zwei, dem sogenannten \u201eLoch\u201c. Wir konnten zwar mehr als 2&nbsp;000&nbsp;m<sup>3<\/sup> Material pro Monat f\u00f6rdern, aber die Produktion war nicht auf dem richtigen Niveau. Je tiefer wir in den Monolithen vordrangen, desto mehr nahm die Abbauleistung ab. Es musste eine radikale Entscheidung getroffen werden, n\u00e4mlich der Umzug an einen neuen Standort, den so genannten \u201eAffenberg&#8220;.<\/p>\n<p>Dar\u00fcber hinaus mussten wir die Stromversorgung des Steinbruchs durch die Gesellschaft Eskom sicherstellen. Eskom ist der Name des staatlichen Konzerns, der Unternehmen und private Verbraucher in S\u00fcdafrika mit Strom versorgt. Wir versuchten auf verschiedene Weise, eine Genehmigung f\u00fcr den Anschluss an das Stromnetz zu bekommen, aber das endete meist schneller, als es begann. Die Buren mit dem Herzen aus Gold &#8211; wei\u00dfe Afrikaner, die von Siedlern des 17.&nbsp;und 18. Jahrhunderts abstammen &#8211; versprachen alles, aber von 2011 bis Anfang 2014 arbeiteten wir mit Dieselkompressoren. Zur gleichen Zeit war der Marabu-Steinbruch von der Gesellschaft Merlin (der bis 2017 in Betrieb war) neben uns in Betrieb. Einer der Partner von Merlin hatte viel Erfahrung im Umgang mit beh\u00f6rdlichen Angelegenheiten und allem, was mit dem Bergbausektor im Allgemeinen zu tun hatte, da sein Bruder im Bergbauministerium arbeitete.<\/p>\n<p>Wie Zenon sagt: \u201eNachbarn sind dazu da, sich gegenseitig zu helfen\u201c. Also beschloss er, ein Treffen zu vereinbaren, wohl wissend, dass seine Hilfe ausschlie\u00dflich vom guten Willen seines Partners abhing.<\/p>\n<p>Das Treffen dauerte nur wenige Minuten und endete mit einem kurzen Satz, der mir immer noch im Ged\u00e4chtnis geblieben ist: \u201eSchlechte Haut, mein Freund, schlechte Haut\u201c. Das war der erste Moment in S\u00fcdafrika, der mich sehr zum Nachdenken gebracht hat. Ich wusste schon vorher, dass man den Buren nicht trauen kann. Aber dass die Schwarzen den Wei\u00dfen &#8211; vor allem den Ausl\u00e4ndern &#8211; so feindlich gesinnt waren, wusste ich nicht! Nach diesem Treffen mussten wir viele Dinge \u00fcberdenken, vom Wechsel des Managers bis hin zum Wechsel des Abbaugebiets.<\/p>\n<p>Der Wendepunkt kam 2014, als Eben in den Steinbruch kam. Ein typischer Bure mit einem Hintergrund in den Apartheid-Milizen, der an einer Bergbauschule in Pretoria studiert hatte. Ein Mann in den Vierzigern, aber einer, der wusste, wie man mit Schwarzen arbeitet, und der nicht unvorsichtig war. Obwohl ich sein Verhalten gegen\u00fcber Schwarzen nicht immer guthei\u00dfen konnte, hat die Zeit alles auf den Pr\u00fcfstand gestellt. Die Geschichte von Ebens Arbeit in unserem Steinbruch hebe ich mir f\u00fcr sp\u00e4ter auf, aber f\u00fcr den Moment m\u00f6chte ich nur einige Fakten nennen. Dank seiner Kontakte zu Eskom konnten wir 2014 unseren Steinbruch Crystal Black Granite mit Strom versorgen, auf einen neuen Standort am \u201eAffenberg\u201c erweitern und die Produktion steigern. Seine gr\u00f6\u00dfte St\u00e4rke war jedoch sein Zugang zu Gespr\u00e4chen mit Schwarzen und Menschen aus der \u201eCommunity\u201c. Noch Jahre sp\u00e4ter werde ich f\u00fcr diese Erfahrungen dankbar sein.<\/p>\n<p>&nbsp;<\/p>\n<p>&nbsp;<\/p>\n<p>&nbsp;<\/p>\n<p>Quelle: <a href=\"https:\/\/www.kurierkamieniarski.pl\/artykuly\/o-kamieniu\/1282-tia-cz-3--demonstracja-siy.html\">Kurier kamieniarski<\/a><\/p>\n<p>Autor: Jacek Kiszkiel | Publiziert: 18.&nbsp;11.&nbsp;2020<\/p>\n","protected":false},"excerpt":{"rendered":"<p>Eine verlorene Schlacht, aber ein gewonnener Krieg &#8211; so k\u00f6nnte man das beschreiben, was im&#8230;<\/p>\n","protected":false},"author":33,"featured_media":9494,"comment_status":"closed","ping_status":"closed","sticky":false,"template":"","format":"standard","meta":{"ngg_post_thumbnail":0},"categories":[378],"tags":[],"yoast_head":"<!-- This site is optimized with the Yoast SEO plugin v19.1 - https:\/\/yoast.com\/wordpress\/plugins\/seo\/ -->\n<title>TIA - DEMONSTRATION DER ST\u00c4RKE - Sv\u011bt Kamene<\/title>\n<meta name=\"description\" content=\"Prohran\u00e1 bitva, ale vyhran\u00e1 v\u00e1lka - tak by se dalo charakterizovat, co se odehr\u00e1lo v srpnu 2019 v Jihoafrick\u00e9 republice v lomu Brits.\" \/>\n<meta name=\"robots\" content=\"index, follow, max-snippet:-1, max-image-preview:large, max-video-preview:-1\" \/>\n<link rel=\"canonical\" href=\"https:\/\/svetkamene.eu\/index.php\/de\/2022\/06\/24\/tia-demonstration-der-staerke\/\" \/>\n<meta property=\"og:locale\" content=\"cs_CZ\" \/>\n<meta property=\"og:type\" content=\"article\" \/>\n<meta property=\"og:title\" content=\"TIA - DEMONSTRATION DER ST\u00c4RKE - Sv\u011bt Kamene\" \/>\n<meta property=\"og:description\" content=\"Prohran\u00e1 bitva, ale vyhran\u00e1 v\u00e1lka - tak by se dalo charakterizovat, co se odehr\u00e1lo v srpnu 2019 v Jihoafrick\u00e9 republice v lomu Brits.\" \/>\n<meta property=\"og:url\" content=\"https:\/\/svetkamene.eu\/index.php\/de\/2022\/06\/24\/tia-demonstration-der-staerke\/\" \/>\n<meta property=\"og:site_name\" content=\"Sv\u011bt Kamene\" \/>\n<meta property=\"article:published_time\" content=\"2022-06-23T22:43:39+00:00\" \/>\n<meta property=\"article:modified_time\" content=\"2022-06-30T15:25:46+00:00\" \/>\n<meta property=\"og:image\" content=\"https:\/\/svetkamene.eu\/wp-content\/uploads\/2022\/06\/108_70_01.jpg\" \/>\n\t<meta property=\"og:image:width\" content=\"640\" \/>\n\t<meta property=\"og:image:height\" content=\"373\" \/>\n\t<meta property=\"og:image:type\" content=\"image\/jpeg\" \/>\n<meta name=\"twitter:card\" content=\"summary_large_image\" \/>\n<meta name=\"twitter:label1\" content=\"Napsal(a)\" \/>\n\t<meta name=\"twitter:data1\" content=\"Lucie Pewinsk\u00e1\" \/>\n\t<meta name=\"twitter:label2\" content=\"Odhadovan\u00e1 doba \u010dten\u00ed\" \/>\n\t<meta name=\"twitter:data2\" content=\"3 minuty\" \/>\n<script type=\"application\/ld+json\" class=\"yoast-schema-graph\">{\"@context\":\"https:\/\/schema.org\",\"@graph\":[{\"@type\":\"WebSite\",\"@id\":\"https:\/\/svetkamene.eu\/#website\",\"url\":\"https:\/\/svetkamene.eu\/\",\"name\":\"Sv\u011bt Kamene\",\"description\":\"Port\u00e1l informuj\u00edc\u00ed o v\u0161em co souvis\u00ed s kamenem\",\"potentialAction\":[{\"@type\":\"SearchAction\",\"target\":{\"@type\":\"EntryPoint\",\"urlTemplate\":\"https:\/\/svetkamene.eu\/?s={search_term_string}\"},\"query-input\":\"required name=search_term_string\"}],\"inLanguage\":\"cs\"},{\"@type\":\"ImageObject\",\"inLanguage\":\"cs\",\"@id\":\"https:\/\/svetkamene.eu\/index.php\/de\/2022\/06\/24\/tia-demonstration-der-staerke\/#primaryimage\",\"url\":\"https:\/\/svetkamene.eu\/wp-content\/uploads\/2022\/06\/108_70_01.jpg\",\"contentUrl\":\"https:\/\/svetkamene.eu\/wp-content\/uploads\/2022\/06\/108_70_01.jpg\",\"width\":640,\"height\":373},{\"@type\":\"WebPage\",\"@id\":\"https:\/\/svetkamene.eu\/index.php\/de\/2022\/06\/24\/tia-demonstration-der-staerke\/#webpage\",\"url\":\"https:\/\/svetkamene.eu\/index.php\/de\/2022\/06\/24\/tia-demonstration-der-staerke\/\",\"name\":\"TIA - DEMONSTRATION DER ST\u00c4RKE - Sv\u011bt Kamene\",\"isPartOf\":{\"@id\":\"https:\/\/svetkamene.eu\/#website\"},\"primaryImageOfPage\":{\"@id\":\"https:\/\/svetkamene.eu\/index.php\/de\/2022\/06\/24\/tia-demonstration-der-staerke\/#primaryimage\"},\"datePublished\":\"2022-06-23T22:43:39+00:00\",\"dateModified\":\"2022-06-30T15:25:46+00:00\",\"author\":{\"@id\":\"https:\/\/svetkamene.eu\/#\/schema\/person\/22178e7b65c1fd6a1efb6f8e1850b6a9\"},\"description\":\"Prohran\u00e1 bitva, ale vyhran\u00e1 v\u00e1lka - tak by se dalo charakterizovat, co se odehr\u00e1lo v srpnu 2019 v Jihoafrick\u00e9 republice v lomu Brits.\",\"breadcrumb\":{\"@id\":\"https:\/\/svetkamene.eu\/index.php\/de\/2022\/06\/24\/tia-demonstration-der-staerke\/#breadcrumb\"},\"inLanguage\":\"cs\",\"potentialAction\":[{\"@type\":\"ReadAction\",\"target\":[\"https:\/\/svetkamene.eu\/index.php\/de\/2022\/06\/24\/tia-demonstration-der-staerke\/\"]}]},{\"@type\":\"BreadcrumbList\",\"@id\":\"https:\/\/svetkamene.eu\/index.php\/de\/2022\/06\/24\/tia-demonstration-der-staerke\/#breadcrumb\",\"itemListElement\":[{\"@type\":\"ListItem\",\"position\":1,\"name\":\"Dom\u016f\",\"item\":\"https:\/\/svetkamene.eu\/\"},{\"@type\":\"ListItem\",\"position\":2,\"name\":\"TIA &#8211; DEMONSTRATION DER ST\u00c4RKE\"}]},{\"@type\":\"Person\",\"@id\":\"https:\/\/svetkamene.eu\/#\/schema\/person\/22178e7b65c1fd6a1efb6f8e1850b6a9\",\"name\":\"Lucie Pewinsk\u00e1\",\"image\":{\"@type\":\"ImageObject\",\"inLanguage\":\"cs\",\"@id\":\"https:\/\/svetkamene.eu\/#\/schema\/person\/image\/\",\"url\":\"https:\/\/secure.gravatar.com\/avatar\/20be4344275189ffb47b096b0910e7ab?s=96&d=mm&r=g\",\"contentUrl\":\"https:\/\/secure.gravatar.com\/avatar\/20be4344275189ffb47b096b0910e7ab?s=96&d=mm&r=g\",\"caption\":\"Lucie Pewinsk\u00e1\"},\"url\":\"https:\/\/svetkamene.eu\/index.php\/author\/lucie-pewinskaseznam-cz\/\"}]}<\/script>\n<!-- \/ Yoast SEO plugin. -->","yoast_head_json":{"title":"TIA - DEMONSTRATION DER ST\u00c4RKE - Sv\u011bt Kamene","description":"Prohran\u00e1 bitva, ale vyhran\u00e1 v\u00e1lka - tak by se dalo charakterizovat, co se odehr\u00e1lo v srpnu 2019 v Jihoafrick\u00e9 republice v lomu Brits.","robots":{"index":"index","follow":"follow","max-snippet":"max-snippet:-1","max-image-preview":"max-image-preview:large","max-video-preview":"max-video-preview:-1"},"canonical":"https:\/\/svetkamene.eu\/index.php\/de\/2022\/06\/24\/tia-demonstration-der-staerke\/","og_locale":"cs_CZ","og_type":"article","og_title":"TIA - DEMONSTRATION DER ST\u00c4RKE - Sv\u011bt Kamene","og_description":"Prohran\u00e1 bitva, ale vyhran\u00e1 v\u00e1lka - tak by se dalo charakterizovat, co se odehr\u00e1lo v srpnu 2019 v Jihoafrick\u00e9 republice v lomu Brits.","og_url":"https:\/\/svetkamene.eu\/index.php\/de\/2022\/06\/24\/tia-demonstration-der-staerke\/","og_site_name":"Sv\u011bt Kamene","article_published_time":"2022-06-23T22:43:39+00:00","article_modified_time":"2022-06-30T15:25:46+00:00","og_image":[{"width":640,"height":373,"url":"https:\/\/svetkamene.eu\/wp-content\/uploads\/2022\/06\/108_70_01.jpg","type":"image\/jpeg"}],"twitter_card":"summary_large_image","twitter_misc":{"Napsal(a)":"Lucie Pewinsk\u00e1","Odhadovan\u00e1 doba \u010dten\u00ed":"3 minuty"},"schema":{"@context":"https:\/\/schema.org","@graph":[{"@type":"WebSite","@id":"https:\/\/svetkamene.eu\/#website","url":"https:\/\/svetkamene.eu\/","name":"Sv\u011bt Kamene","description":"Port\u00e1l informuj\u00edc\u00ed o v\u0161em co souvis\u00ed s kamenem","potentialAction":[{"@type":"SearchAction","target":{"@type":"EntryPoint","urlTemplate":"https:\/\/svetkamene.eu\/?s={search_term_string}"},"query-input":"required name=search_term_string"}],"inLanguage":"cs"},{"@type":"ImageObject","inLanguage":"cs","@id":"https:\/\/svetkamene.eu\/index.php\/de\/2022\/06\/24\/tia-demonstration-der-staerke\/#primaryimage","url":"https:\/\/svetkamene.eu\/wp-content\/uploads\/2022\/06\/108_70_01.jpg","contentUrl":"https:\/\/svetkamene.eu\/wp-content\/uploads\/2022\/06\/108_70_01.jpg","width":640,"height":373},{"@type":"WebPage","@id":"https:\/\/svetkamene.eu\/index.php\/de\/2022\/06\/24\/tia-demonstration-der-staerke\/#webpage","url":"https:\/\/svetkamene.eu\/index.php\/de\/2022\/06\/24\/tia-demonstration-der-staerke\/","name":"TIA - DEMONSTRATION DER ST\u00c4RKE - Sv\u011bt Kamene","isPartOf":{"@id":"https:\/\/svetkamene.eu\/#website"},"primaryImageOfPage":{"@id":"https:\/\/svetkamene.eu\/index.php\/de\/2022\/06\/24\/tia-demonstration-der-staerke\/#primaryimage"},"datePublished":"2022-06-23T22:43:39+00:00","dateModified":"2022-06-30T15:25:46+00:00","author":{"@id":"https:\/\/svetkamene.eu\/#\/schema\/person\/22178e7b65c1fd6a1efb6f8e1850b6a9"},"description":"Prohran\u00e1 bitva, ale vyhran\u00e1 v\u00e1lka - tak by se dalo charakterizovat, co se odehr\u00e1lo v srpnu 2019 v Jihoafrick\u00e9 republice v lomu Brits.","breadcrumb":{"@id":"https:\/\/svetkamene.eu\/index.php\/de\/2022\/06\/24\/tia-demonstration-der-staerke\/#breadcrumb"},"inLanguage":"cs","potentialAction":[{"@type":"ReadAction","target":["https:\/\/svetkamene.eu\/index.php\/de\/2022\/06\/24\/tia-demonstration-der-staerke\/"]}]},{"@type":"BreadcrumbList","@id":"https:\/\/svetkamene.eu\/index.php\/de\/2022\/06\/24\/tia-demonstration-der-staerke\/#breadcrumb","itemListElement":[{"@type":"ListItem","position":1,"name":"Dom\u016f","item":"https:\/\/svetkamene.eu\/"},{"@type":"ListItem","position":2,"name":"TIA &#8211; DEMONSTRATION DER ST\u00c4RKE"}]},{"@type":"Person","@id":"https:\/\/svetkamene.eu\/#\/schema\/person\/22178e7b65c1fd6a1efb6f8e1850b6a9","name":"Lucie Pewinsk\u00e1","image":{"@type":"ImageObject","inLanguage":"cs","@id":"https:\/\/svetkamene.eu\/#\/schema\/person\/image\/","url":"https:\/\/secure.gravatar.com\/avatar\/20be4344275189ffb47b096b0910e7ab?s=96&d=mm&r=g","contentUrl":"https:\/\/secure.gravatar.com\/avatar\/20be4344275189ffb47b096b0910e7ab?s=96&d=mm&r=g","caption":"Lucie Pewinsk\u00e1"},"url":"https:\/\/svetkamene.eu\/index.php\/author\/lucie-pewinskaseznam-cz\/"}]}},"_links":{"self":[{"href":"https:\/\/svetkamene.eu\/index.php\/wp-json\/wp\/v2\/posts\/12446"}],"collection":[{"href":"https:\/\/svetkamene.eu\/index.php\/wp-json\/wp\/v2\/posts"}],"about":[{"href":"https:\/\/svetkamene.eu\/index.php\/wp-json\/wp\/v2\/types\/post"}],"author":[{"embeddable":true,"href":"https:\/\/svetkamene.eu\/index.php\/wp-json\/wp\/v2\/users\/33"}],"replies":[{"embeddable":true,"href":"https:\/\/svetkamene.eu\/index.php\/wp-json\/wp\/v2\/comments?post=12446"}],"version-history":[{"count":1,"href":"https:\/\/svetkamene.eu\/index.php\/wp-json\/wp\/v2\/posts\/12446\/revisions"}],"predecessor-version":[{"id":12448,"href":"https:\/\/svetkamene.eu\/index.php\/wp-json\/wp\/v2\/posts\/12446\/revisions\/12448"}],"wp:featuredmedia":[{"embeddable":true,"href":"https:\/\/svetkamene.eu\/index.php\/wp-json\/wp\/v2\/media\/9494"}],"wp:attachment":[{"href":"https:\/\/svetkamene.eu\/index.php\/wp-json\/wp\/v2\/media?parent=12446"}],"wp:term":[{"taxonomy":"category","embeddable":true,"href":"https:\/\/svetkamene.eu\/index.php\/wp-json\/wp\/v2\/categories?post=12446"},{"taxonomy":"post_tag","embeddable":true,"href":"https:\/\/svetkamene.eu\/index.php\/wp-json\/wp\/v2\/tags?post=12446"}],"curies":[{"name":"wp","href":"https:\/\/api.w.org\/{rel}","templated":true}]}}