{"id":12361,"date":"2022-06-24T13:32:57","date_gmt":"2022-06-24T11:32:57","guid":{"rendered":"https:\/\/svetkamene.eu\/?p=12361"},"modified":"2022-06-30T14:45:28","modified_gmt":"2022-06-30T12:45:28","slug":"steinverkleidung","status":"publish","type":"post","link":"https:\/\/svetkamene.eu\/index.php\/de\/2022\/06\/24\/steinverkleidung\/","title":{"rendered":"Steinverkleidung"},"content":{"rendered":"<p><strong>Bei der Auswahl von Stein f\u00fcr Treppen, B\u00f6den und Terrassen ist es wichtig, die Abriebgruppe zu kennen, zu der der Stein geh\u00f6rt. Gesteine werden \u00fcblicherweise in f\u00fcnf Gruppen eingeteilt.<\/strong><\/p>\n<p>&nbsp;<\/p>\n<p>Die Zugeh\u00f6rigkeit eines Materials zu dieser oder jener Gruppe wird anhand der Dicke der abgeschliffenen Schicht bei einer Intensit\u00e4t von 1 Million Menschen pro Jahr bestimmt.<\/p>\n<p>Zur ersten Gruppe geh\u00f6ren Quarzite und Gesteine der Granitgruppe (die abtragbare Schicht betr\u00e4gt weniger als 0,12 mm pro Jahr). Die zweite Gruppe umfasst Basalte und mikrokristallinen Marmor (von 0,12 bis 0,35 mm). Die dritte Gruppe umfasst lose Basalte, Marmor, Sandsteine und Dolomite (0,35 bis 0,6 mm). Die vierte Gruppe besteht aus marmoriertem Kalkstein, Travertin, Kalkstein und Tuffstein (von 0,6 bis 1,5 mm). Die f\u00fcnfte Gruppe umfasst lose Kalksteine (1,5 bis 2,5 mm). Die Zugeh\u00f6rigkeit zu einer der Gruppen ist jedoch weder eine lineare Indikation noch eine Kontraindikation f\u00fcr die Verwendung von Stein als Bodenbelag. Sprechen wir bedingt, wenn man mit Marmor einen Fu\u00dfboden an der unterirdischen Station legt, wo die Passierbarkeit im Durchschnitt 4 Millionen Personen in einem Jahr macht, wird es ungef\u00e4hr anderthalb Jahrhunderte dienen. Und wenn derselbe Marmor die Treppen in Privatwohnungen verkleidet, werden sie Ihre dankbaren Nachkommen noch 500 Jahre lang auf- und absteigen k\u00f6nnen.<\/p>\n<p>Es gibt zwei grundlegende Arten der Befestigung von Steinverkleidungen an den W\u00e4nden und am Sockel: mit Klebemassen und -verbindungen (die so genannte Nassmethode) und die leimlose Methode &#8211; durch verschiedene Befestigungssysteme. Eine Zwischenvariante wird auch verwendet, wenn die Platten mechanisch an der Wand befestigt werden und der Raum zwischen der Wand und der Wandverkleidung mit M\u00f6rtel ausgef\u00fcllt wird. In vielen F\u00e4llen sind die Bretter nicht nur an der Wand befestigt, sondern auch miteinander verschr\u00e4nkt.<\/p>\n<p>Oberfl\u00e4chenbeschichtungen bis zu 0,4&nbsp;m<sup>2<\/sup> und einer Dicke von bis zu 10 mm k\u00f6nnen ohne zus\u00e4tzliche Befestigung geklebt werden, wie von der Bauordnung gefordert. Gr\u00f6\u00dfere Elemente hingegen erfordern neben dem M\u00f6rtel eine zus\u00e4tzliche Befestigung an der Wand. F\u00fcr die \u201enasse\u201c Verlegung gibt es Einschr\u00e4nkungen hinsichtlich der Geb\u00e4udeh\u00f6he. Es gibt jedoch keine spezifischen Normen, und die H\u00f6he wird f\u00fcr jedes Projekt individuell berechnet. In der Regel gelten solche Beschr\u00e4nkungen jedoch f\u00fcr Hochh\u00e4user (5 Stockwerke und mehr).<\/p>\n<p>Die einzige bauordnungsrechtliche Anforderung an die Textur des Steins bezieht sich auf die Dicke der Platte. Buchard-behandelte, ges\u00e4gte und wilde Steinplatten sind dicker und schwerer als normale polierte Platten und sollten daher nur auf M\u00f6rtel verlegt werden, wobei die Fugen nach der Verlegung mit Dichtungsmasse zu f\u00fcllen sind.<\/p>\n<p>&nbsp;<\/p>\n<p>&nbsp;<\/p>\n<p>Quelle: <a href=\"https:\/\/dvamolotka.ru\">www.dvamolotka.ru<\/a><\/p>\n","protected":false},"excerpt":{"rendered":"<p>Bei der Auswahl von Stein f\u00fcr Treppen, B\u00f6den und Terrassen ist es wichtig, die Abriebgruppe&#8230;<\/p>\n","protected":false},"author":13,"featured_media":9567,"comment_status":"closed","ping_status":"closed","sticky":false,"template":"","format":"standard","meta":{"ngg_post_thumbnail":0},"categories":[386],"tags":[],"yoast_head":"<!-- This site is optimized with the Yoast SEO plugin v19.1 - https:\/\/yoast.com\/wordpress\/plugins\/seo\/ -->\n<title>Steinverkleidung - Sv\u011bt Kamene<\/title>\n<meta name=\"description\" content=\"P\u0159i v\u00fdb\u011bru kamene je d\u016fle\u017eit\u00e9 v\u011bd\u011bt, do jak\u00e9 skupiny k\u00e1men pat\u0159\u00ed, co se t\u00fd\u010de odolnosti proti od\u011bru. Obvykl\u00e9 je d\u011blen\u00ed do p\u011bti skupin.\" \/>\n<meta name=\"robots\" content=\"index, follow, max-snippet:-1, max-image-preview:large, max-video-preview:-1\" \/>\n<link rel=\"canonical\" href=\"https:\/\/svetkamene.eu\/index.php\/de\/2022\/06\/24\/steinverkleidung\/\" \/>\n<meta property=\"og:locale\" content=\"cs_CZ\" \/>\n<meta property=\"og:type\" content=\"article\" \/>\n<meta property=\"og:title\" content=\"Steinverkleidung - Sv\u011bt Kamene\" \/>\n<meta property=\"og:description\" content=\"P\u0159i v\u00fdb\u011bru kamene je d\u016fle\u017eit\u00e9 v\u011bd\u011bt, do jak\u00e9 skupiny k\u00e1men pat\u0159\u00ed, co se t\u00fd\u010de odolnosti proti od\u011bru. Obvykl\u00e9 je d\u011blen\u00ed do p\u011bti skupin.\" \/>\n<meta property=\"og:url\" content=\"https:\/\/svetkamene.eu\/index.php\/de\/2022\/06\/24\/steinverkleidung\/\" \/>\n<meta property=\"og:site_name\" content=\"Sv\u011bt Kamene\" \/>\n<meta property=\"article:published_time\" content=\"2022-06-24T11:32:57+00:00\" \/>\n<meta property=\"article:modified_time\" content=\"2022-06-30T12:45:28+00:00\" \/>\n<meta property=\"og:image\" content=\"https:\/\/svetkamene.eu\/wp-content\/uploads\/2022\/06\/vWaHkAltrEyGUsJc.jpg\" \/>\n\t<meta property=\"og:image:width\" content=\"200\" \/>\n\t<meta property=\"og:image:height\" content=\"150\" \/>\n\t<meta property=\"og:image:type\" content=\"image\/jpeg\" \/>\n<meta name=\"twitter:card\" content=\"summary_large_image\" \/>\n<meta name=\"twitter:label1\" content=\"Napsal(a)\" \/>\n\t<meta name=\"twitter:data1\" content=\"Kate\u0159ina Markvartov\u00e1\" \/>\n\t<meta name=\"twitter:label2\" content=\"Odhadovan\u00e1 doba \u010dten\u00ed\" \/>\n\t<meta name=\"twitter:data2\" content=\"3 minuty\" \/>\n<script type=\"application\/ld+json\" class=\"yoast-schema-graph\">{\"@context\":\"https:\/\/schema.org\",\"@graph\":[{\"@type\":\"WebSite\",\"@id\":\"https:\/\/svetkamene.eu\/#website\",\"url\":\"https:\/\/svetkamene.eu\/\",\"name\":\"Sv\u011bt Kamene\",\"description\":\"Port\u00e1l informuj\u00edc\u00ed o v\u0161em co souvis\u00ed s kamenem\",\"potentialAction\":[{\"@type\":\"SearchAction\",\"target\":{\"@type\":\"EntryPoint\",\"urlTemplate\":\"https:\/\/svetkamene.eu\/?s={search_term_string}\"},\"query-input\":\"required name=search_term_string\"}],\"inLanguage\":\"cs\"},{\"@type\":\"ImageObject\",\"inLanguage\":\"cs\",\"@id\":\"https:\/\/svetkamene.eu\/index.php\/de\/2022\/06\/24\/steinverkleidung\/#primaryimage\",\"url\":\"https:\/\/svetkamene.eu\/wp-content\/uploads\/2022\/06\/vWaHkAltrEyGUsJc.jpg\",\"contentUrl\":\"https:\/\/svetkamene.eu\/wp-content\/uploads\/2022\/06\/vWaHkAltrEyGUsJc.jpg\",\"width\":200,\"height\":150},{\"@type\":\"WebPage\",\"@id\":\"https:\/\/svetkamene.eu\/index.php\/de\/2022\/06\/24\/steinverkleidung\/#webpage\",\"url\":\"https:\/\/svetkamene.eu\/index.php\/de\/2022\/06\/24\/steinverkleidung\/\",\"name\":\"Steinverkleidung - Sv\u011bt Kamene\",\"isPartOf\":{\"@id\":\"https:\/\/svetkamene.eu\/#website\"},\"primaryImageOfPage\":{\"@id\":\"https:\/\/svetkamene.eu\/index.php\/de\/2022\/06\/24\/steinverkleidung\/#primaryimage\"},\"datePublished\":\"2022-06-24T11:32:57+00:00\",\"dateModified\":\"2022-06-30T12:45:28+00:00\",\"author\":{\"@id\":\"https:\/\/svetkamene.eu\/#\/schema\/person\/9796ccd50eb4bef1ae8524fac2dfbc9a\"},\"description\":\"P\u0159i v\u00fdb\u011bru kamene je d\u016fle\u017eit\u00e9 v\u011bd\u011bt, do jak\u00e9 skupiny k\u00e1men pat\u0159\u00ed, co se t\u00fd\u010de odolnosti proti od\u011bru. Obvykl\u00e9 je d\u011blen\u00ed do p\u011bti skupin.\",\"breadcrumb\":{\"@id\":\"https:\/\/svetkamene.eu\/index.php\/de\/2022\/06\/24\/steinverkleidung\/#breadcrumb\"},\"inLanguage\":\"cs\",\"potentialAction\":[{\"@type\":\"ReadAction\",\"target\":[\"https:\/\/svetkamene.eu\/index.php\/de\/2022\/06\/24\/steinverkleidung\/\"]}]},{\"@type\":\"BreadcrumbList\",\"@id\":\"https:\/\/svetkamene.eu\/index.php\/de\/2022\/06\/24\/steinverkleidung\/#breadcrumb\",\"itemListElement\":[{\"@type\":\"ListItem\",\"position\":1,\"name\":\"Dom\u016f\",\"item\":\"https:\/\/svetkamene.eu\/\"},{\"@type\":\"ListItem\",\"position\":2,\"name\":\"Steinverkleidung\"}]},{\"@type\":\"Person\",\"@id\":\"https:\/\/svetkamene.eu\/#\/schema\/person\/9796ccd50eb4bef1ae8524fac2dfbc9a\",\"name\":\"Kate\u0159ina Markvartov\u00e1\",\"image\":{\"@type\":\"ImageObject\",\"inLanguage\":\"cs\",\"@id\":\"https:\/\/svetkamene.eu\/#\/schema\/person\/image\/\",\"url\":\"https:\/\/secure.gravatar.com\/avatar\/9c2d86222d8e1ce7b67da7f6ec0761a7?s=96&d=mm&r=g\",\"contentUrl\":\"https:\/\/secure.gravatar.com\/avatar\/9c2d86222d8e1ce7b67da7f6ec0761a7?s=96&d=mm&r=g\",\"caption\":\"Kate\u0159ina Markvartov\u00e1\"},\"url\":\"https:\/\/svetkamene.eu\/index.php\/author\/ka-markvartovagmail-com\/\"}]}<\/script>\n<!-- \/ Yoast SEO plugin. -->","yoast_head_json":{"title":"Steinverkleidung - Sv\u011bt Kamene","description":"P\u0159i v\u00fdb\u011bru kamene je d\u016fle\u017eit\u00e9 v\u011bd\u011bt, do jak\u00e9 skupiny k\u00e1men pat\u0159\u00ed, co se t\u00fd\u010de odolnosti proti od\u011bru. Obvykl\u00e9 je d\u011blen\u00ed do p\u011bti skupin.","robots":{"index":"index","follow":"follow","max-snippet":"max-snippet:-1","max-image-preview":"max-image-preview:large","max-video-preview":"max-video-preview:-1"},"canonical":"https:\/\/svetkamene.eu\/index.php\/de\/2022\/06\/24\/steinverkleidung\/","og_locale":"cs_CZ","og_type":"article","og_title":"Steinverkleidung - Sv\u011bt Kamene","og_description":"P\u0159i v\u00fdb\u011bru kamene je d\u016fle\u017eit\u00e9 v\u011bd\u011bt, do jak\u00e9 skupiny k\u00e1men pat\u0159\u00ed, co se t\u00fd\u010de odolnosti proti od\u011bru. Obvykl\u00e9 je d\u011blen\u00ed do p\u011bti skupin.","og_url":"https:\/\/svetkamene.eu\/index.php\/de\/2022\/06\/24\/steinverkleidung\/","og_site_name":"Sv\u011bt Kamene","article_published_time":"2022-06-24T11:32:57+00:00","article_modified_time":"2022-06-30T12:45:28+00:00","og_image":[{"width":200,"height":150,"url":"https:\/\/svetkamene.eu\/wp-content\/uploads\/2022\/06\/vWaHkAltrEyGUsJc.jpg","type":"image\/jpeg"}],"twitter_card":"summary_large_image","twitter_misc":{"Napsal(a)":"Kate\u0159ina Markvartov\u00e1","Odhadovan\u00e1 doba \u010dten\u00ed":"3 minuty"},"schema":{"@context":"https:\/\/schema.org","@graph":[{"@type":"WebSite","@id":"https:\/\/svetkamene.eu\/#website","url":"https:\/\/svetkamene.eu\/","name":"Sv\u011bt Kamene","description":"Port\u00e1l informuj\u00edc\u00ed o v\u0161em co souvis\u00ed s kamenem","potentialAction":[{"@type":"SearchAction","target":{"@type":"EntryPoint","urlTemplate":"https:\/\/svetkamene.eu\/?s={search_term_string}"},"query-input":"required name=search_term_string"}],"inLanguage":"cs"},{"@type":"ImageObject","inLanguage":"cs","@id":"https:\/\/svetkamene.eu\/index.php\/de\/2022\/06\/24\/steinverkleidung\/#primaryimage","url":"https:\/\/svetkamene.eu\/wp-content\/uploads\/2022\/06\/vWaHkAltrEyGUsJc.jpg","contentUrl":"https:\/\/svetkamene.eu\/wp-content\/uploads\/2022\/06\/vWaHkAltrEyGUsJc.jpg","width":200,"height":150},{"@type":"WebPage","@id":"https:\/\/svetkamene.eu\/index.php\/de\/2022\/06\/24\/steinverkleidung\/#webpage","url":"https:\/\/svetkamene.eu\/index.php\/de\/2022\/06\/24\/steinverkleidung\/","name":"Steinverkleidung - Sv\u011bt Kamene","isPartOf":{"@id":"https:\/\/svetkamene.eu\/#website"},"primaryImageOfPage":{"@id":"https:\/\/svetkamene.eu\/index.php\/de\/2022\/06\/24\/steinverkleidung\/#primaryimage"},"datePublished":"2022-06-24T11:32:57+00:00","dateModified":"2022-06-30T12:45:28+00:00","author":{"@id":"https:\/\/svetkamene.eu\/#\/schema\/person\/9796ccd50eb4bef1ae8524fac2dfbc9a"},"description":"P\u0159i v\u00fdb\u011bru kamene je d\u016fle\u017eit\u00e9 v\u011bd\u011bt, do jak\u00e9 skupiny k\u00e1men pat\u0159\u00ed, co se t\u00fd\u010de odolnosti proti od\u011bru. Obvykl\u00e9 je d\u011blen\u00ed do p\u011bti skupin.","breadcrumb":{"@id":"https:\/\/svetkamene.eu\/index.php\/de\/2022\/06\/24\/steinverkleidung\/#breadcrumb"},"inLanguage":"cs","potentialAction":[{"@type":"ReadAction","target":["https:\/\/svetkamene.eu\/index.php\/de\/2022\/06\/24\/steinverkleidung\/"]}]},{"@type":"BreadcrumbList","@id":"https:\/\/svetkamene.eu\/index.php\/de\/2022\/06\/24\/steinverkleidung\/#breadcrumb","itemListElement":[{"@type":"ListItem","position":1,"name":"Dom\u016f","item":"https:\/\/svetkamene.eu\/"},{"@type":"ListItem","position":2,"name":"Steinverkleidung"}]},{"@type":"Person","@id":"https:\/\/svetkamene.eu\/#\/schema\/person\/9796ccd50eb4bef1ae8524fac2dfbc9a","name":"Kate\u0159ina Markvartov\u00e1","image":{"@type":"ImageObject","inLanguage":"cs","@id":"https:\/\/svetkamene.eu\/#\/schema\/person\/image\/","url":"https:\/\/secure.gravatar.com\/avatar\/9c2d86222d8e1ce7b67da7f6ec0761a7?s=96&d=mm&r=g","contentUrl":"https:\/\/secure.gravatar.com\/avatar\/9c2d86222d8e1ce7b67da7f6ec0761a7?s=96&d=mm&r=g","caption":"Kate\u0159ina Markvartov\u00e1"},"url":"https:\/\/svetkamene.eu\/index.php\/author\/ka-markvartovagmail-com\/"}]}},"_links":{"self":[{"href":"https:\/\/svetkamene.eu\/index.php\/wp-json\/wp\/v2\/posts\/12361"}],"collection":[{"href":"https:\/\/svetkamene.eu\/index.php\/wp-json\/wp\/v2\/posts"}],"about":[{"href":"https:\/\/svetkamene.eu\/index.php\/wp-json\/wp\/v2\/types\/post"}],"author":[{"embeddable":true,"href":"https:\/\/svetkamene.eu\/index.php\/wp-json\/wp\/v2\/users\/13"}],"replies":[{"embeddable":true,"href":"https:\/\/svetkamene.eu\/index.php\/wp-json\/wp\/v2\/comments?post=12361"}],"version-history":[{"count":1,"href":"https:\/\/svetkamene.eu\/index.php\/wp-json\/wp\/v2\/posts\/12361\/revisions"}],"predecessor-version":[{"id":12362,"href":"https:\/\/svetkamene.eu\/index.php\/wp-json\/wp\/v2\/posts\/12361\/revisions\/12362"}],"wp:featuredmedia":[{"embeddable":true,"href":"https:\/\/svetkamene.eu\/index.php\/wp-json\/wp\/v2\/media\/9567"}],"wp:attachment":[{"href":"https:\/\/svetkamene.eu\/index.php\/wp-json\/wp\/v2\/media?parent=12361"}],"wp:term":[{"taxonomy":"category","embeddable":true,"href":"https:\/\/svetkamene.eu\/index.php\/wp-json\/wp\/v2\/categories?post=12361"},{"taxonomy":"post_tag","embeddable":true,"href":"https:\/\/svetkamene.eu\/index.php\/wp-json\/wp\/v2\/tags?post=12361"}],"curies":[{"name":"wp","href":"https:\/\/api.w.org\/{rel}","templated":true}]}}