{"id":11953,"date":"2022-06-23T23:24:17","date_gmt":"2022-06-23T21:24:17","guid":{"rendered":"https:\/\/svetkamene.eu\/?p=11953"},"modified":"2022-07-29T23:55:01","modified_gmt":"2022-07-29T21:55:01","slug":"w-zwiazku-z-calacatta-w-ceramice-granit-z-betonu-zbik-z-chin-czyli-czy-nazwa-ma-znaczenie","status":"publish","type":"post","link":"https:\/\/svetkamene.eu\/index.php\/pl\/2022\/06\/23\/w-zwiazku-z-calacatta-w-ceramice-granit-z-betonu-zbik-z-chin-czyli-czy-nazwa-ma-znaczenie\/","title":{"rendered":"W ZWI\u0104ZKU Z&#8230; CALACATTA W CERAMICE, GRANIT Z&nbsp;BETONU, \u017bBIK Z&nbsp;CHIN, CZYLI CZY NAZWA MA ZNACZENIE?"},"content":{"rendered":"<p><strong>Kontrowersje zwi\u0105zane z&nbsp;zapo\u017cyczaniem powszechnie znanych nazw wynikaj\u0105cych z\u2008geograficznego pochodzenia oraz wieloletniej, a&nbsp;cz\u0119sto wielowiekowej tradycji przez producent\u00f3w i&nbsp;sprzedawc\u00f3w substytut\u00f3w lub kamieni naturalnych pochodz\u0105cych z&nbsp;innych region\u00f3w, nie s\u0105 niczym nowym. Poniewa\u017c w starciu r\u00f3\u017cnych interes\u00f3w sp\u00f3r mo\u017ce si\u0119 toczy\u0107 w niesko\u0144czono\u015b\u0107, Komisja Europejska podj\u0119\u0142a obecnie decyzj\u0119 o&nbsp;rozpocz\u0119ciu procedury konsultacji, czy zasadne jest wprowadzenie ochrony produkt\u00f3w nierolnych w ramach sprawnego i&nbsp;przejrzystego unijnego systemu ochrony oznacze\u0144 geograficznych.<\/strong><\/p>\n<p>&nbsp;<\/p>\n<p>Nierolnych, poniewa\u017c ochrona nazw pochodzenia zwi\u0105zanych z&nbsp;\u017cywno\u015bci\u0105 zafunkcjonowa\u0142a na rynku unijnym ju\u017c jaki\u015b czas temu. Szynka parme\u0144ska, wino Bordeaux czy oscypek z&nbsp;Podhala s\u0105 w powszechnej \u015bwiadomo\u015bci przypisane do konkretnych miejsc, a\u2008wszelkie pr\u00f3by wykorzystania nazwy ko\u0144cz\u0105 si\u0119 procesami karnymi.<\/p>\n<p>Poniewa\u017c temat ten jest poruszany na ka\u017cdym spotkaniu organizowanym przez Euroroc, poni\u017cej przedstawiam bie\u017c\u0105ce stanowisko, kt\u00f3re opisuje pojawiaj\u0105ce si\u0119 w korespondencji i&nbsp;na spotkaniach opinie.<\/p>\n<p>Sprawa dotyczy wielu ogniw bran\u017cy: od firm wydobywczych, przez importer\u00f3w, hurtownie, po&nbsp;zak\u0142ady kamieniarskie i&nbsp;punkty sprzeda\u017cy. Przede wszystkim, je\u015bli taka ochrona wejdzie w \u017cycie, kamienie naturalne o&nbsp;fa\u0142szywych nazwach (na przyk\u0142ad: Calacatta Marble, pochodz\u0105cy z&nbsp;innego miejsca ni\u017c Carrara) nie b\u0119d\u0105 ju\u017c mog\u0142y by\u0107 przywo\u017cone do UE, ani sprzedawane tu pod\u2008t\u0105 nazw\u0105.<\/p>\n<p>Z punktu widzenia kamieniarzy, jeszcze wi\u0119kszym problemem s\u0105 praktyki przemys\u0142u ceramicznego i\u2008wyrob\u00f3w betonowych, gdzie nadawanie swoim produktom nazw kamieni naturalnych cz\u0119sto wprowadza w b\u0142\u0105d konsument\u00f3w. Wiele przyk\u0142ad\u00f3w w marketach budowlanych jest tego wymownym \u015bwiadectwem.<\/p>\n<p>Komisja Europejska zaprasza nas obecnie do udzia\u0142u w konsultacjach publicznych pt. Og\u00f3lnounijna ochrona oznacze\u0144 geograficznych produkt\u00f3w nierolnych.<br \/>\nKonsultacje, dost\u0119pne w j\u0119zykach urz\u0119dowych UE, potrwaj\u0105 12 tygodni, do 22 lipca 2021 r. w\u0142\u0105cznie. Celem konsultacji jest zebranie opinii wszystkich zainteresowanych stron, kt\u00f3re b\u0119d\u0105 mia\u0142y okazj\u0119 wypowiedzie\u0107 si\u0119 na temat problem\u00f3w zwi\u0105zanych z&nbsp;istniej\u0105c\u0105 ochron\u0105 prawn\u0105 na rynku wewn\u0119trznym autentyczno\u015bci nierolnych produkt\u00f3w, w powi\u0105zaniu z\u2008ich geograficznym pochodzeniem, korzy\u015bci i&nbsp;zagro\u017ce\u0144 zwi\u0105zanych z&nbsp;dzia\u0142aniami UE, dost\u0119pnych opcji ochrony, w tym kontroli i&nbsp;egzekwowania w\u2008przysz\u0142o\u015bci unijnego systemu ochrony takich produkt\u00f3w i&nbsp;mo\u017cliwych konsekwencji takiej polityki.<br \/>\nEuroroc poprosi\u0142 nas o&nbsp;przekazanie tej informacji firmom kamieniarskim \u2013 cz\u0142onkom PZK, by mog\u0142y r\u00f3wnie\u017c wyrazi\u0107 swoj\u0105 opini\u0119. Za po\u015brednictwem Kuriera Kamieniarskiego czynimy to szerzej, w\u015br\u00f3d wszystkich firm bran\u017cy.<\/p>\n<p>Odpowiedzi nale\u017cy sk\u0142ada\u0107 do 22 lipca korzystaj\u0105c z\u2008linku umieszczonego na stronie www.kamieniarze.org.pl. Oczywi\u015bcie prosimy o&nbsp;podzielenie si\u0119 swoj\u0105 opini\u0105 z&nbsp;nami!<\/p>\n<p>&nbsp;<\/p>\n<p>&nbsp;<\/p>\n<p>Zdroj:&nbsp;<a href=\"https:\/\/www.kurierkamieniarski.pl\/artykuly\/z-branzy\/1344-w-zwizku-z-calacatta-w-ceramice-granit-z-betonu-bik-z-chin-czyli-czy-nazwa-ma-znaczenie.html\">Kurier kamieniarski<\/a><\/p>\n<p><span class=\"auth_inf\">Autor: Krzysztof Skolak PZK&nbsp;<\/span>&nbsp;&nbsp;|&nbsp;&nbsp;&nbsp;<span class=\"dat_cont\">Data: \u015broda, 12 maja 2021<\/span><\/p>\n","protected":false},"excerpt":{"rendered":"<p>Kontrowersje zwi\u0105zane z&nbsp;zapo\u017cyczaniem powszechnie znanych nazw wynikaj\u0105cych z\u2008geograficznego pochodzenia oraz wieloletniej, a&nbsp;cz\u0119sto wielowiekowej tradycji przez&#8230;<\/p>\n","protected":false},"author":40,"featured_media":9461,"comment_status":"closed","ping_status":"closed","sticky":false,"template":"","format":"standard","meta":{"ngg_post_thumbnail":0},"categories":[374],"tags":[],"yoast_head":"<!-- This site is optimized with the Yoast SEO plugin v19.1 - https:\/\/yoast.com\/wordpress\/plugins\/seo\/ -->\n<title>W ZWI\u0104ZKU Z... CALACATTA W CERAMICE, GRANIT Z BETONU, \u017bBIK Z CHIN, CZYLI CZY NAZWA MA ZNACZENIE? - Sv\u011bt Kamene<\/title>\n<meta name=\"description\" content=\"Diskuse o p\u0159ej\u00edm\u00e1n\u00ed zn\u00e1m\u00fdch n\u00e1zv\u016f a pojmenov\u00e1n\u00ed odvozen\u00fdch od m\u00edsta p\u016fvodu \u010di vych\u00e1zej\u00edc\u00edch z dlouholet\u00fdch, \u010dasto po stalet\u00ed trvaj\u00edc\u00edch.\" \/>\n<meta name=\"robots\" content=\"index, follow, max-snippet:-1, max-image-preview:large, max-video-preview:-1\" \/>\n<link rel=\"canonical\" href=\"https:\/\/svetkamene.eu\/index.php\/pl\/2022\/06\/23\/w-zwiazku-z-calacatta-w-ceramice-granit-z-betonu-zbik-z-chin-czyli-czy-nazwa-ma-znaczenie\/\" \/>\n<meta property=\"og:locale\" content=\"cs_CZ\" \/>\n<meta property=\"og:type\" content=\"article\" \/>\n<meta property=\"og:title\" content=\"W ZWI\u0104ZKU Z... CALACATTA W CERAMICE, GRANIT Z BETONU, \u017bBIK Z CHIN, CZYLI CZY NAZWA MA ZNACZENIE? - Sv\u011bt Kamene\" \/>\n<meta property=\"og:description\" content=\"Diskuse o p\u0159ej\u00edm\u00e1n\u00ed zn\u00e1m\u00fdch n\u00e1zv\u016f a pojmenov\u00e1n\u00ed odvozen\u00fdch od m\u00edsta p\u016fvodu \u010di vych\u00e1zej\u00edc\u00edch z dlouholet\u00fdch, \u010dasto po stalet\u00ed trvaj\u00edc\u00edch.\" \/>\n<meta property=\"og:url\" content=\"https:\/\/svetkamene.eu\/index.php\/pl\/2022\/06\/23\/w-zwiazku-z-calacatta-w-ceramice-granit-z-betonu-zbik-z-chin-czyli-czy-nazwa-ma-znaczenie\/\" \/>\n<meta property=\"og:site_name\" content=\"Sv\u011bt Kamene\" \/>\n<meta property=\"article:published_time\" content=\"2022-06-23T21:24:17+00:00\" \/>\n<meta property=\"article:modified_time\" content=\"2022-07-29T21:55:01+00:00\" \/>\n<meta property=\"og:image\" content=\"https:\/\/svetkamene.eu\/wp-content\/uploads\/2022\/06\/scrabble-15546_1920.jpg\" \/>\n\t<meta property=\"og:image:width\" content=\"640\" \/>\n\t<meta property=\"og:image:height\" content=\"426\" \/>\n\t<meta property=\"og:image:type\" content=\"image\/jpeg\" \/>\n<meta name=\"twitter:card\" content=\"summary_large_image\" \/>\n<meta name=\"twitter:label1\" content=\"Napsal(a)\" \/>\n\t<meta name=\"twitter:data1\" content=\"Anna Je\u0159\u00e1bkov\u00e1\" \/>\n\t<meta name=\"twitter:label2\" content=\"Odhadovan\u00e1 doba \u010dten\u00ed\" \/>\n\t<meta name=\"twitter:data2\" content=\"3 minuty\" \/>\n<script type=\"application\/ld+json\" class=\"yoast-schema-graph\">{\"@context\":\"https:\/\/schema.org\",\"@graph\":[{\"@type\":\"WebSite\",\"@id\":\"https:\/\/svetkamene.eu\/#website\",\"url\":\"https:\/\/svetkamene.eu\/\",\"name\":\"Sv\u011bt Kamene\",\"description\":\"Port\u00e1l informuj\u00edc\u00ed o v\u0161em co souvis\u00ed s kamenem\",\"potentialAction\":[{\"@type\":\"SearchAction\",\"target\":{\"@type\":\"EntryPoint\",\"urlTemplate\":\"https:\/\/svetkamene.eu\/?s={search_term_string}\"},\"query-input\":\"required name=search_term_string\"}],\"inLanguage\":\"cs\"},{\"@type\":\"ImageObject\",\"inLanguage\":\"cs\",\"@id\":\"https:\/\/svetkamene.eu\/index.php\/pl\/2022\/06\/23\/w-zwiazku-z-calacatta-w-ceramice-granit-z-betonu-zbik-z-chin-czyli-czy-nazwa-ma-znaczenie\/#primaryimage\",\"url\":\"https:\/\/svetkamene.eu\/wp-content\/uploads\/2022\/06\/scrabble-15546_1920.jpg\",\"contentUrl\":\"https:\/\/svetkamene.eu\/wp-content\/uploads\/2022\/06\/scrabble-15546_1920.jpg\",\"width\":640,\"height\":426},{\"@type\":\"WebPage\",\"@id\":\"https:\/\/svetkamene.eu\/index.php\/pl\/2022\/06\/23\/w-zwiazku-z-calacatta-w-ceramice-granit-z-betonu-zbik-z-chin-czyli-czy-nazwa-ma-znaczenie\/#webpage\",\"url\":\"https:\/\/svetkamene.eu\/index.php\/pl\/2022\/06\/23\/w-zwiazku-z-calacatta-w-ceramice-granit-z-betonu-zbik-z-chin-czyli-czy-nazwa-ma-znaczenie\/\",\"name\":\"W ZWI\u0104ZKU Z... CALACATTA W CERAMICE, GRANIT Z BETONU, \u017bBIK Z CHIN, CZYLI CZY NAZWA MA ZNACZENIE? - Sv\u011bt Kamene\",\"isPartOf\":{\"@id\":\"https:\/\/svetkamene.eu\/#website\"},\"primaryImageOfPage\":{\"@id\":\"https:\/\/svetkamene.eu\/index.php\/pl\/2022\/06\/23\/w-zwiazku-z-calacatta-w-ceramice-granit-z-betonu-zbik-z-chin-czyli-czy-nazwa-ma-znaczenie\/#primaryimage\"},\"datePublished\":\"2022-06-23T21:24:17+00:00\",\"dateModified\":\"2022-07-29T21:55:01+00:00\",\"author\":{\"@id\":\"https:\/\/svetkamene.eu\/#\/schema\/person\/aeaf156cef73320c5b0cf39bd70fc4a7\"},\"description\":\"Diskuse o p\u0159ej\u00edm\u00e1n\u00ed zn\u00e1m\u00fdch n\u00e1zv\u016f a pojmenov\u00e1n\u00ed odvozen\u00fdch od m\u00edsta p\u016fvodu \u010di vych\u00e1zej\u00edc\u00edch z dlouholet\u00fdch, \u010dasto po stalet\u00ed trvaj\u00edc\u00edch.\",\"breadcrumb\":{\"@id\":\"https:\/\/svetkamene.eu\/index.php\/pl\/2022\/06\/23\/w-zwiazku-z-calacatta-w-ceramice-granit-z-betonu-zbik-z-chin-czyli-czy-nazwa-ma-znaczenie\/#breadcrumb\"},\"inLanguage\":\"cs\",\"potentialAction\":[{\"@type\":\"ReadAction\",\"target\":[\"https:\/\/svetkamene.eu\/index.php\/pl\/2022\/06\/23\/w-zwiazku-z-calacatta-w-ceramice-granit-z-betonu-zbik-z-chin-czyli-czy-nazwa-ma-znaczenie\/\"]}]},{\"@type\":\"BreadcrumbList\",\"@id\":\"https:\/\/svetkamene.eu\/index.php\/pl\/2022\/06\/23\/w-zwiazku-z-calacatta-w-ceramice-granit-z-betonu-zbik-z-chin-czyli-czy-nazwa-ma-znaczenie\/#breadcrumb\",\"itemListElement\":[{\"@type\":\"ListItem\",\"position\":1,\"name\":\"Dom\u016f\",\"item\":\"https:\/\/svetkamene.eu\/\"},{\"@type\":\"ListItem\",\"position\":2,\"name\":\"W ZWI\u0104ZKU Z&#8230; CALACATTA W CERAMICE, GRANIT Z BETONU, \u017bBIK Z CHIN, CZYLI CZY NAZWA MA ZNACZENIE?\"}]},{\"@type\":\"Person\",\"@id\":\"https:\/\/svetkamene.eu\/#\/schema\/person\/aeaf156cef73320c5b0cf39bd70fc4a7\",\"name\":\"Anna Je\u0159\u00e1bkov\u00e1\",\"image\":{\"@type\":\"ImageObject\",\"inLanguage\":\"cs\",\"@id\":\"https:\/\/svetkamene.eu\/#\/schema\/person\/image\/\",\"url\":\"https:\/\/secure.gravatar.com\/avatar\/f791d680a275dcac840b324701ad4f0a?s=96&d=mm&r=g\",\"contentUrl\":\"https:\/\/secure.gravatar.com\/avatar\/f791d680a275dcac840b324701ad4f0a?s=96&d=mm&r=g\",\"caption\":\"Anna Je\u0159\u00e1bkov\u00e1\"},\"url\":\"https:\/\/svetkamene.eu\/index.php\/author\/anna-jerabkovatacr-cz\/\"}]}<\/script>\n<!-- \/ Yoast SEO plugin. -->","yoast_head_json":{"title":"W ZWI\u0104ZKU Z... CALACATTA W CERAMICE, GRANIT Z BETONU, \u017bBIK Z CHIN, CZYLI CZY NAZWA MA ZNACZENIE? - Sv\u011bt Kamene","description":"Diskuse o p\u0159ej\u00edm\u00e1n\u00ed zn\u00e1m\u00fdch n\u00e1zv\u016f a pojmenov\u00e1n\u00ed odvozen\u00fdch od m\u00edsta p\u016fvodu \u010di vych\u00e1zej\u00edc\u00edch z dlouholet\u00fdch, \u010dasto po stalet\u00ed trvaj\u00edc\u00edch.","robots":{"index":"index","follow":"follow","max-snippet":"max-snippet:-1","max-image-preview":"max-image-preview:large","max-video-preview":"max-video-preview:-1"},"canonical":"https:\/\/svetkamene.eu\/index.php\/pl\/2022\/06\/23\/w-zwiazku-z-calacatta-w-ceramice-granit-z-betonu-zbik-z-chin-czyli-czy-nazwa-ma-znaczenie\/","og_locale":"cs_CZ","og_type":"article","og_title":"W ZWI\u0104ZKU Z... CALACATTA W CERAMICE, GRANIT Z BETONU, \u017bBIK Z CHIN, CZYLI CZY NAZWA MA ZNACZENIE? - Sv\u011bt Kamene","og_description":"Diskuse o p\u0159ej\u00edm\u00e1n\u00ed zn\u00e1m\u00fdch n\u00e1zv\u016f a pojmenov\u00e1n\u00ed odvozen\u00fdch od m\u00edsta p\u016fvodu \u010di vych\u00e1zej\u00edc\u00edch z dlouholet\u00fdch, \u010dasto po stalet\u00ed trvaj\u00edc\u00edch.","og_url":"https:\/\/svetkamene.eu\/index.php\/pl\/2022\/06\/23\/w-zwiazku-z-calacatta-w-ceramice-granit-z-betonu-zbik-z-chin-czyli-czy-nazwa-ma-znaczenie\/","og_site_name":"Sv\u011bt Kamene","article_published_time":"2022-06-23T21:24:17+00:00","article_modified_time":"2022-07-29T21:55:01+00:00","og_image":[{"width":640,"height":426,"url":"https:\/\/svetkamene.eu\/wp-content\/uploads\/2022\/06\/scrabble-15546_1920.jpg","type":"image\/jpeg"}],"twitter_card":"summary_large_image","twitter_misc":{"Napsal(a)":"Anna Je\u0159\u00e1bkov\u00e1","Odhadovan\u00e1 doba \u010dten\u00ed":"3 minuty"},"schema":{"@context":"https:\/\/schema.org","@graph":[{"@type":"WebSite","@id":"https:\/\/svetkamene.eu\/#website","url":"https:\/\/svetkamene.eu\/","name":"Sv\u011bt Kamene","description":"Port\u00e1l informuj\u00edc\u00ed o v\u0161em co souvis\u00ed s kamenem","potentialAction":[{"@type":"SearchAction","target":{"@type":"EntryPoint","urlTemplate":"https:\/\/svetkamene.eu\/?s={search_term_string}"},"query-input":"required name=search_term_string"}],"inLanguage":"cs"},{"@type":"ImageObject","inLanguage":"cs","@id":"https:\/\/svetkamene.eu\/index.php\/pl\/2022\/06\/23\/w-zwiazku-z-calacatta-w-ceramice-granit-z-betonu-zbik-z-chin-czyli-czy-nazwa-ma-znaczenie\/#primaryimage","url":"https:\/\/svetkamene.eu\/wp-content\/uploads\/2022\/06\/scrabble-15546_1920.jpg","contentUrl":"https:\/\/svetkamene.eu\/wp-content\/uploads\/2022\/06\/scrabble-15546_1920.jpg","width":640,"height":426},{"@type":"WebPage","@id":"https:\/\/svetkamene.eu\/index.php\/pl\/2022\/06\/23\/w-zwiazku-z-calacatta-w-ceramice-granit-z-betonu-zbik-z-chin-czyli-czy-nazwa-ma-znaczenie\/#webpage","url":"https:\/\/svetkamene.eu\/index.php\/pl\/2022\/06\/23\/w-zwiazku-z-calacatta-w-ceramice-granit-z-betonu-zbik-z-chin-czyli-czy-nazwa-ma-znaczenie\/","name":"W ZWI\u0104ZKU Z... CALACATTA W CERAMICE, GRANIT Z BETONU, \u017bBIK Z CHIN, CZYLI CZY NAZWA MA ZNACZENIE? - Sv\u011bt Kamene","isPartOf":{"@id":"https:\/\/svetkamene.eu\/#website"},"primaryImageOfPage":{"@id":"https:\/\/svetkamene.eu\/index.php\/pl\/2022\/06\/23\/w-zwiazku-z-calacatta-w-ceramice-granit-z-betonu-zbik-z-chin-czyli-czy-nazwa-ma-znaczenie\/#primaryimage"},"datePublished":"2022-06-23T21:24:17+00:00","dateModified":"2022-07-29T21:55:01+00:00","author":{"@id":"https:\/\/svetkamene.eu\/#\/schema\/person\/aeaf156cef73320c5b0cf39bd70fc4a7"},"description":"Diskuse o p\u0159ej\u00edm\u00e1n\u00ed zn\u00e1m\u00fdch n\u00e1zv\u016f a pojmenov\u00e1n\u00ed odvozen\u00fdch od m\u00edsta p\u016fvodu \u010di vych\u00e1zej\u00edc\u00edch z dlouholet\u00fdch, \u010dasto po stalet\u00ed trvaj\u00edc\u00edch.","breadcrumb":{"@id":"https:\/\/svetkamene.eu\/index.php\/pl\/2022\/06\/23\/w-zwiazku-z-calacatta-w-ceramice-granit-z-betonu-zbik-z-chin-czyli-czy-nazwa-ma-znaczenie\/#breadcrumb"},"inLanguage":"cs","potentialAction":[{"@type":"ReadAction","target":["https:\/\/svetkamene.eu\/index.php\/pl\/2022\/06\/23\/w-zwiazku-z-calacatta-w-ceramice-granit-z-betonu-zbik-z-chin-czyli-czy-nazwa-ma-znaczenie\/"]}]},{"@type":"BreadcrumbList","@id":"https:\/\/svetkamene.eu\/index.php\/pl\/2022\/06\/23\/w-zwiazku-z-calacatta-w-ceramice-granit-z-betonu-zbik-z-chin-czyli-czy-nazwa-ma-znaczenie\/#breadcrumb","itemListElement":[{"@type":"ListItem","position":1,"name":"Dom\u016f","item":"https:\/\/svetkamene.eu\/"},{"@type":"ListItem","position":2,"name":"W ZWI\u0104ZKU Z&#8230; CALACATTA W CERAMICE, GRANIT Z BETONU, \u017bBIK Z CHIN, CZYLI CZY NAZWA MA ZNACZENIE?"}]},{"@type":"Person","@id":"https:\/\/svetkamene.eu\/#\/schema\/person\/aeaf156cef73320c5b0cf39bd70fc4a7","name":"Anna Je\u0159\u00e1bkov\u00e1","image":{"@type":"ImageObject","inLanguage":"cs","@id":"https:\/\/svetkamene.eu\/#\/schema\/person\/image\/","url":"https:\/\/secure.gravatar.com\/avatar\/f791d680a275dcac840b324701ad4f0a?s=96&d=mm&r=g","contentUrl":"https:\/\/secure.gravatar.com\/avatar\/f791d680a275dcac840b324701ad4f0a?s=96&d=mm&r=g","caption":"Anna Je\u0159\u00e1bkov\u00e1"},"url":"https:\/\/svetkamene.eu\/index.php\/author\/anna-jerabkovatacr-cz\/"}]}},"_links":{"self":[{"href":"https:\/\/svetkamene.eu\/index.php\/wp-json\/wp\/v2\/posts\/11953"}],"collection":[{"href":"https:\/\/svetkamene.eu\/index.php\/wp-json\/wp\/v2\/posts"}],"about":[{"href":"https:\/\/svetkamene.eu\/index.php\/wp-json\/wp\/v2\/types\/post"}],"author":[{"embeddable":true,"href":"https:\/\/svetkamene.eu\/index.php\/wp-json\/wp\/v2\/users\/40"}],"replies":[{"embeddable":true,"href":"https:\/\/svetkamene.eu\/index.php\/wp-json\/wp\/v2\/comments?post=11953"}],"version-history":[{"count":3,"href":"https:\/\/svetkamene.eu\/index.php\/wp-json\/wp\/v2\/posts\/11953\/revisions"}],"predecessor-version":[{"id":13884,"href":"https:\/\/svetkamene.eu\/index.php\/wp-json\/wp\/v2\/posts\/11953\/revisions\/13884"}],"wp:featuredmedia":[{"embeddable":true,"href":"https:\/\/svetkamene.eu\/index.php\/wp-json\/wp\/v2\/media\/9461"}],"wp:attachment":[{"href":"https:\/\/svetkamene.eu\/index.php\/wp-json\/wp\/v2\/media?parent=11953"}],"wp:term":[{"taxonomy":"category","embeddable":true,"href":"https:\/\/svetkamene.eu\/index.php\/wp-json\/wp\/v2\/categories?post=11953"},{"taxonomy":"post_tag","embeddable":true,"href":"https:\/\/svetkamene.eu\/index.php\/wp-json\/wp\/v2\/tags?post=11953"}],"curies":[{"name":"wp","href":"https:\/\/api.w.org\/{rel}","templated":true}]}}