{"id":11890,"date":"2022-06-27T22:13:46","date_gmt":"2022-06-27T20:13:46","guid":{"rendered":"https:\/\/svetkamene.eu\/?p=11890"},"modified":"2022-06-29T20:15:02","modified_gmt":"2022-06-29T18:15:02","slug":"nagrobek-inny-niz-wszystkie","status":"publish","type":"post","link":"https:\/\/svetkamene.eu\/index.php\/pl\/2022\/06\/27\/nagrobek-inny-niz-wszystkie\/","title":{"rendered":"NAGROBEK INNY NI\u017b WSZYSTKIE"},"content":{"rendered":"<p><strong>Zwiedzanie miast do\u015b\u0107 cz\u0119sto obejmuje r\u00f3wnie\u017c nekropolie. Nic dziwnego, mo\u017cna na nich znale\u017a\u0107 miejsca spoczynku postaci, kt\u00f3re odcisn\u0119\u0142y swoje pi\u0119tno na historii \u015bwiata, literaturze czy sztuce. S\u0105 to r\u00f3wnie\u017c miejsca, gdzie wielcy rze\u017abiarze postawili swoje dzie\u0142a, jako pomniki tych wielkich.<\/strong><\/p>\n<p>&nbsp;<\/p>\n<p>S\u0105 w\u015br\u00f3d nich pere\u0142ki rze\u017abiarskie, s\u0105 i&nbsp;wyj\u0105tkowo oryginalne upami\u0119tnienia. Jednym z&nbsp;takich miejsc jest cmentarz komunalny w Sainte-Genevi\u00e8ve-des-Bois pod Pary\u017cem. Jest to prawos\u0142awny cmentarz, na kt\u00f3rym pochowano 15 tysi\u0119cy emigrant\u00f3w rosyjskich, g\u0142\u00f3wnie uciekinier\u00f3w z&nbsp;Rosji po&nbsp;rewolucji pa\u017adziernikowej oraz ich potomk\u00f3w. Na cmentarzu pochowano wiele znakomito\u015bci. Mi\u0119dzy innymi znanego filmowca Andrieja Tarkowskiego, laureata literackiej nagrody Nobla Iwana Bonina, ksi\u0119cia Feliksa Jusupowa, wsp\u00f3\u0142autora zamachu na Raskuputina.<\/p>\n<p>Jest te\u017c tam pochowany jeden z&nbsp;najwi\u0119kszych tancerzy w historii baletu &#8211; Rudolf&nbsp;Nuriejew. Ten artysta uciek\u0142 na zach\u00f3d w 1961 roku. Finalnie zwi\u0105za\u0142 si\u0119 z&nbsp;baletem opery paryskiej, kt\u00f3rej zosta\u0142 dyrektorem w 1983 roku.<br \/>\nZmar\u0142 na AIDS w 1993 roku. Jego nagrobek zaprojektowa\u0142 przyjaciel z&nbsp;W\u0142och Ezio Frigerio, z&nbsp;kt\u00f3rym pozna\u0142 si\u0119, gdy ten projektowa\u0142 scenografi\u0119 do baletu Romeo i&nbsp;Julia.<\/p>\n<p>&nbsp;<\/p>\n<p><img loading=\"lazy\" class=\"aligncenter size-medium wp-image-11898\" src=\"https:\/\/svetkamene.eu\/wp-content\/uploads\/2022\/06\/110_Str_72_03-3-300x203.jpg\" alt=\"\" width=\"300\" height=\"203\" srcset=\"https:\/\/svetkamene.eu\/wp-content\/uploads\/2022\/06\/110_Str_72_03-3-300x203.jpg 300w, https:\/\/svetkamene.eu\/wp-content\/uploads\/2022\/06\/110_Str_72_03-3.jpg 640w\" sizes=\"(max-width: 300px) 100vw, 300px\" \/><\/p>\n<p>&nbsp;<\/p>\n<p>Projekt nagrobka jest odniesieniem do pochodzenia tancerza, kt\u00f3ry wywodzi\u0142 si\u0119 z&nbsp;muzu\u0142ma\u0144skiej rodziny tatarskiej, oraz pasji Nuriejewa kolekcjonowania pi\u0119knych dywan\u00f3w i&nbsp;antycznych tekstyli\u00f3w. Nagrobek to w g\u0142\u00f3wnej cz\u0119\u015bci mozaika wygl\u0105daj\u0105ca jak dywan. Praca jest wyj\u0105tkowo realistyczna.<\/p>\n<p>Ten nagrobek jest jedn\u0105 g\u0142\u00f3wnych atrakcji tego cmentarza. Warto przyjrze\u0107 si\u0119 zar\u00f3wno nietypowej koncepcji, jak i&nbsp;perfekcji wykonania.<\/p>\n<p>&nbsp;<\/p>\n<p>&nbsp;<\/p>\n<p>&nbsp;<\/p>\n<p>\u0179r\u00f3d\u0142o: <a href=\"https:\/\/www.kurierkamieniarski.pl\/artykuly\/ludzie-i-miejsca\/1327-nagrobek-inny-ni-wszystkie.html\">Kurier kamieniarski<\/a><\/p>\n<p><span class=\"auth_inf\">Autor: Kurier Kamieniarski\u00a0<\/span>\u00a0\u00a0|\u00a0\u00a0\u00a0<span class=\"dat_cont\">Data: \u015broda, 03 marca 2021<\/span><\/p>\n","protected":false},"excerpt":{"rendered":"<p>Zwiedzanie miast do\u015b\u0107 cz\u0119sto obejmuje r\u00f3wnie\u017c nekropolie. Nic dziwnego, mo\u017cna na nich znale\u017a\u0107 miejsca spoczynku&#8230;<\/p>\n","protected":false},"author":38,"featured_media":10734,"comment_status":"closed","ping_status":"closed","sticky":false,"template":"","format":"standard","meta":{"ngg_post_thumbnail":0},"categories":[374],"tags":[],"yoast_head":"<!-- This site is optimized with the Yoast SEO plugin v19.1 - https:\/\/yoast.com\/wordpress\/plugins\/seo\/ -->\n<title>NAGROBEK INNY NI\u017b WSZYSTKIE - Sv\u011bt Kamene<\/title>\n<meta name=\"description\" content=\"N\u00e1vrh n\u00e1hrobku odkazuje na p\u016fvod tane\u010dn\u00edka, a na Nurejevovu v\u00e1\u0161e\u0148 pro sb\u00edr\u00e1n\u00ed kr\u00e1sn\u00fdch koberc\u016f a staro\u017eitn\u00fdch textili\u00ed.\" \/>\n<meta name=\"robots\" content=\"index, follow, max-snippet:-1, max-image-preview:large, max-video-preview:-1\" \/>\n<link rel=\"canonical\" href=\"https:\/\/svetkamene.eu\/index.php\/pl\/2022\/06\/27\/nagrobek-inny-niz-wszystkie\/\" \/>\n<meta property=\"og:locale\" content=\"cs_CZ\" \/>\n<meta property=\"og:type\" content=\"article\" \/>\n<meta property=\"og:title\" content=\"NAGROBEK INNY NI\u017b WSZYSTKIE - Sv\u011bt Kamene\" \/>\n<meta property=\"og:description\" content=\"N\u00e1vrh n\u00e1hrobku odkazuje na p\u016fvod tane\u010dn\u00edka, a na Nurejevovu v\u00e1\u0161e\u0148 pro sb\u00edr\u00e1n\u00ed kr\u00e1sn\u00fdch koberc\u016f a staro\u017eitn\u00fdch textili\u00ed.\" \/>\n<meta property=\"og:url\" content=\"https:\/\/svetkamene.eu\/index.php\/pl\/2022\/06\/27\/nagrobek-inny-niz-wszystkie\/\" \/>\n<meta property=\"og:site_name\" content=\"Sv\u011bt Kamene\" \/>\n<meta property=\"article:published_time\" content=\"2022-06-27T20:13:46+00:00\" \/>\n<meta property=\"article:modified_time\" content=\"2022-06-29T18:15:02+00:00\" \/>\n<meta property=\"og:image\" content=\"https:\/\/svetkamene.eu\/wp-content\/uploads\/2022\/06\/110_Str_72_02.jpg\" \/>\n\t<meta property=\"og:image:width\" content=\"640\" \/>\n\t<meta property=\"og:image:height\" content=\"366\" \/>\n\t<meta property=\"og:image:type\" content=\"image\/jpeg\" \/>\n<meta name=\"twitter:card\" content=\"summary_large_image\" \/>\n<meta name=\"twitter:label1\" content=\"Napsal(a)\" \/>\n\t<meta name=\"twitter:data1\" content=\"Angelina Onishchuk\" \/>\n\t<meta name=\"twitter:label2\" content=\"Odhadovan\u00e1 doba \u010dten\u00ed\" \/>\n\t<meta name=\"twitter:data2\" content=\"1 minuta\" \/>\n<script type=\"application\/ld+json\" class=\"yoast-schema-graph\">{\"@context\":\"https:\/\/schema.org\",\"@graph\":[{\"@type\":\"WebSite\",\"@id\":\"https:\/\/svetkamene.eu\/#website\",\"url\":\"https:\/\/svetkamene.eu\/\",\"name\":\"Sv\u011bt Kamene\",\"description\":\"Port\u00e1l informuj\u00edc\u00ed o v\u0161em co souvis\u00ed s kamenem\",\"potentialAction\":[{\"@type\":\"SearchAction\",\"target\":{\"@type\":\"EntryPoint\",\"urlTemplate\":\"https:\/\/svetkamene.eu\/?s={search_term_string}\"},\"query-input\":\"required name=search_term_string\"}],\"inLanguage\":\"cs\"},{\"@type\":\"ImageObject\",\"inLanguage\":\"cs\",\"@id\":\"https:\/\/svetkamene.eu\/index.php\/pl\/2022\/06\/27\/nagrobek-inny-niz-wszystkie\/#primaryimage\",\"url\":\"https:\/\/svetkamene.eu\/wp-content\/uploads\/2022\/06\/110_Str_72_02.jpg\",\"contentUrl\":\"https:\/\/svetkamene.eu\/wp-content\/uploads\/2022\/06\/110_Str_72_02.jpg\",\"width\":640,\"height\":366},{\"@type\":\"WebPage\",\"@id\":\"https:\/\/svetkamene.eu\/index.php\/pl\/2022\/06\/27\/nagrobek-inny-niz-wszystkie\/#webpage\",\"url\":\"https:\/\/svetkamene.eu\/index.php\/pl\/2022\/06\/27\/nagrobek-inny-niz-wszystkie\/\",\"name\":\"NAGROBEK INNY NI\u017b WSZYSTKIE - Sv\u011bt Kamene\",\"isPartOf\":{\"@id\":\"https:\/\/svetkamene.eu\/#website\"},\"primaryImageOfPage\":{\"@id\":\"https:\/\/svetkamene.eu\/index.php\/pl\/2022\/06\/27\/nagrobek-inny-niz-wszystkie\/#primaryimage\"},\"datePublished\":\"2022-06-27T20:13:46+00:00\",\"dateModified\":\"2022-06-29T18:15:02+00:00\",\"author\":{\"@id\":\"https:\/\/svetkamene.eu\/#\/schema\/person\/463c656516d9b11741af0dbd52ecc969\"},\"description\":\"N\u00e1vrh n\u00e1hrobku odkazuje na p\u016fvod tane\u010dn\u00edka, a na Nurejevovu v\u00e1\u0161e\u0148 pro sb\u00edr\u00e1n\u00ed kr\u00e1sn\u00fdch koberc\u016f a staro\u017eitn\u00fdch textili\u00ed.\",\"breadcrumb\":{\"@id\":\"https:\/\/svetkamene.eu\/index.php\/pl\/2022\/06\/27\/nagrobek-inny-niz-wszystkie\/#breadcrumb\"},\"inLanguage\":\"cs\",\"potentialAction\":[{\"@type\":\"ReadAction\",\"target\":[\"https:\/\/svetkamene.eu\/index.php\/pl\/2022\/06\/27\/nagrobek-inny-niz-wszystkie\/\"]}]},{\"@type\":\"BreadcrumbList\",\"@id\":\"https:\/\/svetkamene.eu\/index.php\/pl\/2022\/06\/27\/nagrobek-inny-niz-wszystkie\/#breadcrumb\",\"itemListElement\":[{\"@type\":\"ListItem\",\"position\":1,\"name\":\"Dom\u016f\",\"item\":\"https:\/\/svetkamene.eu\/\"},{\"@type\":\"ListItem\",\"position\":2,\"name\":\"NAGROBEK INNY NI\u017b WSZYSTKIE\"}]},{\"@type\":\"Person\",\"@id\":\"https:\/\/svetkamene.eu\/#\/schema\/person\/463c656516d9b11741af0dbd52ecc969\",\"name\":\"Angelina Onishchuk\",\"image\":{\"@type\":\"ImageObject\",\"inLanguage\":\"cs\",\"@id\":\"https:\/\/svetkamene.eu\/#\/schema\/person\/image\/\",\"url\":\"https:\/\/secure.gravatar.com\/avatar\/3db6b23aabcbb0a0874dca9d74266a9f?s=96&d=mm&r=g\",\"contentUrl\":\"https:\/\/secure.gravatar.com\/avatar\/3db6b23aabcbb0a0874dca9d74266a9f?s=96&d=mm&r=g\",\"caption\":\"Angelina Onishchuk\"},\"url\":\"https:\/\/svetkamene.eu\/index.php\/author\/angelina-onishchuk27gmail-com\/\"}]}<\/script>\n<!-- \/ Yoast SEO plugin. -->","yoast_head_json":{"title":"NAGROBEK INNY NI\u017b WSZYSTKIE - Sv\u011bt Kamene","description":"N\u00e1vrh n\u00e1hrobku odkazuje na p\u016fvod tane\u010dn\u00edka, a na Nurejevovu v\u00e1\u0161e\u0148 pro sb\u00edr\u00e1n\u00ed kr\u00e1sn\u00fdch koberc\u016f a staro\u017eitn\u00fdch textili\u00ed.","robots":{"index":"index","follow":"follow","max-snippet":"max-snippet:-1","max-image-preview":"max-image-preview:large","max-video-preview":"max-video-preview:-1"},"canonical":"https:\/\/svetkamene.eu\/index.php\/pl\/2022\/06\/27\/nagrobek-inny-niz-wszystkie\/","og_locale":"cs_CZ","og_type":"article","og_title":"NAGROBEK INNY NI\u017b WSZYSTKIE - Sv\u011bt Kamene","og_description":"N\u00e1vrh n\u00e1hrobku odkazuje na p\u016fvod tane\u010dn\u00edka, a na Nurejevovu v\u00e1\u0161e\u0148 pro sb\u00edr\u00e1n\u00ed kr\u00e1sn\u00fdch koberc\u016f a staro\u017eitn\u00fdch textili\u00ed.","og_url":"https:\/\/svetkamene.eu\/index.php\/pl\/2022\/06\/27\/nagrobek-inny-niz-wszystkie\/","og_site_name":"Sv\u011bt Kamene","article_published_time":"2022-06-27T20:13:46+00:00","article_modified_time":"2022-06-29T18:15:02+00:00","og_image":[{"width":640,"height":366,"url":"https:\/\/svetkamene.eu\/wp-content\/uploads\/2022\/06\/110_Str_72_02.jpg","type":"image\/jpeg"}],"twitter_card":"summary_large_image","twitter_misc":{"Napsal(a)":"Angelina Onishchuk","Odhadovan\u00e1 doba \u010dten\u00ed":"1 minuta"},"schema":{"@context":"https:\/\/schema.org","@graph":[{"@type":"WebSite","@id":"https:\/\/svetkamene.eu\/#website","url":"https:\/\/svetkamene.eu\/","name":"Sv\u011bt Kamene","description":"Port\u00e1l informuj\u00edc\u00ed o v\u0161em co souvis\u00ed s kamenem","potentialAction":[{"@type":"SearchAction","target":{"@type":"EntryPoint","urlTemplate":"https:\/\/svetkamene.eu\/?s={search_term_string}"},"query-input":"required name=search_term_string"}],"inLanguage":"cs"},{"@type":"ImageObject","inLanguage":"cs","@id":"https:\/\/svetkamene.eu\/index.php\/pl\/2022\/06\/27\/nagrobek-inny-niz-wszystkie\/#primaryimage","url":"https:\/\/svetkamene.eu\/wp-content\/uploads\/2022\/06\/110_Str_72_02.jpg","contentUrl":"https:\/\/svetkamene.eu\/wp-content\/uploads\/2022\/06\/110_Str_72_02.jpg","width":640,"height":366},{"@type":"WebPage","@id":"https:\/\/svetkamene.eu\/index.php\/pl\/2022\/06\/27\/nagrobek-inny-niz-wszystkie\/#webpage","url":"https:\/\/svetkamene.eu\/index.php\/pl\/2022\/06\/27\/nagrobek-inny-niz-wszystkie\/","name":"NAGROBEK INNY NI\u017b WSZYSTKIE - Sv\u011bt Kamene","isPartOf":{"@id":"https:\/\/svetkamene.eu\/#website"},"primaryImageOfPage":{"@id":"https:\/\/svetkamene.eu\/index.php\/pl\/2022\/06\/27\/nagrobek-inny-niz-wszystkie\/#primaryimage"},"datePublished":"2022-06-27T20:13:46+00:00","dateModified":"2022-06-29T18:15:02+00:00","author":{"@id":"https:\/\/svetkamene.eu\/#\/schema\/person\/463c656516d9b11741af0dbd52ecc969"},"description":"N\u00e1vrh n\u00e1hrobku odkazuje na p\u016fvod tane\u010dn\u00edka, a na Nurejevovu v\u00e1\u0161e\u0148 pro sb\u00edr\u00e1n\u00ed kr\u00e1sn\u00fdch koberc\u016f a staro\u017eitn\u00fdch textili\u00ed.","breadcrumb":{"@id":"https:\/\/svetkamene.eu\/index.php\/pl\/2022\/06\/27\/nagrobek-inny-niz-wszystkie\/#breadcrumb"},"inLanguage":"cs","potentialAction":[{"@type":"ReadAction","target":["https:\/\/svetkamene.eu\/index.php\/pl\/2022\/06\/27\/nagrobek-inny-niz-wszystkie\/"]}]},{"@type":"BreadcrumbList","@id":"https:\/\/svetkamene.eu\/index.php\/pl\/2022\/06\/27\/nagrobek-inny-niz-wszystkie\/#breadcrumb","itemListElement":[{"@type":"ListItem","position":1,"name":"Dom\u016f","item":"https:\/\/svetkamene.eu\/"},{"@type":"ListItem","position":2,"name":"NAGROBEK INNY NI\u017b WSZYSTKIE"}]},{"@type":"Person","@id":"https:\/\/svetkamene.eu\/#\/schema\/person\/463c656516d9b11741af0dbd52ecc969","name":"Angelina Onishchuk","image":{"@type":"ImageObject","inLanguage":"cs","@id":"https:\/\/svetkamene.eu\/#\/schema\/person\/image\/","url":"https:\/\/secure.gravatar.com\/avatar\/3db6b23aabcbb0a0874dca9d74266a9f?s=96&d=mm&r=g","contentUrl":"https:\/\/secure.gravatar.com\/avatar\/3db6b23aabcbb0a0874dca9d74266a9f?s=96&d=mm&r=g","caption":"Angelina Onishchuk"},"url":"https:\/\/svetkamene.eu\/index.php\/author\/angelina-onishchuk27gmail-com\/"}]}},"_links":{"self":[{"href":"https:\/\/svetkamene.eu\/index.php\/wp-json\/wp\/v2\/posts\/11890"}],"collection":[{"href":"https:\/\/svetkamene.eu\/index.php\/wp-json\/wp\/v2\/posts"}],"about":[{"href":"https:\/\/svetkamene.eu\/index.php\/wp-json\/wp\/v2\/types\/post"}],"author":[{"embeddable":true,"href":"https:\/\/svetkamene.eu\/index.php\/wp-json\/wp\/v2\/users\/38"}],"replies":[{"embeddable":true,"href":"https:\/\/svetkamene.eu\/index.php\/wp-json\/wp\/v2\/comments?post=11890"}],"version-history":[{"count":1,"href":"https:\/\/svetkamene.eu\/index.php\/wp-json\/wp\/v2\/posts\/11890\/revisions"}],"predecessor-version":[{"id":11899,"href":"https:\/\/svetkamene.eu\/index.php\/wp-json\/wp\/v2\/posts\/11890\/revisions\/11899"}],"wp:featuredmedia":[{"embeddable":true,"href":"https:\/\/svetkamene.eu\/index.php\/wp-json\/wp\/v2\/media\/10734"}],"wp:attachment":[{"href":"https:\/\/svetkamene.eu\/index.php\/wp-json\/wp\/v2\/media?parent=11890"}],"wp:term":[{"taxonomy":"category","embeddable":true,"href":"https:\/\/svetkamene.eu\/index.php\/wp-json\/wp\/v2\/categories?post=11890"},{"taxonomy":"post_tag","embeddable":true,"href":"https:\/\/svetkamene.eu\/index.php\/wp-json\/wp\/v2\/tags?post=11890"}],"curies":[{"name":"wp","href":"https:\/\/api.w.org\/{rel}","templated":true}]}}