{"id":11415,"date":"2020-03-01T20:51:02","date_gmt":"2020-03-01T19:51:02","guid":{"rendered":"https:\/\/svetkamene.eu\/?p=11415"},"modified":"2022-06-29T01:32:35","modified_gmt":"2022-06-28T23:32:35","slug":"natural-stone-facade-naturally-elegant-and-practical","status":"publish","type":"post","link":"https:\/\/svetkamene.eu\/index.php\/en\/2020\/03\/01\/natural-stone-facade-naturally-elegant-and-practical\/","title":{"rendered":"Natural stone facade \u2013 naturally elegant and practical"},"content":{"rendered":"<p><strong>If they say that the windows of a&nbsp;house are the eyes of the body, then the facade is the face of the house. How a&nbsp;facade is finished, what materials are used, to what extent they match each other, how durable and practical they are &#8211; these are the factors that determine what a&nbsp;house looks like and what impression it makes on those around it.<\/strong><\/p>\n<p>&nbsp;<\/p>\n<p>&nbsp;<\/p>\n<p><img loading=\"lazy\" class=\"size-full wp-image-11418 alignright\" src=\"https:\/\/svetkamene.eu\/wp-content\/uploads\/2022\/06\/yt8E0LImZJQHbK59-2.jpg\" alt=\"\" width=\"182\" height=\"134\"><\/p>\n<p style=\"text-align: left;\">Natural stone has long been used for finishing facades. It is indeed an area in which mankind has accumulated much experience &#8211; both in terms of technology and design.<\/p>\n<p style=\"text-align: left;\">A house with a&nbsp;natural stone facade is always distinguished, and a&nbsp;solid elegance and refined taste of the owner can be felt immediately. Natural stone makes you feel good in an instance, because it carries a&nbsp;positive energy accumulated over the centuries.<\/p>\n<p>&nbsp;<\/p>\n<p>&nbsp;<\/p>\n<p><strong>Advantages and disadvantages of using natural stone for design of facades<\/strong><\/p>\n<p>&nbsp;<\/p>\n<p><img loading=\"lazy\" class=\"size-full wp-image-11417 alignright\" src=\"https:\/\/svetkamene.eu\/wp-content\/uploads\/2022\/06\/ugTQRVedO4p0bPAf-2.jpg\" alt=\"\" width=\"182\" height=\"134\"><\/p>\n<p style=\"text-align: left;\">Facing of facades with natural stone brings the house a&nbsp;lot of advantages.<\/p>\n<p style=\"text-align: left;\">&nbsp;&nbsp;&nbsp; &#8211; Natural stone is environment-friendly, it does not emit any harmful fumes when exposed to high temperatures. Natural stone also possesses bactericidal properties.<\/p>\n<p style=\"text-align: left;\">&nbsp;&nbsp;&nbsp; &#8211; Natural stone is durable and reliable.<\/p>\n<p style=\"text-align: left;\">&nbsp;&nbsp;&nbsp; &#8211; With furnish of facades, stone serves as a&nbsp;magnificent protector element of your house from adverse climatic conditions. In summer, the facade stone becomes a&nbsp;kind of protective screen from sunlight, and protects your house from overheating. In winter, natural stone serves as an additional energy-saving factor.<\/p>\n<p style=\"text-align: left;\">&nbsp;&nbsp;&nbsp; &#8211; Simplicity of processing and installation of&nbsp;natural stone cuts the time necessary for carrying out works on the facade.<\/p>\n<p style=\"text-align: left;\">&nbsp;&nbsp;&nbsp; &#8211; Facing of facades with natural stone ennobles houses and gives each of them an individual, unique look.<\/p>\n<p style=\"text-align: left;\">Indeed, natural stone has its disadvantages, but they are often more contrived, &#8222;invented&#8220; by unscrupulous competitors. There are people who argue the case for radioactivity of&nbsp;natural stone, although there is no basis for such assertion.<\/p>\n<p style=\"text-align: left;\">The main disadvantage of&nbsp;natural stone is its weight. Granite and marble, which are mainly used for coating, are among the heaviest finishing materials, which is a&nbsp;fact that must be taken into account when designing a&nbsp;stone cladding scheme for facades. Do you wish for your facade cladding from natural stone to be light? Choose limestone. It is believed that artificial stone is cheaper than its natural counterpart. But if you compare natural marble, granite or limestone with artificial stone, the price will be comparable, and you will be pleasantly surprised.<\/p>\n<p>&nbsp;<\/p>\n<p>&nbsp;<\/p>\n<h4><strong>Facade cladding with natural stone tiles (use of different types of stone, which stone is better to choose)<\/strong><\/h4>\n<p>&nbsp;<\/p>\n<p><img loading=\"lazy\" class=\"size-full wp-image-11416 alignright\" src=\"https:\/\/svetkamene.eu\/wp-content\/uploads\/2022\/06\/i2P7su4p6Lr5lxIh-2.jpg\" alt=\"\" width=\"182\" height=\"134\"><\/p>\n<p style=\"text-align: left;\">Facade stone cladding is traditionally made from marble, granite and limestone. Technologically, natural stone slabs are manufactured in the following sizes: 305&#215;305, 400&#215;400, 600&#215;300 mm, thickness 10-30 mm. On buying plates of&nbsp;natural stone, you should pay attention to the size and quality of the processing plates. Are there differences in size? This means there is some defect there.<\/p>\n<p style=\"text-align: left;\">In terms of texture, marble, granite or limestone in the form of &#8222;wild slabs&#8220;, sawn or hewn stone are used for wall cladding with natural stone.<\/p>\n<p>&nbsp;<\/p>\n<p>&nbsp;<\/p>\n<p>&nbsp;<\/p>\n<p>&nbsp;<\/p>\n<p>&nbsp;<\/p>\n<p>Source: <a href=\"https:\/\/dvamolotka.ru\/post\/3737-fasad-iz-naturalnogo-kamnya-prirodnaya-estetika-i-praktichnost\">dvamolotka.ru<\/a><\/p>\n","protected":false},"excerpt":{"rendered":"<p>If they say that the windows of a&nbsp;house are the eyes of the body, then&#8230;<\/p>\n","protected":false},"author":32,"featured_media":11410,"comment_status":"closed","ping_status":"closed","sticky":false,"template":"","format":"standard","meta":{"ngg_post_thumbnail":0},"categories":[384],"tags":[],"yoast_head":"<!-- This site is optimized with the Yoast SEO plugin v19.1 - https:\/\/yoast.com\/wordpress\/plugins\/seo\/ -->\n<title>Natural stone facade \u2013 naturally elegant and practical - Sv\u011bt Kamene<\/title>\n<meta name=\"description\" content=\"P\u0159\u00edrodn\u00ed k\u00e1men na fas\u00e1d\u011b \u2013 elegantn\u00ed, praktick\u00fd, pevn\u00fd\u0158\u00edk\u00e1-li se, \u017ee okna jsou o\u010dima domu, pak fas\u00e1da je jeho tv\u00e1\u0159\u00ed.\" \/>\n<meta name=\"robots\" content=\"index, follow, max-snippet:-1, max-image-preview:large, max-video-preview:-1\" \/>\n<link rel=\"canonical\" href=\"https:\/\/svetkamene.eu\/index.php\/en\/2020\/03\/01\/natural-stone-facade-naturally-elegant-and-practical\/\" \/>\n<meta property=\"og:locale\" content=\"cs_CZ\" \/>\n<meta property=\"og:type\" content=\"article\" \/>\n<meta property=\"og:title\" content=\"Natural stone facade \u2013 naturally elegant and practical - Sv\u011bt Kamene\" \/>\n<meta property=\"og:description\" content=\"P\u0159\u00edrodn\u00ed k\u00e1men na fas\u00e1d\u011b \u2013 elegantn\u00ed, praktick\u00fd, pevn\u00fd\u0158\u00edk\u00e1-li se, \u017ee okna jsou o\u010dima domu, pak fas\u00e1da je jeho tv\u00e1\u0159\u00ed.\" \/>\n<meta property=\"og:url\" content=\"https:\/\/svetkamene.eu\/index.php\/en\/2020\/03\/01\/natural-stone-facade-naturally-elegant-and-practical\/\" \/>\n<meta property=\"og:site_name\" content=\"Sv\u011bt Kamene\" \/>\n<meta property=\"article:published_time\" content=\"2020-03-01T19:51:02+00:00\" \/>\n<meta property=\"article:modified_time\" content=\"2022-06-28T23:32:35+00:00\" \/>\n<meta property=\"og:image\" content=\"https:\/\/svetkamene.eu\/wp-content\/uploads\/2022\/06\/2491-3_skala-fox-prirodni-kameny-obklad.jpg\" \/>\n\t<meta property=\"og:image:width\" content=\"1024\" \/>\n\t<meta property=\"og:image:height\" content=\"512\" \/>\n\t<meta property=\"og:image:type\" content=\"image\/jpeg\" \/>\n<meta name=\"twitter:card\" content=\"summary_large_image\" \/>\n<meta name=\"twitter:label1\" content=\"Napsal(a)\" \/>\n\t<meta name=\"twitter:data1\" content=\"Ale\u0161 Vachu\u0161ka\" \/>\n\t<meta name=\"twitter:label2\" content=\"Odhadovan\u00e1 doba \u010dten\u00ed\" \/>\n\t<meta name=\"twitter:data2\" content=\"3 minuty\" \/>\n<script type=\"application\/ld+json\" class=\"yoast-schema-graph\">{\"@context\":\"https:\/\/schema.org\",\"@graph\":[{\"@type\":\"WebSite\",\"@id\":\"https:\/\/svetkamene.eu\/#website\",\"url\":\"https:\/\/svetkamene.eu\/\",\"name\":\"Sv\u011bt Kamene\",\"description\":\"Port\u00e1l informuj\u00edc\u00ed o v\u0161em co souvis\u00ed s kamenem\",\"potentialAction\":[{\"@type\":\"SearchAction\",\"target\":{\"@type\":\"EntryPoint\",\"urlTemplate\":\"https:\/\/svetkamene.eu\/?s={search_term_string}\"},\"query-input\":\"required name=search_term_string\"}],\"inLanguage\":\"cs\"},{\"@type\":\"ImageObject\",\"inLanguage\":\"cs\",\"@id\":\"https:\/\/svetkamene.eu\/index.php\/en\/2020\/03\/01\/natural-stone-facade-naturally-elegant-and-practical\/#primaryimage\",\"url\":\"https:\/\/svetkamene.eu\/wp-content\/uploads\/2022\/06\/2491-3_skala-fox-prirodni-kameny-obklad.jpg\",\"contentUrl\":\"https:\/\/svetkamene.eu\/wp-content\/uploads\/2022\/06\/2491-3_skala-fox-prirodni-kameny-obklad.jpg\",\"width\":1024,\"height\":512},{\"@type\":\"WebPage\",\"@id\":\"https:\/\/svetkamene.eu\/index.php\/en\/2020\/03\/01\/natural-stone-facade-naturally-elegant-and-practical\/#webpage\",\"url\":\"https:\/\/svetkamene.eu\/index.php\/en\/2020\/03\/01\/natural-stone-facade-naturally-elegant-and-practical\/\",\"name\":\"Natural stone facade \u2013 naturally elegant and practical - Sv\u011bt Kamene\",\"isPartOf\":{\"@id\":\"https:\/\/svetkamene.eu\/#website\"},\"primaryImageOfPage\":{\"@id\":\"https:\/\/svetkamene.eu\/index.php\/en\/2020\/03\/01\/natural-stone-facade-naturally-elegant-and-practical\/#primaryimage\"},\"datePublished\":\"2020-03-01T19:51:02+00:00\",\"dateModified\":\"2022-06-28T23:32:35+00:00\",\"author\":{\"@id\":\"https:\/\/svetkamene.eu\/#\/schema\/person\/1cf0663ef38389cd1ec5deab88437e04\"},\"description\":\"P\u0159\u00edrodn\u00ed k\u00e1men na fas\u00e1d\u011b \u2013 elegantn\u00ed, praktick\u00fd, pevn\u00fd\u0158\u00edk\u00e1-li se, \u017ee okna jsou o\u010dima domu, pak fas\u00e1da je jeho tv\u00e1\u0159\u00ed.\",\"breadcrumb\":{\"@id\":\"https:\/\/svetkamene.eu\/index.php\/en\/2020\/03\/01\/natural-stone-facade-naturally-elegant-and-practical\/#breadcrumb\"},\"inLanguage\":\"cs\",\"potentialAction\":[{\"@type\":\"ReadAction\",\"target\":[\"https:\/\/svetkamene.eu\/index.php\/en\/2020\/03\/01\/natural-stone-facade-naturally-elegant-and-practical\/\"]}]},{\"@type\":\"BreadcrumbList\",\"@id\":\"https:\/\/svetkamene.eu\/index.php\/en\/2020\/03\/01\/natural-stone-facade-naturally-elegant-and-practical\/#breadcrumb\",\"itemListElement\":[{\"@type\":\"ListItem\",\"position\":1,\"name\":\"Dom\u016f\",\"item\":\"https:\/\/svetkamene.eu\/\"},{\"@type\":\"ListItem\",\"position\":2,\"name\":\"Natural stone facade \u2013 naturally elegant and practical\"}]},{\"@type\":\"Person\",\"@id\":\"https:\/\/svetkamene.eu\/#\/schema\/person\/1cf0663ef38389cd1ec5deab88437e04\",\"name\":\"Ale\u0161 Vachu\u0161ka\",\"image\":{\"@type\":\"ImageObject\",\"inLanguage\":\"cs\",\"@id\":\"https:\/\/svetkamene.eu\/#\/schema\/person\/image\/\",\"url\":\"https:\/\/secure.gravatar.com\/avatar\/3b0db7dae3f05599081057d1ea848a8c?s=96&d=mm&r=g\",\"contentUrl\":\"https:\/\/secure.gravatar.com\/avatar\/3b0db7dae3f05599081057d1ea848a8c?s=96&d=mm&r=g\",\"caption\":\"Ale\u0161 Vachu\u0161ka\"},\"url\":\"https:\/\/svetkamene.eu\/index.php\/author\/vachuska-alessgmail-com\/\"}]}<\/script>\n<!-- \/ Yoast SEO plugin. -->","yoast_head_json":{"title":"Natural stone facade \u2013 naturally elegant and practical - Sv\u011bt Kamene","description":"P\u0159\u00edrodn\u00ed k\u00e1men na fas\u00e1d\u011b \u2013 elegantn\u00ed, praktick\u00fd, pevn\u00fd\u0158\u00edk\u00e1-li se, \u017ee okna jsou o\u010dima domu, pak fas\u00e1da je jeho tv\u00e1\u0159\u00ed.","robots":{"index":"index","follow":"follow","max-snippet":"max-snippet:-1","max-image-preview":"max-image-preview:large","max-video-preview":"max-video-preview:-1"},"canonical":"https:\/\/svetkamene.eu\/index.php\/en\/2020\/03\/01\/natural-stone-facade-naturally-elegant-and-practical\/","og_locale":"cs_CZ","og_type":"article","og_title":"Natural stone facade \u2013 naturally elegant and practical - Sv\u011bt Kamene","og_description":"P\u0159\u00edrodn\u00ed k\u00e1men na fas\u00e1d\u011b \u2013 elegantn\u00ed, praktick\u00fd, pevn\u00fd\u0158\u00edk\u00e1-li se, \u017ee okna jsou o\u010dima domu, pak fas\u00e1da je jeho tv\u00e1\u0159\u00ed.","og_url":"https:\/\/svetkamene.eu\/index.php\/en\/2020\/03\/01\/natural-stone-facade-naturally-elegant-and-practical\/","og_site_name":"Sv\u011bt Kamene","article_published_time":"2020-03-01T19:51:02+00:00","article_modified_time":"2022-06-28T23:32:35+00:00","og_image":[{"width":1024,"height":512,"url":"https:\/\/svetkamene.eu\/wp-content\/uploads\/2022\/06\/2491-3_skala-fox-prirodni-kameny-obklad.jpg","type":"image\/jpeg"}],"twitter_card":"summary_large_image","twitter_misc":{"Napsal(a)":"Ale\u0161 Vachu\u0161ka","Odhadovan\u00e1 doba \u010dten\u00ed":"3 minuty"},"schema":{"@context":"https:\/\/schema.org","@graph":[{"@type":"WebSite","@id":"https:\/\/svetkamene.eu\/#website","url":"https:\/\/svetkamene.eu\/","name":"Sv\u011bt Kamene","description":"Port\u00e1l informuj\u00edc\u00ed o v\u0161em co souvis\u00ed s kamenem","potentialAction":[{"@type":"SearchAction","target":{"@type":"EntryPoint","urlTemplate":"https:\/\/svetkamene.eu\/?s={search_term_string}"},"query-input":"required name=search_term_string"}],"inLanguage":"cs"},{"@type":"ImageObject","inLanguage":"cs","@id":"https:\/\/svetkamene.eu\/index.php\/en\/2020\/03\/01\/natural-stone-facade-naturally-elegant-and-practical\/#primaryimage","url":"https:\/\/svetkamene.eu\/wp-content\/uploads\/2022\/06\/2491-3_skala-fox-prirodni-kameny-obklad.jpg","contentUrl":"https:\/\/svetkamene.eu\/wp-content\/uploads\/2022\/06\/2491-3_skala-fox-prirodni-kameny-obklad.jpg","width":1024,"height":512},{"@type":"WebPage","@id":"https:\/\/svetkamene.eu\/index.php\/en\/2020\/03\/01\/natural-stone-facade-naturally-elegant-and-practical\/#webpage","url":"https:\/\/svetkamene.eu\/index.php\/en\/2020\/03\/01\/natural-stone-facade-naturally-elegant-and-practical\/","name":"Natural stone facade \u2013 naturally elegant and practical - Sv\u011bt Kamene","isPartOf":{"@id":"https:\/\/svetkamene.eu\/#website"},"primaryImageOfPage":{"@id":"https:\/\/svetkamene.eu\/index.php\/en\/2020\/03\/01\/natural-stone-facade-naturally-elegant-and-practical\/#primaryimage"},"datePublished":"2020-03-01T19:51:02+00:00","dateModified":"2022-06-28T23:32:35+00:00","author":{"@id":"https:\/\/svetkamene.eu\/#\/schema\/person\/1cf0663ef38389cd1ec5deab88437e04"},"description":"P\u0159\u00edrodn\u00ed k\u00e1men na fas\u00e1d\u011b \u2013 elegantn\u00ed, praktick\u00fd, pevn\u00fd\u0158\u00edk\u00e1-li se, \u017ee okna jsou o\u010dima domu, pak fas\u00e1da je jeho tv\u00e1\u0159\u00ed.","breadcrumb":{"@id":"https:\/\/svetkamene.eu\/index.php\/en\/2020\/03\/01\/natural-stone-facade-naturally-elegant-and-practical\/#breadcrumb"},"inLanguage":"cs","potentialAction":[{"@type":"ReadAction","target":["https:\/\/svetkamene.eu\/index.php\/en\/2020\/03\/01\/natural-stone-facade-naturally-elegant-and-practical\/"]}]},{"@type":"BreadcrumbList","@id":"https:\/\/svetkamene.eu\/index.php\/en\/2020\/03\/01\/natural-stone-facade-naturally-elegant-and-practical\/#breadcrumb","itemListElement":[{"@type":"ListItem","position":1,"name":"Dom\u016f","item":"https:\/\/svetkamene.eu\/"},{"@type":"ListItem","position":2,"name":"Natural stone facade \u2013 naturally elegant and practical"}]},{"@type":"Person","@id":"https:\/\/svetkamene.eu\/#\/schema\/person\/1cf0663ef38389cd1ec5deab88437e04","name":"Ale\u0161 Vachu\u0161ka","image":{"@type":"ImageObject","inLanguage":"cs","@id":"https:\/\/svetkamene.eu\/#\/schema\/person\/image\/","url":"https:\/\/secure.gravatar.com\/avatar\/3b0db7dae3f05599081057d1ea848a8c?s=96&d=mm&r=g","contentUrl":"https:\/\/secure.gravatar.com\/avatar\/3b0db7dae3f05599081057d1ea848a8c?s=96&d=mm&r=g","caption":"Ale\u0161 Vachu\u0161ka"},"url":"https:\/\/svetkamene.eu\/index.php\/author\/vachuska-alessgmail-com\/"}]}},"_links":{"self":[{"href":"https:\/\/svetkamene.eu\/index.php\/wp-json\/wp\/v2\/posts\/11415"}],"collection":[{"href":"https:\/\/svetkamene.eu\/index.php\/wp-json\/wp\/v2\/posts"}],"about":[{"href":"https:\/\/svetkamene.eu\/index.php\/wp-json\/wp\/v2\/types\/post"}],"author":[{"embeddable":true,"href":"https:\/\/svetkamene.eu\/index.php\/wp-json\/wp\/v2\/users\/32"}],"replies":[{"embeddable":true,"href":"https:\/\/svetkamene.eu\/index.php\/wp-json\/wp\/v2\/comments?post=11415"}],"version-history":[{"count":2,"href":"https:\/\/svetkamene.eu\/index.php\/wp-json\/wp\/v2\/posts\/11415\/revisions"}],"predecessor-version":[{"id":11420,"href":"https:\/\/svetkamene.eu\/index.php\/wp-json\/wp\/v2\/posts\/11415\/revisions\/11420"}],"wp:featuredmedia":[{"embeddable":true,"href":"https:\/\/svetkamene.eu\/index.php\/wp-json\/wp\/v2\/media\/11410"}],"wp:attachment":[{"href":"https:\/\/svetkamene.eu\/index.php\/wp-json\/wp\/v2\/media?parent=11415"}],"wp:term":[{"taxonomy":"category","embeddable":true,"href":"https:\/\/svetkamene.eu\/index.php\/wp-json\/wp\/v2\/categories?post=11415"},{"taxonomy":"post_tag","embeddable":true,"href":"https:\/\/svetkamene.eu\/index.php\/wp-json\/wp\/v2\/tags?post=11415"}],"curies":[{"name":"wp","href":"https:\/\/api.w.org\/{rel}","templated":true}]}}