{"id":10895,"date":"2022-06-20T14:29:21","date_gmt":"2022-06-20T12:29:21","guid":{"rendered":"https:\/\/svetkamene.eu\/?p=10895"},"modified":"2022-06-28T12:30:35","modified_gmt":"2022-06-28T10:30:35","slug":"guggenheim-museum-in-bilbao-2","status":"publish","type":"post","link":"https:\/\/svetkamene.eu\/index.php\/de\/2022\/06\/20\/guggenheim-museum-in-bilbao-2\/","title":{"rendered":"GUGGENHEIM-MUSEUM IN BILBAO"},"content":{"rendered":"<p><strong>Diesmal wurde unsere Aufmerksamkeit auf das Geb\u00e4ude gelenkt, das es \u00fcbrigens wegen seines Steins nicht in den Katalog der bedeutenden Werke der zeitgen\u00f6ssischen Architektur geschafft hat. Bei diesem Geb\u00e4ude handelt es sich um das Guggenheim-Museum in Bilbao (Spanisches Museum f\u00fcr zeitgen\u00f6ssische Kunst), das zwischen 1993 und 1997 errichtet wurde. Die wichtigsten Materialien, die im Guggenheim-Museum verwendet werden, sind Titanblech und Stein.<\/strong><\/p>\n<p>&nbsp;<\/p>\n<p>F\u00fcr den Bau wurden 33&nbsp;000 Titanbleche mit einem Gesamtgewicht von 60 Tonnen und fast 27&nbsp;000&nbsp;m<sup>3<\/sup> Stein &#8211; lokaler Marmor aus dem Gebiet Granada-Crema Huescar &#8211; verwendet.<\/p>\n<p>Obwohl es die Titanverkleidung ist, die dem Geb\u00e4ude seinen Charakter verleiht, die Besucher anzieht und ihre Aufmerksamkeit auf sich zieht, ist der erg\u00e4nzende Stein das Element, das perfekt zusammenpasst und das Geb\u00e4ude zu einem monumentalen Werk macht.<\/p>\n<p>&nbsp;<\/p>\n<p><img loading=\"lazy\" class=\"aligncenter size-full wp-image-10896\" src=\"https:\/\/svetkamene.eu\/wp-content\/uploads\/2022\/06\/gog2-3.jpg\" alt=\"\" width=\"640\" height=\"427\" srcset=\"https:\/\/svetkamene.eu\/wp-content\/uploads\/2022\/06\/gog2-3.jpg 640w, https:\/\/svetkamene.eu\/wp-content\/uploads\/2022\/06\/gog2-3-300x200.jpg 300w\" sizes=\"(max-width: 640px) 100vw, 640px\" \/><\/p>\n<p>&nbsp;<\/p>\n<p>Das Geb\u00e4ude wurde von einem der ber\u00fchmtesten zeitgen\u00f6ssischen Architekten der Welt, Frank Gehry, entworfen. Zu Gehrys ber\u00fchmten Geb\u00e4uden geh\u00f6ren das \u201eTanzende Haus&#8220; in Prag und der Wolkenkratzer 8 Spruce Street in New York. Diese Geb\u00e4ude sind unverwechselbar und wecken, wie das Guggenheim-Museum, durch ihre Wirkung auf den Raum, den sie einnehmen, viele Emotionen.<\/p>\n<p>&nbsp;<\/p>\n<p><img loading=\"lazy\" class=\"aligncenter size-full wp-image-10897\" src=\"https:\/\/svetkamene.eu\/wp-content\/uploads\/2022\/06\/gog3-3.jpg\" alt=\"\" width=\"640\" height=\"960\" srcset=\"https:\/\/svetkamene.eu\/wp-content\/uploads\/2022\/06\/gog3-3.jpg 640w, https:\/\/svetkamene.eu\/wp-content\/uploads\/2022\/06\/gog3-3-200x300.jpg 200w\" sizes=\"(max-width: 640px) 100vw, 640px\" \/><\/p>\n<p>&nbsp;<\/p>\n<p>Frank Gehry hat polnische Wurzeln &#8211; seine Mutter ist eine in Lodz geborene J\u00fcdin polnischer Herkunft. Sein Architekturb\u00fcro nimmt an Designwettbewerben in Polen teil. In diesem Jahr gewann er einen Wettbewerb zur Gestaltung des neuen Campus der Musikakademie in Krakau.<\/p>\n<p>&nbsp;<\/p>\n<p><strong>Crema Huescar:<\/strong><\/p>\n<p>&nbsp;<\/p>\n<p><img loading=\"lazy\" class=\"aligncenter size-full wp-image-10898\" src=\"https:\/\/svetkamene.eu\/wp-content\/uploads\/2022\/06\/gog4-3.jpg\" alt=\"\" width=\"640\" height=\"642\" srcset=\"https:\/\/svetkamene.eu\/wp-content\/uploads\/2022\/06\/gog4-3.jpg 640w, https:\/\/svetkamene.eu\/wp-content\/uploads\/2022\/06\/gog4-3-300x300.jpg 300w, https:\/\/svetkamene.eu\/wp-content\/uploads\/2022\/06\/gog4-3-150x150.jpg 150w\" sizes=\"(max-width: 640px) 100vw, 640px\" \/><\/p>\n<p>&nbsp;<\/p>\n<p>&#8211; Absorptionsf\u00e4higkeit: 0,12%<\/p>\n<p>&#8211; Druckfestigkeit: 175,43 MPa<\/p>\n<p>&#8211; Dichte: 2650 kg\/m<sup>3<\/sup><\/p>\n<p>&#8211; Biegefestigkeit: 17,53 MPa<\/p>\n<p><strong>\u00a0<\/strong><\/p>\n<p>&nbsp;<\/p>\n<p>&nbsp;<\/p>\n<p>Quelle: <a href=\"https:\/\/www.kurierkamieniarski.pl\/artykuly\/ludzie-i-miejsca\/749-muzeum-guggenheima-w-bilbao.html\">Kurier kamieniarski<\/a><\/p>\n<p>Autor: Kurier Kamieniarski | Publiziert: 11.&nbsp;09.&nbsp;2017<\/p>\n<p><strong>\u00a0<\/strong><\/p>\n","protected":false},"excerpt":{"rendered":"<p>Diesmal wurde unsere Aufmerksamkeit auf das Geb\u00e4ude gelenkt, das es \u00fcbrigens wegen seines Steins nicht&#8230;<\/p>\n","protected":false},"author":38,"featured_media":8810,"comment_status":"closed","ping_status":"closed","sticky":false,"template":"","format":"standard","meta":{"ngg_post_thumbnail":0},"categories":[370],"tags":[],"yoast_head":"<!-- This site is optimized with the Yoast SEO plugin v19.1 - https:\/\/yoast.com\/wordpress\/plugins\/seo\/ -->\n<title>GUGGENHEIM-MUSEUM IN BILBAO - Sv\u011bt Kamene<\/title>\n<meta name=\"description\" content=\"Tentokr\u00e1t na\u0161i pozornost upoutala budova, kter\u00e1 se mimochodem do katalogu v\u00fdznamn\u00fdch d\u011bl sou\u010dasn\u00e9 architektury nedostala kv\u016fli sv\u00e9mu kameni.\" \/>\n<meta name=\"robots\" content=\"index, follow, max-snippet:-1, max-image-preview:large, max-video-preview:-1\" \/>\n<link rel=\"canonical\" href=\"https:\/\/svetkamene.eu\/index.php\/de\/2022\/06\/20\/guggenheim-museum-in-bilbao-2\/\" \/>\n<meta property=\"og:locale\" content=\"cs_CZ\" \/>\n<meta property=\"og:type\" content=\"article\" \/>\n<meta property=\"og:title\" content=\"GUGGENHEIM-MUSEUM IN BILBAO - Sv\u011bt Kamene\" \/>\n<meta property=\"og:description\" content=\"Tentokr\u00e1t na\u0161i pozornost upoutala budova, kter\u00e1 se mimochodem do katalogu v\u00fdznamn\u00fdch d\u011bl sou\u010dasn\u00e9 architektury nedostala kv\u016fli sv\u00e9mu kameni.\" \/>\n<meta property=\"og:url\" content=\"https:\/\/svetkamene.eu\/index.php\/de\/2022\/06\/20\/guggenheim-museum-in-bilbao-2\/\" \/>\n<meta property=\"og:site_name\" content=\"Sv\u011bt Kamene\" \/>\n<meta property=\"article:published_time\" content=\"2022-06-20T12:29:21+00:00\" \/>\n<meta property=\"article:modified_time\" content=\"2022-06-28T10:30:35+00:00\" \/>\n<meta property=\"og:image\" content=\"https:\/\/svetkamene.eu\/wp-content\/uploads\/2022\/06\/gog1.jpg\" \/>\n\t<meta property=\"og:image:width\" content=\"640\" \/>\n\t<meta property=\"og:image:height\" content=\"427\" \/>\n\t<meta property=\"og:image:type\" content=\"image\/jpeg\" \/>\n<meta name=\"twitter:card\" content=\"summary_large_image\" \/>\n<meta name=\"twitter:label1\" content=\"Napsal(a)\" \/>\n\t<meta name=\"twitter:data1\" content=\"Angelina Onishchuk\" \/>\n\t<meta name=\"twitter:label2\" content=\"Odhadovan\u00e1 doba \u010dten\u00ed\" \/>\n\t<meta name=\"twitter:data2\" content=\"2 minuty\" \/>\n<script type=\"application\/ld+json\" class=\"yoast-schema-graph\">{\"@context\":\"https:\/\/schema.org\",\"@graph\":[{\"@type\":\"WebSite\",\"@id\":\"https:\/\/svetkamene.eu\/#website\",\"url\":\"https:\/\/svetkamene.eu\/\",\"name\":\"Sv\u011bt Kamene\",\"description\":\"Port\u00e1l informuj\u00edc\u00ed o v\u0161em co souvis\u00ed s kamenem\",\"potentialAction\":[{\"@type\":\"SearchAction\",\"target\":{\"@type\":\"EntryPoint\",\"urlTemplate\":\"https:\/\/svetkamene.eu\/?s={search_term_string}\"},\"query-input\":\"required name=search_term_string\"}],\"inLanguage\":\"cs\"},{\"@type\":\"ImageObject\",\"inLanguage\":\"cs\",\"@id\":\"https:\/\/svetkamene.eu\/index.php\/de\/2022\/06\/20\/guggenheim-museum-in-bilbao-2\/#primaryimage\",\"url\":\"https:\/\/svetkamene.eu\/wp-content\/uploads\/2022\/06\/gog1.jpg\",\"contentUrl\":\"https:\/\/svetkamene.eu\/wp-content\/uploads\/2022\/06\/gog1.jpg\",\"width\":640,\"height\":427,\"caption\":\"muzeum z kamene\"},{\"@type\":\"WebPage\",\"@id\":\"https:\/\/svetkamene.eu\/index.php\/de\/2022\/06\/20\/guggenheim-museum-in-bilbao-2\/#webpage\",\"url\":\"https:\/\/svetkamene.eu\/index.php\/de\/2022\/06\/20\/guggenheim-museum-in-bilbao-2\/\",\"name\":\"GUGGENHEIM-MUSEUM IN BILBAO - Sv\u011bt Kamene\",\"isPartOf\":{\"@id\":\"https:\/\/svetkamene.eu\/#website\"},\"primaryImageOfPage\":{\"@id\":\"https:\/\/svetkamene.eu\/index.php\/de\/2022\/06\/20\/guggenheim-museum-in-bilbao-2\/#primaryimage\"},\"datePublished\":\"2022-06-20T12:29:21+00:00\",\"dateModified\":\"2022-06-28T10:30:35+00:00\",\"author\":{\"@id\":\"https:\/\/svetkamene.eu\/#\/schema\/person\/463c656516d9b11741af0dbd52ecc969\"},\"description\":\"Tentokr\u00e1t na\u0161i pozornost upoutala budova, kter\u00e1 se mimochodem do katalogu v\u00fdznamn\u00fdch d\u011bl sou\u010dasn\u00e9 architektury nedostala kv\u016fli sv\u00e9mu kameni.\",\"breadcrumb\":{\"@id\":\"https:\/\/svetkamene.eu\/index.php\/de\/2022\/06\/20\/guggenheim-museum-in-bilbao-2\/#breadcrumb\"},\"inLanguage\":\"cs\",\"potentialAction\":[{\"@type\":\"ReadAction\",\"target\":[\"https:\/\/svetkamene.eu\/index.php\/de\/2022\/06\/20\/guggenheim-museum-in-bilbao-2\/\"]}]},{\"@type\":\"BreadcrumbList\",\"@id\":\"https:\/\/svetkamene.eu\/index.php\/de\/2022\/06\/20\/guggenheim-museum-in-bilbao-2\/#breadcrumb\",\"itemListElement\":[{\"@type\":\"ListItem\",\"position\":1,\"name\":\"Dom\u016f\",\"item\":\"https:\/\/svetkamene.eu\/\"},{\"@type\":\"ListItem\",\"position\":2,\"name\":\"GUGGENHEIM-MUSEUM IN BILBAO\"}]},{\"@type\":\"Person\",\"@id\":\"https:\/\/svetkamene.eu\/#\/schema\/person\/463c656516d9b11741af0dbd52ecc969\",\"name\":\"Angelina Onishchuk\",\"image\":{\"@type\":\"ImageObject\",\"inLanguage\":\"cs\",\"@id\":\"https:\/\/svetkamene.eu\/#\/schema\/person\/image\/\",\"url\":\"https:\/\/secure.gravatar.com\/avatar\/3db6b23aabcbb0a0874dca9d74266a9f?s=96&d=mm&r=g\",\"contentUrl\":\"https:\/\/secure.gravatar.com\/avatar\/3db6b23aabcbb0a0874dca9d74266a9f?s=96&d=mm&r=g\",\"caption\":\"Angelina Onishchuk\"},\"url\":\"https:\/\/svetkamene.eu\/index.php\/author\/angelina-onishchuk27gmail-com\/\"}]}<\/script>\n<!-- \/ Yoast SEO plugin. -->","yoast_head_json":{"title":"GUGGENHEIM-MUSEUM IN BILBAO - Sv\u011bt Kamene","description":"Tentokr\u00e1t na\u0161i pozornost upoutala budova, kter\u00e1 se mimochodem do katalogu v\u00fdznamn\u00fdch d\u011bl sou\u010dasn\u00e9 architektury nedostala kv\u016fli sv\u00e9mu kameni.","robots":{"index":"index","follow":"follow","max-snippet":"max-snippet:-1","max-image-preview":"max-image-preview:large","max-video-preview":"max-video-preview:-1"},"canonical":"https:\/\/svetkamene.eu\/index.php\/de\/2022\/06\/20\/guggenheim-museum-in-bilbao-2\/","og_locale":"cs_CZ","og_type":"article","og_title":"GUGGENHEIM-MUSEUM IN BILBAO - Sv\u011bt Kamene","og_description":"Tentokr\u00e1t na\u0161i pozornost upoutala budova, kter\u00e1 se mimochodem do katalogu v\u00fdznamn\u00fdch d\u011bl sou\u010dasn\u00e9 architektury nedostala kv\u016fli sv\u00e9mu kameni.","og_url":"https:\/\/svetkamene.eu\/index.php\/de\/2022\/06\/20\/guggenheim-museum-in-bilbao-2\/","og_site_name":"Sv\u011bt Kamene","article_published_time":"2022-06-20T12:29:21+00:00","article_modified_time":"2022-06-28T10:30:35+00:00","og_image":[{"width":640,"height":427,"url":"https:\/\/svetkamene.eu\/wp-content\/uploads\/2022\/06\/gog1.jpg","type":"image\/jpeg"}],"twitter_card":"summary_large_image","twitter_misc":{"Napsal(a)":"Angelina Onishchuk","Odhadovan\u00e1 doba \u010dten\u00ed":"2 minuty"},"schema":{"@context":"https:\/\/schema.org","@graph":[{"@type":"WebSite","@id":"https:\/\/svetkamene.eu\/#website","url":"https:\/\/svetkamene.eu\/","name":"Sv\u011bt Kamene","description":"Port\u00e1l informuj\u00edc\u00ed o v\u0161em co souvis\u00ed s kamenem","potentialAction":[{"@type":"SearchAction","target":{"@type":"EntryPoint","urlTemplate":"https:\/\/svetkamene.eu\/?s={search_term_string}"},"query-input":"required name=search_term_string"}],"inLanguage":"cs"},{"@type":"ImageObject","inLanguage":"cs","@id":"https:\/\/svetkamene.eu\/index.php\/de\/2022\/06\/20\/guggenheim-museum-in-bilbao-2\/#primaryimage","url":"https:\/\/svetkamene.eu\/wp-content\/uploads\/2022\/06\/gog1.jpg","contentUrl":"https:\/\/svetkamene.eu\/wp-content\/uploads\/2022\/06\/gog1.jpg","width":640,"height":427,"caption":"muzeum z kamene"},{"@type":"WebPage","@id":"https:\/\/svetkamene.eu\/index.php\/de\/2022\/06\/20\/guggenheim-museum-in-bilbao-2\/#webpage","url":"https:\/\/svetkamene.eu\/index.php\/de\/2022\/06\/20\/guggenheim-museum-in-bilbao-2\/","name":"GUGGENHEIM-MUSEUM IN BILBAO - Sv\u011bt Kamene","isPartOf":{"@id":"https:\/\/svetkamene.eu\/#website"},"primaryImageOfPage":{"@id":"https:\/\/svetkamene.eu\/index.php\/de\/2022\/06\/20\/guggenheim-museum-in-bilbao-2\/#primaryimage"},"datePublished":"2022-06-20T12:29:21+00:00","dateModified":"2022-06-28T10:30:35+00:00","author":{"@id":"https:\/\/svetkamene.eu\/#\/schema\/person\/463c656516d9b11741af0dbd52ecc969"},"description":"Tentokr\u00e1t na\u0161i pozornost upoutala budova, kter\u00e1 se mimochodem do katalogu v\u00fdznamn\u00fdch d\u011bl sou\u010dasn\u00e9 architektury nedostala kv\u016fli sv\u00e9mu kameni.","breadcrumb":{"@id":"https:\/\/svetkamene.eu\/index.php\/de\/2022\/06\/20\/guggenheim-museum-in-bilbao-2\/#breadcrumb"},"inLanguage":"cs","potentialAction":[{"@type":"ReadAction","target":["https:\/\/svetkamene.eu\/index.php\/de\/2022\/06\/20\/guggenheim-museum-in-bilbao-2\/"]}]},{"@type":"BreadcrumbList","@id":"https:\/\/svetkamene.eu\/index.php\/de\/2022\/06\/20\/guggenheim-museum-in-bilbao-2\/#breadcrumb","itemListElement":[{"@type":"ListItem","position":1,"name":"Dom\u016f","item":"https:\/\/svetkamene.eu\/"},{"@type":"ListItem","position":2,"name":"GUGGENHEIM-MUSEUM IN BILBAO"}]},{"@type":"Person","@id":"https:\/\/svetkamene.eu\/#\/schema\/person\/463c656516d9b11741af0dbd52ecc969","name":"Angelina Onishchuk","image":{"@type":"ImageObject","inLanguage":"cs","@id":"https:\/\/svetkamene.eu\/#\/schema\/person\/image\/","url":"https:\/\/secure.gravatar.com\/avatar\/3db6b23aabcbb0a0874dca9d74266a9f?s=96&d=mm&r=g","contentUrl":"https:\/\/secure.gravatar.com\/avatar\/3db6b23aabcbb0a0874dca9d74266a9f?s=96&d=mm&r=g","caption":"Angelina Onishchuk"},"url":"https:\/\/svetkamene.eu\/index.php\/author\/angelina-onishchuk27gmail-com\/"}]}},"_links":{"self":[{"href":"https:\/\/svetkamene.eu\/index.php\/wp-json\/wp\/v2\/posts\/10895"}],"collection":[{"href":"https:\/\/svetkamene.eu\/index.php\/wp-json\/wp\/v2\/posts"}],"about":[{"href":"https:\/\/svetkamene.eu\/index.php\/wp-json\/wp\/v2\/types\/post"}],"author":[{"embeddable":true,"href":"https:\/\/svetkamene.eu\/index.php\/wp-json\/wp\/v2\/users\/38"}],"replies":[{"embeddable":true,"href":"https:\/\/svetkamene.eu\/index.php\/wp-json\/wp\/v2\/comments?post=10895"}],"version-history":[{"count":2,"href":"https:\/\/svetkamene.eu\/index.php\/wp-json\/wp\/v2\/posts\/10895\/revisions"}],"predecessor-version":[{"id":10900,"href":"https:\/\/svetkamene.eu\/index.php\/wp-json\/wp\/v2\/posts\/10895\/revisions\/10900"}],"wp:featuredmedia":[{"embeddable":true,"href":"https:\/\/svetkamene.eu\/index.php\/wp-json\/wp\/v2\/media\/8810"}],"wp:attachment":[{"href":"https:\/\/svetkamene.eu\/index.php\/wp-json\/wp\/v2\/media?parent=10895"}],"wp:term":[{"taxonomy":"category","embeddable":true,"href":"https:\/\/svetkamene.eu\/index.php\/wp-json\/wp\/v2\/categories?post=10895"},{"taxonomy":"post_tag","embeddable":true,"href":"https:\/\/svetkamene.eu\/index.php\/wp-json\/wp\/v2\/tags?post=10895"}],"curies":[{"name":"wp","href":"https:\/\/api.w.org\/{rel}","templated":true}]}}