{"id":10174,"date":"2020-08-15T08:00:00","date_gmt":"2020-08-15T06:00:00","guid":{"rendered":"https:\/\/svetkamene.eu\/?p=10174"},"modified":"2022-06-26T18:40:36","modified_gmt":"2022-06-26T16:40:36","slug":"neuer-schwarzer-stein-auf-dem-markt-cambrian-black","status":"publish","type":"post","link":"https:\/\/svetkamene.eu\/index.php\/de\/2020\/08\/15\/neuer-schwarzer-stein-auf-dem-markt-cambrian-black\/","title":{"rendered":"NEUER SCHWARZER STEIN AUF DEM MARKT &#8211; CAMBRIAN BLACK"},"content":{"rendered":"<p><strong>Auf den Seiten der Zeitschrift Kurier Kamieniarski stellen wir regelm\u00e4\u00dfig weniger bekannte Materialien auf dem Markt vor, die es wert sind, beachtet zu werden. Ende letzten Jahres erregte ein schwarzer Granit aus dem Angebot von HM Granit &#8211; Cambrian Black &#8211; unsere Aufmerksamkeit.<\/strong><\/p>\n<p>&nbsp;<\/p>\n<p>Dieser von den Bergleuten als Granit bezeichnete Stein ist geologisch gesehen ein Anorthosit &#8211; sein Hauptbestandteil ist Plagioklas.<\/p>\n<p>Cambrian Black ist ein dunkelschwarzes, feink\u00f6rniges Material, das mit kleinen Silberflecken angereichert ist. Der Stein stammt aus einem kanadischen Steinbruch in der N\u00e4he von Saint-Nazaire, Quebec, der sich \u00fcber eine Fl\u00e4che von rund 43 Hektar erstreckt und dessen W\u00e4nde 36 Meter hoch sind. Die monatliche Produktion des Steinbruchs betr\u00e4gt etwa 425&nbsp;m<sup>3<\/sup>, die derzeitige Jahresproduktion liegt bei 5&nbsp;000&nbsp;m<sup>3<\/sup>. Die erkundeten Reserven garantieren eine Produktion f\u00fcr etwa 100 Jahre.<\/p>\n<p>&nbsp;<\/p>\n<p><strong>Der Stein hat sehr gute physikalische und mechanische Eigenschaften:<\/strong><\/p>\n<p>&#8211; Dichte &#8211; 2874 kg\/m<sup>3<\/sup><\/p>\n<p>&#8211; Wasseraufnahme &#8211; 0,101&nbsp;%.<\/p>\n<p>&#8211; Biegefestigkeit &#8211; 12,2 MPa<\/p>\n<p>&#8211; Druckfestigkeit &#8211; 153 MPa<\/p>\n<p>&#8211; der Stein ist vollst\u00e4ndig frost- und s\u00e4urebest\u00e4ndig.<\/p>\n<p>Nach Angaben des Bergbauunternehmens zeichnen sich die mit Cambrian Black hergestellten Realisierungen durch eine hohe Dauerhaft aus. F\u00fcr Innenr\u00e4ume mit geringer Verkehrsbelastung wird die Lebensdauer mit mehr als 150 Jahren angegeben, f\u00fcr Innenr\u00e4ume mit hoher Verkehrsbelastung mit mehr als 40 Jahren. Gut gewartete Platten sollten eine Lebensdauer von mehr als 150 Jahren haben.<\/p>\n<p>Cambrian sieht nicht nur in der polierten Version gut aus, sondern auch in antikisierter, geschliffener und wasserstrahlbehandelter Ausf\u00fchrung.<\/p>\n<p>In Katalogen vom Stein wird Cambrian Black auch als Black Sky bezeichnet.<\/p>\n<p>Letztes Jahr hat HM Granit 250&nbsp;m<sup>3<\/sup> dieses Materials nach Polen importiert. Cambrian wird in Form von Bl\u00f6cken auf den polnischen Markt importiert und direkt vom Hafen von Montreal zum Hafen von Szczecin verschifft.<\/p>\n<p>&nbsp;<\/p>\n<p><img loading=\"lazy\" class=\"aligncenter size-full wp-image-10180\" src=\"https:\/\/svetkamene.eu\/wp-content\/uploads\/2020\/08\/133-2.jpg\" alt=\"\" width=\"640\" height=\"640\" srcset=\"https:\/\/svetkamene.eu\/wp-content\/uploads\/2020\/08\/133-2.jpg 640w, https:\/\/svetkamene.eu\/wp-content\/uploads\/2020\/08\/133-2-300x300.jpg 300w, https:\/\/svetkamene.eu\/wp-content\/uploads\/2020\/08\/133-2-150x150.jpg 150w\" sizes=\"(max-width: 640px) 100vw, 640px\" \/><\/p>\n<p>&nbsp;<\/p>\n<p>&nbsp;<\/p>\n<p>Quelle: <a href=\"https:\/\/www.kurierkamieniarski.pl\/artykuly\/o-kamieniu\/561-nowa-czer-na-rynku-cambrian-black.html\">Kurier kamieniarski<\/a><\/p>\n<p>Autor: Kurier Kamieniarski | Publiziert: 02.&nbsp;03.&nbsp;2016<\/p>\n","protected":false},"excerpt":{"rendered":"<p>Auf den Seiten der Zeitschrift Kurier Kamieniarski stellen wir regelm\u00e4\u00dfig weniger bekannte Materialien auf dem&#8230;<\/p>\n","protected":false},"author":38,"featured_media":2523,"comment_status":"closed","ping_status":"closed","sticky":false,"template":"","format":"standard","meta":{"ngg_post_thumbnail":0},"categories":[378],"tags":[],"yoast_head":"<!-- This site is optimized with the Yoast SEO plugin v19.1 - https:\/\/yoast.com\/wordpress\/plugins\/seo\/ -->\n<title>NEUER SCHWARZER STEIN AUF DEM MARKT - CAMBRIAN BLACK - Sv\u011bt Kamene<\/title>\n<meta name=\"description\" content=\"Cambrian Black je temn\u011b \u010dern\u00fd jemnozrnn\u00fd materi\u00e1l obohacen\u00fd mal\u00fdmi st\u0159\u00edbrn\u00fdmi skvrnami. K\u00e1men poch\u00e1z\u00ed z kanadsk\u00e9ho lomu\" \/>\n<meta name=\"robots\" content=\"index, follow, max-snippet:-1, max-image-preview:large, max-video-preview:-1\" \/>\n<link rel=\"canonical\" href=\"https:\/\/svetkamene.eu\/index.php\/de\/2020\/08\/15\/neuer-schwarzer-stein-auf-dem-markt-cambrian-black\/\" \/>\n<meta property=\"og:locale\" content=\"cs_CZ\" \/>\n<meta property=\"og:type\" content=\"article\" \/>\n<meta property=\"og:title\" content=\"NEUER SCHWARZER STEIN AUF DEM MARKT - CAMBRIAN BLACK - Sv\u011bt Kamene\" \/>\n<meta property=\"og:description\" content=\"Cambrian Black je temn\u011b \u010dern\u00fd jemnozrnn\u00fd materi\u00e1l obohacen\u00fd mal\u00fdmi st\u0159\u00edbrn\u00fdmi skvrnami. K\u00e1men poch\u00e1z\u00ed z kanadsk\u00e9ho lomu\" \/>\n<meta property=\"og:url\" content=\"https:\/\/svetkamene.eu\/index.php\/de\/2020\/08\/15\/neuer-schwarzer-stein-auf-dem-markt-cambrian-black\/\" \/>\n<meta property=\"og:site_name\" content=\"Sv\u011bt Kamene\" \/>\n<meta property=\"article:published_time\" content=\"2020-08-15T06:00:00+00:00\" \/>\n<meta property=\"article:modified_time\" content=\"2022-06-26T16:40:36+00:00\" \/>\n<meta property=\"og:image\" content=\"https:\/\/svetkamene.eu\/wp-content\/uploads\/2021\/01\/cambr1.jpg\" \/>\n\t<meta property=\"og:image:width\" content=\"640\" \/>\n\t<meta property=\"og:image:height\" content=\"480\" \/>\n\t<meta property=\"og:image:type\" content=\"image\/jpeg\" \/>\n<meta name=\"twitter:card\" content=\"summary_large_image\" \/>\n<meta name=\"twitter:label1\" content=\"Napsal(a)\" \/>\n\t<meta name=\"twitter:data1\" content=\"Angelina Onishchuk\" \/>\n\t<meta name=\"twitter:label2\" content=\"Odhadovan\u00e1 doba \u010dten\u00ed\" \/>\n\t<meta name=\"twitter:data2\" content=\"1 minuta\" \/>\n<script type=\"application\/ld+json\" class=\"yoast-schema-graph\">{\"@context\":\"https:\/\/schema.org\",\"@graph\":[{\"@type\":\"WebSite\",\"@id\":\"https:\/\/svetkamene.eu\/#website\",\"url\":\"https:\/\/svetkamene.eu\/\",\"name\":\"Sv\u011bt Kamene\",\"description\":\"Port\u00e1l informuj\u00edc\u00ed o v\u0161em co souvis\u00ed s kamenem\",\"potentialAction\":[{\"@type\":\"SearchAction\",\"target\":{\"@type\":\"EntryPoint\",\"urlTemplate\":\"https:\/\/svetkamene.eu\/?s={search_term_string}\"},\"query-input\":\"required name=search_term_string\"}],\"inLanguage\":\"cs\"},{\"@type\":\"ImageObject\",\"inLanguage\":\"cs\",\"@id\":\"https:\/\/svetkamene.eu\/index.php\/de\/2020\/08\/15\/neuer-schwarzer-stein-auf-dem-markt-cambrian-black\/#primaryimage\",\"url\":\"https:\/\/svetkamene.eu\/wp-content\/uploads\/2021\/01\/cambr1.jpg\",\"contentUrl\":\"https:\/\/svetkamene.eu\/wp-content\/uploads\/2021\/01\/cambr1.jpg\",\"width\":640,\"height\":480},{\"@type\":\"WebPage\",\"@id\":\"https:\/\/svetkamene.eu\/index.php\/de\/2020\/08\/15\/neuer-schwarzer-stein-auf-dem-markt-cambrian-black\/#webpage\",\"url\":\"https:\/\/svetkamene.eu\/index.php\/de\/2020\/08\/15\/neuer-schwarzer-stein-auf-dem-markt-cambrian-black\/\",\"name\":\"NEUER SCHWARZER STEIN AUF DEM MARKT - CAMBRIAN BLACK - Sv\u011bt Kamene\",\"isPartOf\":{\"@id\":\"https:\/\/svetkamene.eu\/#website\"},\"primaryImageOfPage\":{\"@id\":\"https:\/\/svetkamene.eu\/index.php\/de\/2020\/08\/15\/neuer-schwarzer-stein-auf-dem-markt-cambrian-black\/#primaryimage\"},\"datePublished\":\"2020-08-15T06:00:00+00:00\",\"dateModified\":\"2022-06-26T16:40:36+00:00\",\"author\":{\"@id\":\"https:\/\/svetkamene.eu\/#\/schema\/person\/463c656516d9b11741af0dbd52ecc969\"},\"description\":\"Cambrian Black je temn\u011b \u010dern\u00fd jemnozrnn\u00fd materi\u00e1l obohacen\u00fd mal\u00fdmi st\u0159\u00edbrn\u00fdmi skvrnami. K\u00e1men poch\u00e1z\u00ed z kanadsk\u00e9ho lomu\",\"breadcrumb\":{\"@id\":\"https:\/\/svetkamene.eu\/index.php\/de\/2020\/08\/15\/neuer-schwarzer-stein-auf-dem-markt-cambrian-black\/#breadcrumb\"},\"inLanguage\":\"cs\",\"potentialAction\":[{\"@type\":\"ReadAction\",\"target\":[\"https:\/\/svetkamene.eu\/index.php\/de\/2020\/08\/15\/neuer-schwarzer-stein-auf-dem-markt-cambrian-black\/\"]}]},{\"@type\":\"BreadcrumbList\",\"@id\":\"https:\/\/svetkamene.eu\/index.php\/de\/2020\/08\/15\/neuer-schwarzer-stein-auf-dem-markt-cambrian-black\/#breadcrumb\",\"itemListElement\":[{\"@type\":\"ListItem\",\"position\":1,\"name\":\"Dom\u016f\",\"item\":\"https:\/\/svetkamene.eu\/\"},{\"@type\":\"ListItem\",\"position\":2,\"name\":\"NEUER SCHWARZER STEIN AUF DEM MARKT &#8211; CAMBRIAN BLACK\"}]},{\"@type\":\"Person\",\"@id\":\"https:\/\/svetkamene.eu\/#\/schema\/person\/463c656516d9b11741af0dbd52ecc969\",\"name\":\"Angelina Onishchuk\",\"image\":{\"@type\":\"ImageObject\",\"inLanguage\":\"cs\",\"@id\":\"https:\/\/svetkamene.eu\/#\/schema\/person\/image\/\",\"url\":\"https:\/\/secure.gravatar.com\/avatar\/3db6b23aabcbb0a0874dca9d74266a9f?s=96&d=mm&r=g\",\"contentUrl\":\"https:\/\/secure.gravatar.com\/avatar\/3db6b23aabcbb0a0874dca9d74266a9f?s=96&d=mm&r=g\",\"caption\":\"Angelina Onishchuk\"},\"url\":\"https:\/\/svetkamene.eu\/index.php\/author\/angelina-onishchuk27gmail-com\/\"}]}<\/script>\n<!-- \/ Yoast SEO plugin. -->","yoast_head_json":{"title":"NEUER SCHWARZER STEIN AUF DEM MARKT - CAMBRIAN BLACK - Sv\u011bt Kamene","description":"Cambrian Black je temn\u011b \u010dern\u00fd jemnozrnn\u00fd materi\u00e1l obohacen\u00fd mal\u00fdmi st\u0159\u00edbrn\u00fdmi skvrnami. K\u00e1men poch\u00e1z\u00ed z kanadsk\u00e9ho lomu","robots":{"index":"index","follow":"follow","max-snippet":"max-snippet:-1","max-image-preview":"max-image-preview:large","max-video-preview":"max-video-preview:-1"},"canonical":"https:\/\/svetkamene.eu\/index.php\/de\/2020\/08\/15\/neuer-schwarzer-stein-auf-dem-markt-cambrian-black\/","og_locale":"cs_CZ","og_type":"article","og_title":"NEUER SCHWARZER STEIN AUF DEM MARKT - CAMBRIAN BLACK - Sv\u011bt Kamene","og_description":"Cambrian Black je temn\u011b \u010dern\u00fd jemnozrnn\u00fd materi\u00e1l obohacen\u00fd mal\u00fdmi st\u0159\u00edbrn\u00fdmi skvrnami. K\u00e1men poch\u00e1z\u00ed z kanadsk\u00e9ho lomu","og_url":"https:\/\/svetkamene.eu\/index.php\/de\/2020\/08\/15\/neuer-schwarzer-stein-auf-dem-markt-cambrian-black\/","og_site_name":"Sv\u011bt Kamene","article_published_time":"2020-08-15T06:00:00+00:00","article_modified_time":"2022-06-26T16:40:36+00:00","og_image":[{"width":640,"height":480,"url":"https:\/\/svetkamene.eu\/wp-content\/uploads\/2021\/01\/cambr1.jpg","type":"image\/jpeg"}],"twitter_card":"summary_large_image","twitter_misc":{"Napsal(a)":"Angelina Onishchuk","Odhadovan\u00e1 doba \u010dten\u00ed":"1 minuta"},"schema":{"@context":"https:\/\/schema.org","@graph":[{"@type":"WebSite","@id":"https:\/\/svetkamene.eu\/#website","url":"https:\/\/svetkamene.eu\/","name":"Sv\u011bt Kamene","description":"Port\u00e1l informuj\u00edc\u00ed o v\u0161em co souvis\u00ed s kamenem","potentialAction":[{"@type":"SearchAction","target":{"@type":"EntryPoint","urlTemplate":"https:\/\/svetkamene.eu\/?s={search_term_string}"},"query-input":"required name=search_term_string"}],"inLanguage":"cs"},{"@type":"ImageObject","inLanguage":"cs","@id":"https:\/\/svetkamene.eu\/index.php\/de\/2020\/08\/15\/neuer-schwarzer-stein-auf-dem-markt-cambrian-black\/#primaryimage","url":"https:\/\/svetkamene.eu\/wp-content\/uploads\/2021\/01\/cambr1.jpg","contentUrl":"https:\/\/svetkamene.eu\/wp-content\/uploads\/2021\/01\/cambr1.jpg","width":640,"height":480},{"@type":"WebPage","@id":"https:\/\/svetkamene.eu\/index.php\/de\/2020\/08\/15\/neuer-schwarzer-stein-auf-dem-markt-cambrian-black\/#webpage","url":"https:\/\/svetkamene.eu\/index.php\/de\/2020\/08\/15\/neuer-schwarzer-stein-auf-dem-markt-cambrian-black\/","name":"NEUER SCHWARZER STEIN AUF DEM MARKT - CAMBRIAN BLACK - Sv\u011bt Kamene","isPartOf":{"@id":"https:\/\/svetkamene.eu\/#website"},"primaryImageOfPage":{"@id":"https:\/\/svetkamene.eu\/index.php\/de\/2020\/08\/15\/neuer-schwarzer-stein-auf-dem-markt-cambrian-black\/#primaryimage"},"datePublished":"2020-08-15T06:00:00+00:00","dateModified":"2022-06-26T16:40:36+00:00","author":{"@id":"https:\/\/svetkamene.eu\/#\/schema\/person\/463c656516d9b11741af0dbd52ecc969"},"description":"Cambrian Black je temn\u011b \u010dern\u00fd jemnozrnn\u00fd materi\u00e1l obohacen\u00fd mal\u00fdmi st\u0159\u00edbrn\u00fdmi skvrnami. K\u00e1men poch\u00e1z\u00ed z kanadsk\u00e9ho lomu","breadcrumb":{"@id":"https:\/\/svetkamene.eu\/index.php\/de\/2020\/08\/15\/neuer-schwarzer-stein-auf-dem-markt-cambrian-black\/#breadcrumb"},"inLanguage":"cs","potentialAction":[{"@type":"ReadAction","target":["https:\/\/svetkamene.eu\/index.php\/de\/2020\/08\/15\/neuer-schwarzer-stein-auf-dem-markt-cambrian-black\/"]}]},{"@type":"BreadcrumbList","@id":"https:\/\/svetkamene.eu\/index.php\/de\/2020\/08\/15\/neuer-schwarzer-stein-auf-dem-markt-cambrian-black\/#breadcrumb","itemListElement":[{"@type":"ListItem","position":1,"name":"Dom\u016f","item":"https:\/\/svetkamene.eu\/"},{"@type":"ListItem","position":2,"name":"NEUER SCHWARZER STEIN AUF DEM MARKT &#8211; CAMBRIAN BLACK"}]},{"@type":"Person","@id":"https:\/\/svetkamene.eu\/#\/schema\/person\/463c656516d9b11741af0dbd52ecc969","name":"Angelina Onishchuk","image":{"@type":"ImageObject","inLanguage":"cs","@id":"https:\/\/svetkamene.eu\/#\/schema\/person\/image\/","url":"https:\/\/secure.gravatar.com\/avatar\/3db6b23aabcbb0a0874dca9d74266a9f?s=96&d=mm&r=g","contentUrl":"https:\/\/secure.gravatar.com\/avatar\/3db6b23aabcbb0a0874dca9d74266a9f?s=96&d=mm&r=g","caption":"Angelina Onishchuk"},"url":"https:\/\/svetkamene.eu\/index.php\/author\/angelina-onishchuk27gmail-com\/"}]}},"_links":{"self":[{"href":"https:\/\/svetkamene.eu\/index.php\/wp-json\/wp\/v2\/posts\/10174"}],"collection":[{"href":"https:\/\/svetkamene.eu\/index.php\/wp-json\/wp\/v2\/posts"}],"about":[{"href":"https:\/\/svetkamene.eu\/index.php\/wp-json\/wp\/v2\/types\/post"}],"author":[{"embeddable":true,"href":"https:\/\/svetkamene.eu\/index.php\/wp-json\/wp\/v2\/users\/38"}],"replies":[{"embeddable":true,"href":"https:\/\/svetkamene.eu\/index.php\/wp-json\/wp\/v2\/comments?post=10174"}],"version-history":[{"count":2,"href":"https:\/\/svetkamene.eu\/index.php\/wp-json\/wp\/v2\/posts\/10174\/revisions"}],"predecessor-version":[{"id":10186,"href":"https:\/\/svetkamene.eu\/index.php\/wp-json\/wp\/v2\/posts\/10174\/revisions\/10186"}],"wp:featuredmedia":[{"embeddable":true,"href":"https:\/\/svetkamene.eu\/index.php\/wp-json\/wp\/v2\/media\/2523"}],"wp:attachment":[{"href":"https:\/\/svetkamene.eu\/index.php\/wp-json\/wp\/v2\/media?parent=10174"}],"wp:term":[{"taxonomy":"category","embeddable":true,"href":"https:\/\/svetkamene.eu\/index.php\/wp-json\/wp\/v2\/categories?post=10174"},{"taxonomy":"post_tag","embeddable":true,"href":"https:\/\/svetkamene.eu\/index.php\/wp-json\/wp\/v2\/tags?post=10174"}],"curies":[{"name":"wp","href":"https:\/\/api.w.org\/{rel}","templated":true}]}}