{"id":10160,"date":"2020-07-11T15:00:00","date_gmt":"2020-07-11T13:00:00","guid":{"rendered":"https:\/\/svetkamene.eu\/?p=10160"},"modified":"2022-06-26T18:24:35","modified_gmt":"2022-06-26T16:24:35","slug":"suehnekreuze","status":"publish","type":"post","link":"https:\/\/svetkamene.eu\/index.php\/de\/2020\/07\/11\/suehnekreuze\/","title":{"rendered":"S\u00dcHNEKREUZE"},"content":{"rendered":"<p><strong>Wenn man durch Niederschlesien wandert, st\u00f6\u00dft man oft auf Steinkreuze, die einsam auf Feldern oder am Wegesrand stehen. Wenn sie sprechen k\u00f6nnten, k\u00f6nnte uns jeder seine eigene Geschichte erz\u00e4hlen. Und oft w\u00e4ren es Geschichten voller Blut, Schmerz, Wut, Traurigkeit, Mord und Reue.<\/strong><\/p>\n<p>&nbsp;<\/p>\n<p>Das mittelalterliche Recht war hart und unbarmherzig gegen\u00fcber Verbrechern. Selbst kleinere Vergehen wurden oft mit dem Tod bestraft. Geschweige wenn jemand eine so schreckliche Tat wie einen Mord begangen hat. Aber es gab M\u00f6glichkeiten, auch in einer solchen Situation zu \u00fcberleben. Wenn die Familie des Verstorbenen einsichtig war, konnte eine Schlichtung geschlossen werden, bei dem der T\u00e4ter der Hinrichtung entging, sofern bestimmte Bedingungen erf\u00fcllt waren, darunter die Zahlung des so genannten &#8222;Wergelds&#8220;, einer Geldsumme f\u00fcr den Kopf des Opfers. Die H\u00f6he des &#8222;Wergelds&#8220; richtete sich nach dem sozialen Status des Opfers, so dass f\u00fcr die Ermordung eines Bauern weniger gezahlt werden musste als die Ermordung eines Adligen.<\/p>\n<p>Der T\u00e4ter war in der Regel auch verpflichtet, einen bestimmten Betrag an die Kirche zu spenden und die Beerdigungskosten zu \u00fcbernehmen. Au\u00dferdem musste er eine bestimmte Anzahl von Messen f\u00fcr die Seele des Verstorbenen zelebrieren lassen und eine Bu\u00dfwallfahrt, meist nach Rom oder Jerusalem, unternehmen. Die letzte Bedingung war die Finanzierung der Errichtung eines S\u00fchnekreuzes an dem Ort, an dem die Tat begangen wurde.<\/p>\n<p>&nbsp;<\/p>\n<p><img loading=\"lazy\" class=\"aligncenter size-full wp-image-10166\" src=\"https:\/\/svetkamene.eu\/wp-content\/uploads\/2020\/07\/krzy2-1.jpg\" alt=\"\" width=\"640\" height=\"1150\" srcset=\"https:\/\/svetkamene.eu\/wp-content\/uploads\/2020\/07\/krzy2-1.jpg 640w, https:\/\/svetkamene.eu\/wp-content\/uploads\/2020\/07\/krzy2-1-167x300.jpg 167w, https:\/\/svetkamene.eu\/wp-content\/uploads\/2020\/07\/krzy2-1-570x1024.jpg 570w\" sizes=\"(max-width: 640px) 100vw, 640px\" \/><\/p>\n<p>&nbsp;<\/p>\n<p>Der Brauch, diese Art von Steindenkm\u00e4lern zu errichten, kam um das 13. Jahrhundert aus dem Westen und hielt sich bis zum Beginn des 19. Jahrhunderts. Abgesehen von der offensichtlichen Verbindung mit der Ideologie des christlichen Glaubens wurde die Praxis weitgehend von praktischen Erw\u00e4gungen diktiert. Der Abschluss eines Abkommens zwischen den Familien des T\u00e4ters und des Opfers sollte beispielsweise weiteres Blutvergie\u00dfen im Zusammenhang mit Blutrache verhindern. Auch die Umst\u00e4nde und die Art und Weise, wie der Mord geschah, spielten eine Rolle. Am h\u00e4ufigsten wurden Einigungen in F\u00e4llen erzielt, in denen der Mord als Folge eines pl\u00f6tzlichen Streits oder eines Wutausbruchs geschah. Auch der soziale Status des T\u00e4ters spielte eine wichtige Rolle. Im Mittelalter hatte ein Adliger weitaus mehr Rechte und Privilegien als beispielsweise ein einfacher Bauer, der in der Regel nicht in der Lage war, alle mit einem Schlichtungsverfahren verbundenen Kosten zu tragen.<\/p>\n<p>Bis heute blieben etwa 600 S\u00fchnekreuze in Polen erhalten, von denen sich zwei Drittel in Niederschlesien befinden. Sie wurden in der Regel aus Granit, Sandstein oder Basalt gefertigt. Deren Bau wurde von erfahrenen Steinmetzen ausgef\u00fchrt, und der T\u00e4ter musste f\u00fcr ihre Arbeit bezahlen. Auf den Kreuzen sind oft Werkzeuge abgebildet, die Mordwaffen darstellen. Die g\u00e4ngigsten waren Schwerter, \u00c4xte, Armbr\u00fcste und Messer. Es gibt aber auch einen Kelch (Gift), eine Schaufel und sogar ein Schafschermesser, was einige Wissenschaftler zu der Annahme veranlasst, dass es sich dabei nicht um die Darstellung von Mordwaffen handelt, sondern um Symbole, die auf den Beruf des Opfers hinweisen.<\/p>\n<p>Oft tragen die Kreuze auch Inschriften, die \u00fcber die Umst\u00e4nde ihrer Errichtung informieren. In der Stadt Lewin Brzeski befindet sich am Ufer der Nei\u00dfe in der N\u00e4he des Friedhofs ein Kreuz mit folgender Inschrift: &#8222;Am 15. April 1617 wurde Georg Friedrich Brandtner, ein junger Mann von zwanzigeinhalb Jahren, an dieser Stelle ohne Grund von einem M\u00f6rder namens Georg &#8230; geboren in Sachsen, get\u00f6tet&#8220;. Es ist nicht bekannt, warum der Name des T\u00e4ters von der Steininschrift getilgt wurde. Es ist jedoch sehr wahrscheinlich, dass der T\u00e4ter dies selbst getan hat.<\/p>\n<p>&nbsp;<\/p>\n<p><img loading=\"lazy\" class=\"aligncenter size-full wp-image-10167\" src=\"https:\/\/svetkamene.eu\/wp-content\/uploads\/2020\/07\/krzy3-1.jpg\" alt=\"\" width=\"640\" height=\"885\" srcset=\"https:\/\/svetkamene.eu\/wp-content\/uploads\/2020\/07\/krzy3-1.jpg 640w, https:\/\/svetkamene.eu\/wp-content\/uploads\/2020\/07\/krzy3-1-217x300.jpg 217w\" sizes=\"(max-width: 640px) 100vw, 640px\" \/><\/p>\n<p>&nbsp;<\/p>\n<p>Eines der ber\u00fchmtesten S\u00fchnekreuze in Polen steht in Stargard. Er erreicht eine H\u00f6he von fast 3 Metern und wiegt etwa 2 Tonnen. Es ist das gr\u00f6\u00dfte Denkmal seiner Art in Europa und das zweitgr\u00f6\u00dfte der Welt. Das Kreuz wurde in der Mitte des sechzehnten Jahrhunderts aus Gotland-Kalkstein in einer \u00f6rtlichen Werkstatt hergestellt. Das Kreuz tr\u00e4gt auch eine Inschrift, die unter dem Bild des gekreuzigten Christus angebracht ist. Es ist auf&nbsp;Niederdeutsch geschrieben und seine \u00dcbersetzung lautet: &#8222;Gott sei Hans Billeke gn\u00e4dig, 1542&#8220;. Auf der R\u00fcckseite des Kreuzes befindet sich eine weitere Inschrift: &#8222;1542 wurde Hans Billeke von Lorentz Madeira, dem Sohn der Schwester seiner Mutter, mit einer Eisenstange erschlagen.&#8220; Es gibt auch eine alternative \u00dcbersetzung, nach der Hans ein M\u00f6rder gewesen sein soll, der sich an dem M\u00f6rder seines Neffen r\u00e4chte.<\/p>\n<p>Um die S\u00fchnekreuze ranken sich viele Geschichten und Legenden. Um sie besser kennen zu lernen, packt man am besten einen Rucksack und macht sich auf die Suche nach diesen Sehensw\u00fcrdigkeiten. Im Internet verf\u00fcgbare Karten k\u00f6nnen n\u00fctzlich sein, zum Beispiel die Karten, die von Nutzern des Portals geocaching.pl f\u00fcr das Projekt &#8222;Auf den Spuren der S\u00fchnekreuze&#8220; erstellt wurden. Es lohnt sich, sich zu beeilen, denn der Zustand vieler von ihnen verschlechtert sich von Jahr zu Jahr &#8211; auch durch die zerst\u00f6rerischen Eingriffe des Menschen.<\/p>\n<p>&nbsp;<\/p>\n<p><img loading=\"lazy\" class=\"aligncenter size-full wp-image-10168\" src=\"https:\/\/svetkamene.eu\/wp-content\/uploads\/2020\/07\/krzy4-1.jpg\" alt=\"\" width=\"640\" height=\"494\" srcset=\"https:\/\/svetkamene.eu\/wp-content\/uploads\/2020\/07\/krzy4-1.jpg 640w, https:\/\/svetkamene.eu\/wp-content\/uploads\/2020\/07\/krzy4-1-300x232.jpg 300w\" sizes=\"(max-width: 640px) 100vw, 640px\" \/><\/p>\n<p>&nbsp;<\/p>\n<p>&nbsp;<\/p>\n<p>Quelle: <a href=\"https:\/\/www.kurierkamieniarski.pl\/artykuly\/o-kamieniu\/690-krzye-pokutne.html\">Kurier kamieniarski<\/a><\/p>\n<p>Autor: Jakub Zda\u0144kowski \u00a0 |\u00a0\u00a0\u00a0Publiziert: 07.&nbsp;03.&nbsp;2017<\/p>\n","protected":false},"excerpt":{"rendered":"<p>Wenn man durch Niederschlesien wandert, st\u00f6\u00dft man oft auf Steinkreuze, die einsam auf Feldern oder&#8230;<\/p>\n","protected":false},"author":38,"featured_media":2652,"comment_status":"closed","ping_status":"closed","sticky":false,"template":"","format":"standard","meta":{"ngg_post_thumbnail":0},"categories":[386],"tags":[],"yoast_head":"<!-- This site is optimized with the Yoast SEO plugin v19.1 - https:\/\/yoast.com\/wordpress\/plugins\/seo\/ -->\n<title>S\u00dcHNEKREUZE - Sv\u011bt Kamene<\/title>\n<meta name=\"description\" content=\"P\u0159i proch\u00e1zce Doln\u00edm Slezskem m\u016f\u017eeme \u010dasto narazit na kamenn\u00e9 k\u0159\u00ed\u017ee stoj\u00edc\u00ed samostatn\u011b na pol\u00edch nebo po stran\u00e1ch cest.\" \/>\n<meta name=\"robots\" content=\"index, follow, max-snippet:-1, max-image-preview:large, max-video-preview:-1\" \/>\n<link rel=\"canonical\" href=\"https:\/\/svetkamene.eu\/index.php\/de\/2020\/07\/11\/suehnekreuze\/\" \/>\n<meta property=\"og:locale\" content=\"cs_CZ\" \/>\n<meta property=\"og:type\" content=\"article\" \/>\n<meta property=\"og:title\" content=\"S\u00dcHNEKREUZE - Sv\u011bt Kamene\" \/>\n<meta property=\"og:description\" content=\"P\u0159i proch\u00e1zce Doln\u00edm Slezskem m\u016f\u017eeme \u010dasto narazit na kamenn\u00e9 k\u0159\u00ed\u017ee stoj\u00edc\u00ed samostatn\u011b na pol\u00edch nebo po stran\u00e1ch cest.\" \/>\n<meta property=\"og:url\" content=\"https:\/\/svetkamene.eu\/index.php\/de\/2020\/07\/11\/suehnekreuze\/\" \/>\n<meta property=\"og:site_name\" content=\"Sv\u011bt Kamene\" \/>\n<meta property=\"article:published_time\" content=\"2020-07-11T13:00:00+00:00\" \/>\n<meta property=\"article:modified_time\" content=\"2022-06-26T16:24:35+00:00\" \/>\n<meta property=\"og:image\" content=\"https:\/\/svetkamene.eu\/wp-content\/uploads\/2021\/01\/krzy1.jpg\" \/>\n\t<meta property=\"og:image:width\" content=\"640\" \/>\n\t<meta property=\"og:image:height\" content=\"401\" \/>\n\t<meta property=\"og:image:type\" content=\"image\/jpeg\" \/>\n<meta name=\"twitter:card\" content=\"summary_large_image\" \/>\n<meta name=\"twitter:label1\" content=\"Napsal(a)\" \/>\n\t<meta name=\"twitter:data1\" content=\"Angelina Onishchuk\" \/>\n\t<meta name=\"twitter:label2\" content=\"Odhadovan\u00e1 doba \u010dten\u00ed\" \/>\n\t<meta name=\"twitter:data2\" content=\"4 minuty\" \/>\n<script type=\"application\/ld+json\" class=\"yoast-schema-graph\">{\"@context\":\"https:\/\/schema.org\",\"@graph\":[{\"@type\":\"WebSite\",\"@id\":\"https:\/\/svetkamene.eu\/#website\",\"url\":\"https:\/\/svetkamene.eu\/\",\"name\":\"Sv\u011bt Kamene\",\"description\":\"Port\u00e1l informuj\u00edc\u00ed o v\u0161em co souvis\u00ed s kamenem\",\"potentialAction\":[{\"@type\":\"SearchAction\",\"target\":{\"@type\":\"EntryPoint\",\"urlTemplate\":\"https:\/\/svetkamene.eu\/?s={search_term_string}\"},\"query-input\":\"required name=search_term_string\"}],\"inLanguage\":\"cs\"},{\"@type\":\"ImageObject\",\"inLanguage\":\"cs\",\"@id\":\"https:\/\/svetkamene.eu\/index.php\/de\/2020\/07\/11\/suehnekreuze\/#primaryimage\",\"url\":\"https:\/\/svetkamene.eu\/wp-content\/uploads\/2021\/01\/krzy1.jpg\",\"contentUrl\":\"https:\/\/svetkamene.eu\/wp-content\/uploads\/2021\/01\/krzy1.jpg\",\"width\":640,\"height\":401},{\"@type\":\"WebPage\",\"@id\":\"https:\/\/svetkamene.eu\/index.php\/de\/2020\/07\/11\/suehnekreuze\/#webpage\",\"url\":\"https:\/\/svetkamene.eu\/index.php\/de\/2020\/07\/11\/suehnekreuze\/\",\"name\":\"S\u00dcHNEKREUZE - Sv\u011bt Kamene\",\"isPartOf\":{\"@id\":\"https:\/\/svetkamene.eu\/#website\"},\"primaryImageOfPage\":{\"@id\":\"https:\/\/svetkamene.eu\/index.php\/de\/2020\/07\/11\/suehnekreuze\/#primaryimage\"},\"datePublished\":\"2020-07-11T13:00:00+00:00\",\"dateModified\":\"2022-06-26T16:24:35+00:00\",\"author\":{\"@id\":\"https:\/\/svetkamene.eu\/#\/schema\/person\/463c656516d9b11741af0dbd52ecc969\"},\"description\":\"P\u0159i proch\u00e1zce Doln\u00edm Slezskem m\u016f\u017eeme \u010dasto narazit na kamenn\u00e9 k\u0159\u00ed\u017ee stoj\u00edc\u00ed samostatn\u011b na pol\u00edch nebo po stran\u00e1ch cest.\",\"breadcrumb\":{\"@id\":\"https:\/\/svetkamene.eu\/index.php\/de\/2020\/07\/11\/suehnekreuze\/#breadcrumb\"},\"inLanguage\":\"cs\",\"potentialAction\":[{\"@type\":\"ReadAction\",\"target\":[\"https:\/\/svetkamene.eu\/index.php\/de\/2020\/07\/11\/suehnekreuze\/\"]}]},{\"@type\":\"BreadcrumbList\",\"@id\":\"https:\/\/svetkamene.eu\/index.php\/de\/2020\/07\/11\/suehnekreuze\/#breadcrumb\",\"itemListElement\":[{\"@type\":\"ListItem\",\"position\":1,\"name\":\"Dom\u016f\",\"item\":\"https:\/\/svetkamene.eu\/\"},{\"@type\":\"ListItem\",\"position\":2,\"name\":\"S\u00dcHNEKREUZE\"}]},{\"@type\":\"Person\",\"@id\":\"https:\/\/svetkamene.eu\/#\/schema\/person\/463c656516d9b11741af0dbd52ecc969\",\"name\":\"Angelina Onishchuk\",\"image\":{\"@type\":\"ImageObject\",\"inLanguage\":\"cs\",\"@id\":\"https:\/\/svetkamene.eu\/#\/schema\/person\/image\/\",\"url\":\"https:\/\/secure.gravatar.com\/avatar\/3db6b23aabcbb0a0874dca9d74266a9f?s=96&d=mm&r=g\",\"contentUrl\":\"https:\/\/secure.gravatar.com\/avatar\/3db6b23aabcbb0a0874dca9d74266a9f?s=96&d=mm&r=g\",\"caption\":\"Angelina Onishchuk\"},\"url\":\"https:\/\/svetkamene.eu\/index.php\/author\/angelina-onishchuk27gmail-com\/\"}]}<\/script>\n<!-- \/ Yoast SEO plugin. -->","yoast_head_json":{"title":"S\u00dcHNEKREUZE - Sv\u011bt Kamene","description":"P\u0159i proch\u00e1zce Doln\u00edm Slezskem m\u016f\u017eeme \u010dasto narazit na kamenn\u00e9 k\u0159\u00ed\u017ee stoj\u00edc\u00ed samostatn\u011b na pol\u00edch nebo po stran\u00e1ch cest.","robots":{"index":"index","follow":"follow","max-snippet":"max-snippet:-1","max-image-preview":"max-image-preview:large","max-video-preview":"max-video-preview:-1"},"canonical":"https:\/\/svetkamene.eu\/index.php\/de\/2020\/07\/11\/suehnekreuze\/","og_locale":"cs_CZ","og_type":"article","og_title":"S\u00dcHNEKREUZE - Sv\u011bt Kamene","og_description":"P\u0159i proch\u00e1zce Doln\u00edm Slezskem m\u016f\u017eeme \u010dasto narazit na kamenn\u00e9 k\u0159\u00ed\u017ee stoj\u00edc\u00ed samostatn\u011b na pol\u00edch nebo po stran\u00e1ch cest.","og_url":"https:\/\/svetkamene.eu\/index.php\/de\/2020\/07\/11\/suehnekreuze\/","og_site_name":"Sv\u011bt Kamene","article_published_time":"2020-07-11T13:00:00+00:00","article_modified_time":"2022-06-26T16:24:35+00:00","og_image":[{"width":640,"height":401,"url":"https:\/\/svetkamene.eu\/wp-content\/uploads\/2021\/01\/krzy1.jpg","type":"image\/jpeg"}],"twitter_card":"summary_large_image","twitter_misc":{"Napsal(a)":"Angelina Onishchuk","Odhadovan\u00e1 doba \u010dten\u00ed":"4 minuty"},"schema":{"@context":"https:\/\/schema.org","@graph":[{"@type":"WebSite","@id":"https:\/\/svetkamene.eu\/#website","url":"https:\/\/svetkamene.eu\/","name":"Sv\u011bt Kamene","description":"Port\u00e1l informuj\u00edc\u00ed o v\u0161em co souvis\u00ed s kamenem","potentialAction":[{"@type":"SearchAction","target":{"@type":"EntryPoint","urlTemplate":"https:\/\/svetkamene.eu\/?s={search_term_string}"},"query-input":"required name=search_term_string"}],"inLanguage":"cs"},{"@type":"ImageObject","inLanguage":"cs","@id":"https:\/\/svetkamene.eu\/index.php\/de\/2020\/07\/11\/suehnekreuze\/#primaryimage","url":"https:\/\/svetkamene.eu\/wp-content\/uploads\/2021\/01\/krzy1.jpg","contentUrl":"https:\/\/svetkamene.eu\/wp-content\/uploads\/2021\/01\/krzy1.jpg","width":640,"height":401},{"@type":"WebPage","@id":"https:\/\/svetkamene.eu\/index.php\/de\/2020\/07\/11\/suehnekreuze\/#webpage","url":"https:\/\/svetkamene.eu\/index.php\/de\/2020\/07\/11\/suehnekreuze\/","name":"S\u00dcHNEKREUZE - Sv\u011bt Kamene","isPartOf":{"@id":"https:\/\/svetkamene.eu\/#website"},"primaryImageOfPage":{"@id":"https:\/\/svetkamene.eu\/index.php\/de\/2020\/07\/11\/suehnekreuze\/#primaryimage"},"datePublished":"2020-07-11T13:00:00+00:00","dateModified":"2022-06-26T16:24:35+00:00","author":{"@id":"https:\/\/svetkamene.eu\/#\/schema\/person\/463c656516d9b11741af0dbd52ecc969"},"description":"P\u0159i proch\u00e1zce Doln\u00edm Slezskem m\u016f\u017eeme \u010dasto narazit na kamenn\u00e9 k\u0159\u00ed\u017ee stoj\u00edc\u00ed samostatn\u011b na pol\u00edch nebo po stran\u00e1ch cest.","breadcrumb":{"@id":"https:\/\/svetkamene.eu\/index.php\/de\/2020\/07\/11\/suehnekreuze\/#breadcrumb"},"inLanguage":"cs","potentialAction":[{"@type":"ReadAction","target":["https:\/\/svetkamene.eu\/index.php\/de\/2020\/07\/11\/suehnekreuze\/"]}]},{"@type":"BreadcrumbList","@id":"https:\/\/svetkamene.eu\/index.php\/de\/2020\/07\/11\/suehnekreuze\/#breadcrumb","itemListElement":[{"@type":"ListItem","position":1,"name":"Dom\u016f","item":"https:\/\/svetkamene.eu\/"},{"@type":"ListItem","position":2,"name":"S\u00dcHNEKREUZE"}]},{"@type":"Person","@id":"https:\/\/svetkamene.eu\/#\/schema\/person\/463c656516d9b11741af0dbd52ecc969","name":"Angelina Onishchuk","image":{"@type":"ImageObject","inLanguage":"cs","@id":"https:\/\/svetkamene.eu\/#\/schema\/person\/image\/","url":"https:\/\/secure.gravatar.com\/avatar\/3db6b23aabcbb0a0874dca9d74266a9f?s=96&d=mm&r=g","contentUrl":"https:\/\/secure.gravatar.com\/avatar\/3db6b23aabcbb0a0874dca9d74266a9f?s=96&d=mm&r=g","caption":"Angelina Onishchuk"},"url":"https:\/\/svetkamene.eu\/index.php\/author\/angelina-onishchuk27gmail-com\/"}]}},"_links":{"self":[{"href":"https:\/\/svetkamene.eu\/index.php\/wp-json\/wp\/v2\/posts\/10160"}],"collection":[{"href":"https:\/\/svetkamene.eu\/index.php\/wp-json\/wp\/v2\/posts"}],"about":[{"href":"https:\/\/svetkamene.eu\/index.php\/wp-json\/wp\/v2\/types\/post"}],"author":[{"embeddable":true,"href":"https:\/\/svetkamene.eu\/index.php\/wp-json\/wp\/v2\/users\/38"}],"replies":[{"embeddable":true,"href":"https:\/\/svetkamene.eu\/index.php\/wp-json\/wp\/v2\/comments?post=10160"}],"version-history":[{"count":1,"href":"https:\/\/svetkamene.eu\/index.php\/wp-json\/wp\/v2\/posts\/10160\/revisions"}],"predecessor-version":[{"id":10170,"href":"https:\/\/svetkamene.eu\/index.php\/wp-json\/wp\/v2\/posts\/10160\/revisions\/10170"}],"wp:featuredmedia":[{"embeddable":true,"href":"https:\/\/svetkamene.eu\/index.php\/wp-json\/wp\/v2\/media\/2652"}],"wp:attachment":[{"href":"https:\/\/svetkamene.eu\/index.php\/wp-json\/wp\/v2\/media?parent=10160"}],"wp:term":[{"taxonomy":"category","embeddable":true,"href":"https:\/\/svetkamene.eu\/index.php\/wp-json\/wp\/v2\/categories?post=10160"},{"taxonomy":"post_tag","embeddable":true,"href":"https:\/\/svetkamene.eu\/index.php\/wp-json\/wp\/v2\/tags?post=10160"}],"curies":[{"name":"wp","href":"https:\/\/api.w.org\/{rel}","templated":true}]}}